{"id":5313,"date":"2024-12-16T07:00:00","date_gmt":"2024-12-16T06:00:00","guid":{"rendered":"https:\/\/invest-in-niederrhein.de\/?p=5313"},"modified":"2024-12-13T08:53:55","modified_gmt":"2024-12-13T07:53:55","slug":"rathaus-neubau-in-rheydt-ist-beschlossene-sache","status":"publish","type":"post","link":"https:\/\/standort-niederrhein.de\/en\/2024\/12\/16\/rathaus-neubau-in-rheydt-ist-beschlossene-sache\/","title":{"rendered":"Rathaus-Neubau in Rheydt ist beschlossene Sache"},"content":{"rendered":"\n<p>M\u00f6nchengladbach. Die Politik hat gr\u00fcnes Licht f\u00fcr einen modernen Verwaltungsneubau rund um das Rheydter Rathaus gegeben. In seiner Sitzung hat der Rat der Stadt M\u00f6nchengladbach nun den Bau- und Investitionsbeschluss f\u00fcr den Bauteil A des Projekts &#8220;Neues Verwaltungsgeb\u00e4ude Rheydt&#8221; gefasst. Das Baufeld erstreckt sich zwischen Marktplatz und Stresemannstra\u00dfe sowie zwischen Limitenstra\u00dfe und der Gasse &#8220;Am Neumarkt&#8221;. Lediglich die Geb\u00e4ude an der Ecke Limiten-\/Stresemannstra\u00dfe sind nicht im st\u00e4dtischen Eigentum und daher bei den Planungen au\u00dfen vor. Der moderne und nachhaltig konzipierte Verwaltungsneubau f\u00fcr bis zu 850 Verwaltungsmitarbeitende schlie\u00dft die Baudenkm\u00e4ler, das historische Rathaus und das K\u00f6niglich preu\u00dfische Bezirkskommando an der Limitenstra\u00dfe, mit ein.<\/p>\n\n\n\n<p>Ein wesentliches Element der Planung ist die lichtdurchflutete B\u00fcrgerhalle, in der sich Verwaltungsmitarbeitende in Beratungsboxen zu Kundenterminen mit B\u00fcrgerinnen und B\u00fcrgern treffen und weitere Serviceleistungen der Stadtverwaltung in Anspruch nehmen k\u00f6nnen. Den Eingangsbereich zum Neuen Verwaltungsgeb\u00e4ude Rheydt und dieser zweigeschossigen B\u00fcrgerhalle wird ein gl\u00e4serner Geb\u00e4udebaustein zwischen den beiden Denkm\u00e4lern bilden. Neben den modernen Arbeitswelten f\u00fcr die Besch\u00e4ftigten ist eine zweigruppige KiTa Bestandteil der Planung.<\/p>\n\n\n\n<p>F\u00fcr Bauteil A sind Kosten in H\u00f6he von 119 Mio. veranschlagt. Erste Abrissarbeiten k\u00f6nnten Mitte 2025 starten. Bleibt das Projekt ohne unvorhergesehene Verz\u00f6gerungen, k\u00f6nnte das Neue Verwaltungsgeb\u00e4ude Rheydt Anfang 2029 fertig werden.<\/p>\n\n\n\n<p>Weitere Informationen zum Bauteil A, zum Planungsstand f\u00fcr das benachbarte Bauteil B im ehemaligen Karstadt-Geb\u00e4ude sowie zu weiteren Standorten im Raumkonzept der Verwaltung finden Sie in unserer Pressemitteilung vom 15. November 2024. Diese und weitere Informationen zum Rathaus-Neubau gibt es <a href=\"https:\/\/stadt.mg\/neues-rathaus\">online<\/a>.<\/p>\n\n\n\n<p>Quelle: <a href=\"http:\/\/www.moenchengladbach.de\">Stadt M\u00f6nchengladbach<\/a><\/p>\n\n\n<figure class=\"wp-block-post-featured-image\"><img loading=\"lazy\" decoding=\"async\" width=\"2560\" height=\"1449\" src=\"https:\/\/standort-niederrhein.de\/wp-content\/uploads\/2024\/12\/289170P-scaled.jpg\" class=\"attachment-post-thumbnail size-post-thumbnail wp-post-image\" alt=\"\" style=\"object-fit:cover;\" srcset=\"https:\/\/standort-niederrhein.de\/wp-content\/uploads\/2024\/12\/289170P-scaled.jpg 2560w, https:\/\/standort-niederrhein.de\/wp-content\/uploads\/2024\/12\/289170P-1280x725.jpg 1280w, https:\/\/standort-niederrhein.de\/wp-content\/uploads\/2024\/12\/289170P-980x555.jpg 980w, https:\/\/standort-niederrhein.de\/wp-content\/uploads\/2024\/12\/289170P-480x272.jpg 480w\" sizes=\"(min-width: 0px) and (max-width: 480px) 480px, (min-width: 481px) and (max-width: 980px) 980px, (min-width: 981px) and (max-width: 1280px) 1280px, (min-width: 1281px) 2560px, 100vw\" \/><\/figure>\n\n\n<p>F\u00fcr den Bauteil A des Neuen Verwaltungsgeb\u00e4udes Rheydt k\u00f6nnte der Rat im Dezember der Bau- und Investitionsbeschluss fassen. Erste Bauarbeiten w\u00e4ren dann Mitte 2025 m\u00f6glich. | \u00a9 sop-Architekten; Visualisierung: moka studio<\/p>\n","protected":false},"excerpt":{"rendered":"<p>M\u00f6nchengladbach. Die Politik hat gr\u00fcnes Licht f\u00fcr einen modernen Verwaltungsneubau rund um das Rheydter Rathaus gegeben. In seiner Sitzung hat der Rat der Stadt M\u00f6nchengladbach nun den Bau- und Investitionsbeschluss f\u00fcr den Bauteil A des Projekts &#8220;Neues Verwaltungsgeb\u00e4ude Rheydt&#8221; gefasst. Das Baufeld erstreckt sich zwischen Marktplatz und Stresemannstra\u00dfe sowie zwischen Limitenstra\u00dfe und der Gasse &#8220;Am [&hellip;]<\/p>\n","protected":false},"author":3,"featured_media":5314,"comment_status":"closed","ping_status":"closed","sticky":false,"template":"","format":"standard","meta":{"_et_pb_use_builder":"","_et_pb_old_content":"","_et_gb_content_width":"","footnotes":""},"categories":[1],"tags":[],"class_list":["post-5313","post","type-post","status-publish","format-standard","has-post-thumbnail","hentry","category-allgemein"],"_links":{"self":[{"href":"https:\/\/standort-niederrhein.de\/en\/wp-json\/wp\/v2\/posts\/5313","targetHints":{"allow":["GET"]}}],"collection":[{"href":"https:\/\/standort-niederrhein.de\/en\/wp-json\/wp\/v2\/posts"}],"about":[{"href":"https:\/\/standort-niederrhein.de\/en\/wp-json\/wp\/v2\/types\/post"}],"author":[{"embeddable":true,"href":"https:\/\/standort-niederrhein.de\/en\/wp-json\/wp\/v2\/users\/3"}],"replies":[{"embeddable":true,"href":"https:\/\/standort-niederrhein.de\/en\/wp-json\/wp\/v2\/comments?post=5313"}],"version-history":[{"count":1,"href":"https:\/\/standort-niederrhein.de\/en\/wp-json\/wp\/v2\/posts\/5313\/revisions"}],"predecessor-version":[{"id":5315,"href":"https:\/\/standort-niederrhein.de\/en\/wp-json\/wp\/v2\/posts\/5313\/revisions\/5315"}],"wp:featuredmedia":[{"embeddable":true,"href":"https:\/\/standort-niederrhein.de\/en\/wp-json\/wp\/v2\/media\/5314"}],"wp:attachment":[{"href":"https:\/\/standort-niederrhein.de\/en\/wp-json\/wp\/v2\/media?parent=5313"}],"wp:term":[{"taxonomy":"category","embeddable":true,"href":"https:\/\/standort-niederrhein.de\/en\/wp-json\/wp\/v2\/categories?post=5313"},{"taxonomy":"post_tag","embeddable":true,"href":"https:\/\/standort-niederrhein.de\/en\/wp-json\/wp\/v2\/tags?post=5313"}],"curies":[{"name":"wp","href":"https:\/\/api.w.org\/{rel}","templated":true}]}}