{"id":5310,"date":"2024-12-18T06:00:00","date_gmt":"2024-12-18T05:00:00","guid":{"rendered":"https:\/\/invest-in-niederrhein.de\/?p=5310"},"modified":"2024-12-13T08:41:32","modified_gmt":"2024-12-13T07:41:32","slug":"abschlussveranstaltung-zum-projekt-betriebliches-mobilitaetsmanagement-fuer-unternehmen-im-kreis-viersen","status":"publish","type":"post","link":"https:\/\/standort-niederrhein.de\/en\/2024\/12\/18\/abschlussveranstaltung-zum-projekt-betriebliches-mobilitaetsmanagement-fuer-unternehmen-im-kreis-viersen\/","title":{"rendered":"Abschlussveranstaltung zum Projekt \"Betriebliches Mobilit\u00e4tsmanagement f\u00fcr Unternehmen im Kreis Viersen\""},"content":{"rendered":"\n<p><strong>Kreis Viersen. <\/strong>Der Kreis Viersen hat den offiziellen Abschluss des Projekts &#8220;Beratungsangebot Betriebliches Mobilit\u00e4tsmanagement f\u00fcr Unternehmen im Kreis Viersen&#8221; gefeiert. Von 14 bis 17 Uhr haben rund 35 Teilnehmende auf die erfolgreiche Projektarbeit zur\u00fcckgeblickt, die von September 2023 bis Dezember 2024 durchgef\u00fchrt worden ist. Das Projekt ist nun offiziell abgeschlossen. Die Unternehmen, die an dem Programm teilgenommen haben, sind mit einer Urkunde f\u00fcr ihr Engagement geehrt worden.<\/p>\n\n\n\n<p>Das Projekt hat zum Ziel, Unternehmen im Kreis Viersen bei der Entwicklung von nachhaltigen Mobilit\u00e4tsl\u00f6sungen f\u00fcr ihre Mitarbeitenden zu unterst\u00fctzen. Durch individuelle Beratungen sind passgenaue Konzepte f\u00fcr betriebliches Mobilit\u00e4tsmanagement entwickelt worden, die als Grundlage f\u00fcr die zuk\u00fcnftige Entwicklung dienen und den Unternehmen helfen, ihre Mitarbeiterinnen und Mitarbeitern f\u00fcr umweltfreundliche und effiziente Arbeitswege zu gewinnen.<\/p>\n\n\n\n<p>Rainer R\u00f6der, Dezernent f\u00fcr Planen, Bauen und Umwelt, hat die Bedeutung des Projekts f\u00fcr die nachhaltige Entwicklung der Region betont: &#8220;Das betriebliche Mobilit\u00e4tsmanagement ist ein zentrales Element auf dem Weg zu einer klimafreundlicheren und ressourcenschonenderen Zukunft. Indem wir Unternehmen und ihren Mitarbeitenden bei der Entwicklung und Nutzung alternativer Mobilit\u00e4tsangebote unterst\u00fctzen, leisten wir einen wichtigen Beitrag zur Verkehrswende und damit zum Umwelt- und Klimaschutz.&#8221;<\/p>\n\n\n\n<p>Im Anschluss an die \u00dcbergabe der Urkunden hat ein Empfang stattgefunden, bei dem die teilnehmenden Unternehmen mit wichtigen Institutionen aus dem Bereich der nachhaltigen Mobilit\u00e4t in einen intensiven Austausch getreten sind. Linus Steinbach, Projektkoordinator und Mitglied der Abteilung Kreisentwicklung des Kreises Viersen, hat eine positive Bilanz gezogen: &#8220;Das Netzwerk, das im Rahmen dieses Projekts entstanden ist, bietet den Unternehmen wertvolle Impulse f\u00fcr ihre zuk\u00fcnftige Arbeit. Die Vernetzung mit anderen Akteuren im Bereich der Mobilit\u00e4t wird den Unternehmen helfen, weiterhin innovative L\u00f6sungen zu finden. Wir versprechen uns von dem Netzwerk, dass weitere Unternehmen Ma\u00dfnahmen entwickeln und auch gemeinsame L\u00f6sungen mehrere benachbarter Unternehmen, wie in einem Gewerbegebiet, entstehen.&#8221; Im Rahmen des Projekts sind insgesamt acht Unternehmen aus dem Kreis Viersen beraten und mit individuellen Konzepten ausgestattet worden, die nun als Leitbild f\u00fcr die zuk\u00fcnftige Mobilit\u00e4t ihrer Mitarbeitenden dienen werden.<\/p>\n\n\n\n<p>Quelle: <a href=\"http:\/\/www.kreis-viersen.de\">Kreis Viersen<\/a><\/p>\n\n\n<figure class=\"wp-block-post-featured-image\"><img loading=\"lazy\" decoding=\"async\" width=\"2362\" height=\"1424\" src=\"https:\/\/standort-niederrhein.de\/wp-content\/uploads\/2024\/12\/290897P.jpg\" class=\"attachment-post-thumbnail size-post-thumbnail wp-post-image\" alt=\"\" style=\"object-fit:cover;\" srcset=\"https:\/\/standort-niederrhein.de\/wp-content\/uploads\/2024\/12\/290897P.jpg 2362w, https:\/\/standort-niederrhein.de\/wp-content\/uploads\/2024\/12\/290897P-1280x772.jpg 1280w, https:\/\/standort-niederrhein.de\/wp-content\/uploads\/2024\/12\/290897P-980x591.jpg 980w, https:\/\/standort-niederrhein.de\/wp-content\/uploads\/2024\/12\/290897P-480x289.jpg 480w\" sizes=\"(min-width: 0px) and (max-width: 480px) 480px, (min-width: 481px) and (max-width: 980px) 980px, (min-width: 981px) and (max-width: 1280px) 1280px, (min-width: 1281px) 2362px, 100vw\" \/><\/figure>\n\n\n<p>Bei der Abschlussveranstaltung des Projektes wurden die teilnehmenden Unternehmen mit einer Urkunde f\u00fcr ihr Engagement geehrt. | Foto: Kreis Viersen<\/p>\n","protected":false},"excerpt":{"rendered":"<p>Kreis Viersen. Der Kreis Viersen hat den offiziellen Abschluss des Projekts &#8220;Beratungsangebot Betriebliches Mobilit\u00e4tsmanagement f\u00fcr Unternehmen im Kreis Viersen&#8221; gefeiert. Von 14 bis 17 Uhr haben rund 35 Teilnehmende auf die erfolgreiche Projektarbeit zur\u00fcckgeblickt, die von September 2023 bis Dezember 2024 durchgef\u00fchrt worden ist. Das Projekt ist nun offiziell abgeschlossen. Die Unternehmen, die an dem [&hellip;]<\/p>\n","protected":false},"author":3,"featured_media":5311,"comment_status":"closed","ping_status":"closed","sticky":false,"template":"","format":"standard","meta":{"_et_pb_use_builder":"","_et_pb_old_content":"","_et_gb_content_width":"","footnotes":""},"categories":[1],"tags":[],"class_list":["post-5310","post","type-post","status-publish","format-standard","has-post-thumbnail","hentry","category-allgemein"],"_links":{"self":[{"href":"https:\/\/standort-niederrhein.de\/en\/wp-json\/wp\/v2\/posts\/5310","targetHints":{"allow":["GET"]}}],"collection":[{"href":"https:\/\/standort-niederrhein.de\/en\/wp-json\/wp\/v2\/posts"}],"about":[{"href":"https:\/\/standort-niederrhein.de\/en\/wp-json\/wp\/v2\/types\/post"}],"author":[{"embeddable":true,"href":"https:\/\/standort-niederrhein.de\/en\/wp-json\/wp\/v2\/users\/3"}],"replies":[{"embeddable":true,"href":"https:\/\/standort-niederrhein.de\/en\/wp-json\/wp\/v2\/comments?post=5310"}],"version-history":[{"count":1,"href":"https:\/\/standort-niederrhein.de\/en\/wp-json\/wp\/v2\/posts\/5310\/revisions"}],"predecessor-version":[{"id":5312,"href":"https:\/\/standort-niederrhein.de\/en\/wp-json\/wp\/v2\/posts\/5310\/revisions\/5312"}],"wp:featuredmedia":[{"embeddable":true,"href":"https:\/\/standort-niederrhein.de\/en\/wp-json\/wp\/v2\/media\/5311"}],"wp:attachment":[{"href":"https:\/\/standort-niederrhein.de\/en\/wp-json\/wp\/v2\/media?parent=5310"}],"wp:term":[{"taxonomy":"category","embeddable":true,"href":"https:\/\/standort-niederrhein.de\/en\/wp-json\/wp\/v2\/categories?post=5310"},{"taxonomy":"post_tag","embeddable":true,"href":"https:\/\/standort-niederrhein.de\/en\/wp-json\/wp\/v2\/tags?post=5310"}],"curies":[{"name":"wp","href":"https:\/\/api.w.org\/{rel}","templated":true}]}}