{"id":5306,"date":"2024-12-16T06:00:00","date_gmt":"2024-12-16T05:00:00","guid":{"rendered":"https:\/\/invest-in-niederrhein.de\/?p=5306"},"modified":"2024-12-11T09:53:37","modified_gmt":"2024-12-11T08:53:37","slug":"xiao-kommt-nach-kaarst","status":"publish","type":"post","link":"https:\/\/standort-niederrhein.de\/en\/2024\/12\/16\/xiao-kommt-nach-kaarst\/","title":{"rendered":"Xiao kommt nach Kaarst"},"content":{"rendered":"\n<p><strong>Kaarst. <\/strong>Gute Nachrichten f\u00fcr den Standort Kaarst: Mit Xiao kommt nicht nur eine modere System-Gastronomie ins Gewerbegebiet Kaarst-Ost, die Xiao-Gruppe verlegt auch Teile der Verwaltung nach Kaarst. Auf rund 4000 Quadratmetern werden ab Herbst 2025 ein Restaurant, Verwaltung und Gewerbefl\u00e4chen entstehen. B\u00fcrgermeisterin Ursula Baum pr\u00e4sentierte die Pl\u00e4ne heute gemeinsam mit Xiao-Gesch\u00e4ftsf\u00fchrer Lukas Neisemeier auf dem k\u00fcnftigen Grundst\u00fcck.<\/p>\n\n\n\n<p>Unternehmer und B\u00fcrgermeisterin waren sich dabei einig: Langer Atem zahlt sich aus. Denn die Ansiedlung des Unternehmens hat eine langj\u00e4hrige Vorgeschichte. \u201eIch habe das Projekt vor vier Jahren aufgegriffen, als es eigentlich schon beendet schien. Letztlich haben wir es gemeinsam geschafft. Mit der Xiao-Gruppe bekommen wir ein tolles Unternehmen und mit dem Restaurant ein modernes und nachhaltiges Konzept nach Kaarst, auf das wir uns freuen k\u00f6nnen\u201c, sagt Baum. Sie betont, dass durch die erfolgreiche Vermarktung ein Zeichen auch an andere Interessenten gesetzt wird. \u201eWir wollen weiterhin die Grundst\u00fccke nur an Unternehmen vergeben, die unsere Vorgaben erf\u00fcllen. Dies ist aktuell nicht ganz so einfach, weil die gesamtwirtschaftliche Lage schwierig ist. Umso wichtiger ist dieses Signal: Hier tut sich etwas, hier kommt richtig Aufenthaltsqualit\u00e4t und ein gutes Unternehmen ins Gewerbegebiet\u201c.<\/p>\n\n\n\n<p>Bei Xiao laufen die Planung f\u00fcr die Bebauung bereits auf Hochtouren. Im Herbst 2025 soll Baustart sein, zum Jahresbeginn 2027 das Geb\u00e4ude er\u00f6ffnet werden. Rund 70 bis 100 eigene Mitarbeiter wird Xiao an den Standort bringen, zus\u00e4tzlich werden Gewerbefl\u00e4chen im Geb\u00e4ude vermietet. \u201eKaarst hat uns im Gesamtpaket \u00fcberzeugt \u2013 durch eine hervorragende Anbindung, eine sehr gute Lage und die Zusammenarbeit mit der Stadtverwaltung. Ich bin mir sicher, dass sich das Gewerbegebiet Kaarst-Ost sehr gut entwickeln wird. Wir freuen uns auf Kaarst\u201c, sagt Xiao-Gesch\u00e4ftsf\u00fchrer Lukas Neisemeier.<\/p>\n\n\n\n<p>Wirtschaftsf\u00f6rderer Felix Hemmer wird die kommenden Wochen nutzen, um gemeinsam mit der Bauverwaltung und den Xiao-Planern die n\u00e4chsten Schritte zum Bauantrag zu gehen: \u201eWir werden zudem mit Visualisierungen die k\u00fcnftige Ansicht des Gewerbegebietes erarbeiten, um diese in Verhandlungen mit weiteren Interessenten nutzen zu k\u00f6nnen. Kaarst-Ost wird ein sehr attraktives Gewerbegebiet \u2013 und dank Xiao kann man dort k\u00fcnftig auch richtig lecker essen.\u201c<\/p>\n\n\n\n<p>Quelle: <a href=\"https:\/\/www.kaarst.de\/verwaltung-buergerservice-und-politik\/verwaltung\/presse\/aktuelle-pressemitteilungen\/detail\/detail\/News\/xiao-verlegt-deutschland-zentrale-nach-kaarst\">Stadt Kaarst<\/a><\/p>\n","protected":false},"excerpt":{"rendered":"<p>Kaarst. Gute Nachrichten f\u00fcr den Standort Kaarst: Mit Xiao kommt nicht nur eine modere System-Gastronomie ins Gewerbegebiet Kaarst-Ost, die Xiao-Gruppe verlegt auch Teile der Verwaltung nach Kaarst. Auf rund 4000 Quadratmetern werden ab Herbst 2025 ein Restaurant, Verwaltung und Gewerbefl\u00e4chen entstehen. B\u00fcrgermeisterin Ursula Baum pr\u00e4sentierte die Pl\u00e4ne heute gemeinsam mit Xiao-Gesch\u00e4ftsf\u00fchrer Lukas Neisemeier auf dem [&hellip;]<\/p>\n","protected":false},"author":3,"featured_media":0,"comment_status":"closed","ping_status":"closed","sticky":false,"template":"","format":"standard","meta":{"_et_pb_use_builder":"","_et_pb_old_content":"","_et_gb_content_width":"","footnotes":""},"categories":[1],"tags":[],"class_list":["post-5306","post","type-post","status-publish","format-standard","hentry","category-allgemein"],"_links":{"self":[{"href":"https:\/\/standort-niederrhein.de\/en\/wp-json\/wp\/v2\/posts\/5306","targetHints":{"allow":["GET"]}}],"collection":[{"href":"https:\/\/standort-niederrhein.de\/en\/wp-json\/wp\/v2\/posts"}],"about":[{"href":"https:\/\/standort-niederrhein.de\/en\/wp-json\/wp\/v2\/types\/post"}],"author":[{"embeddable":true,"href":"https:\/\/standort-niederrhein.de\/en\/wp-json\/wp\/v2\/users\/3"}],"replies":[{"embeddable":true,"href":"https:\/\/standort-niederrhein.de\/en\/wp-json\/wp\/v2\/comments?post=5306"}],"version-history":[{"count":1,"href":"https:\/\/standort-niederrhein.de\/en\/wp-json\/wp\/v2\/posts\/5306\/revisions"}],"predecessor-version":[{"id":5307,"href":"https:\/\/standort-niederrhein.de\/en\/wp-json\/wp\/v2\/posts\/5306\/revisions\/5307"}],"wp:attachment":[{"href":"https:\/\/standort-niederrhein.de\/en\/wp-json\/wp\/v2\/media?parent=5306"}],"wp:term":[{"taxonomy":"category","embeddable":true,"href":"https:\/\/standort-niederrhein.de\/en\/wp-json\/wp\/v2\/categories?post=5306"},{"taxonomy":"post_tag","embeddable":true,"href":"https:\/\/standort-niederrhein.de\/en\/wp-json\/wp\/v2\/tags?post=5306"}],"curies":[{"name":"wp","href":"https:\/\/api.w.org\/{rel}","templated":true}]}}