{"id":5300,"date":"2024-12-14T06:00:00","date_gmt":"2024-12-14T05:00:00","guid":{"rendered":"https:\/\/invest-in-niederrhein.de\/?p=5300"},"modified":"2024-12-11T09:46:24","modified_gmt":"2024-12-11T08:46:24","slug":"den-kreis-kleve-ein-stueck-bekannter-gemacht","status":"publish","type":"post","link":"https:\/\/standort-niederrhein.de\/en\/2024\/12\/14\/den-kreis-kleve-ein-stueck-bekannter-gemacht\/","title":{"rendered":"Den Kreis Kleve ein St\u00fcck bekannter gemacht"},"content":{"rendered":"\n<p><strong>Kreis Kleve\/ Kalkar. <\/strong>Schon lange ist die Fachmesse GreenLive als \u201eRheinische Leitmesse f\u00fcr Landwirtschaft und Management\u201c bekannt. Viele Besucher nutzen die Messe im Wunderland Kalkar auch gerne daf\u00fcr, sich \u00fcber die touristischen Highlights der Kommunen im Kreis Kleve zu informieren. Gelegenheit dazu hatten sie nun einmal mehr am gemeinsamen Stand der Wirtschaftsf\u00f6rderung Kreis Kleve und den St\u00e4dten und Gemeinden. \u00a0<\/p>\n\n\n\n<p>Vom 2. bis 4. Dezember warben die Touristikerinnen und Touristiker aus dem Kreisgebiet in den Messehallen f\u00fcr die vielf\u00e4ltigen Angebote der Region und konnten wieder viele Menschen f\u00fcr einen Aufenthalt beziehungsweise Aktivit\u00e4ten im Kreis Kleve begeistern.&nbsp;<\/p>\n\n\n\n<p>Dabei kamen die Ausstellerinnen und Aussteller unter anderem mit begeisterten Radfahrern und Wanderern ins Gespr\u00e4ch. Themen waren dabei die Routen in den kreisangeh\u00f6rigen Kommunen, aber auch die Brosch\u00fcre \u201eDie Fahrrad-Region Kreis Kleve in Knotenpunkten\u201c kam gut an. F\u00fcr alle Wanderfreunde hatten die Kommunen viele Infos und wertvolle Tipps \u201eim Gep\u00e4ck\u201c, bis hin zu Informationsmaterial und Infos f\u00fcr Reisemobilisten.<\/p>\n\n\n\n<p>Besonders gefragt war der neu aufgelegte Flyer \u201eAdventszauber im Kreis Kleve\u201c. Die Wirtschaftsf\u00f6rderung Kreis Kleve hat darin die vielen stimmungsvollen Veranstaltungen in der Region zusammengefasst. Egal, ob Weihnachtsm\u00e4rkte, Adventskonzerte, Events f\u00fcr Kinder, kulinarische K\u00f6stlichkeiten Lesungen, Theaterauff\u00fchrungen, Ausstellungen oder Veranstaltungen vor besonderer historischer Kulisse \u2013 f\u00fcr jeden Geschmack ist etwas dabei. <\/p>\n\n\n\n<p>Quelle: <a href=\"http:\/\/www.wfg-kreis-kleve.de\">WFG Kreis Kleve<\/a><\/p>\n\n\n<figure class=\"wp-block-post-featured-image\"><img loading=\"lazy\" decoding=\"async\" width=\"2248\" height=\"1500\" src=\"https:\/\/standort-niederrhein.de\/wp-content\/uploads\/2024\/12\/GreenLive-2024_PI.jpg\" class=\"attachment-post-thumbnail size-post-thumbnail wp-post-image\" alt=\"\" style=\"object-fit:cover;\" srcset=\"https:\/\/standort-niederrhein.de\/wp-content\/uploads\/2024\/12\/GreenLive-2024_PI.jpg 2248w, https:\/\/standort-niederrhein.de\/wp-content\/uploads\/2024\/12\/GreenLive-2024_PI-1280x854.jpg 1280w, https:\/\/standort-niederrhein.de\/wp-content\/uploads\/2024\/12\/GreenLive-2024_PI-980x654.jpg 980w, https:\/\/standort-niederrhein.de\/wp-content\/uploads\/2024\/12\/GreenLive-2024_PI-480x320.jpg 480w\" sizes=\"(min-width: 0px) and (max-width: 480px) 480px, (min-width: 481px) and (max-width: 980px) 980px, (min-width: 981px) and (max-width: 1280px) 1280px, (min-width: 1281px) 2248px, 100vw\" \/><\/figure>\n\n\n<p>Die Tourismus-Experten im Kreis Kleve gaben den interessierten G\u00e4sten der GreenLive einen \u00dcberblick \u00fcber ihre zahlreichen touristischen Angebote. Ein Blickfang war wieder der Oldtimerbus des Reiseb\u00fcros Dix aus den 1960er Jahren. | Foto: WFG Kreis Kleve<\/p>\n","protected":false},"excerpt":{"rendered":"<p>Kreis Kleve\/ Kalkar. Schon lange ist die Fachmesse GreenLive als \u201eRheinische Leitmesse f\u00fcr Landwirtschaft und Management\u201c bekannt. Viele Besucher nutzen die Messe im Wunderland Kalkar auch gerne daf\u00fcr, sich \u00fcber die touristischen Highlights der Kommunen im Kreis Kleve zu informieren. Gelegenheit dazu hatten sie nun einmal mehr am gemeinsamen Stand der Wirtschaftsf\u00f6rderung Kreis Kleve und [&hellip;]<\/p>\n","protected":false},"author":3,"featured_media":5301,"comment_status":"closed","ping_status":"closed","sticky":false,"template":"","format":"standard","meta":{"_et_pb_use_builder":"","_et_pb_old_content":"","_et_gb_content_width":"","footnotes":""},"categories":[1],"tags":[],"class_list":["post-5300","post","type-post","status-publish","format-standard","has-post-thumbnail","hentry","category-allgemein"],"_links":{"self":[{"href":"https:\/\/standort-niederrhein.de\/en\/wp-json\/wp\/v2\/posts\/5300","targetHints":{"allow":["GET"]}}],"collection":[{"href":"https:\/\/standort-niederrhein.de\/en\/wp-json\/wp\/v2\/posts"}],"about":[{"href":"https:\/\/standort-niederrhein.de\/en\/wp-json\/wp\/v2\/types\/post"}],"author":[{"embeddable":true,"href":"https:\/\/standort-niederrhein.de\/en\/wp-json\/wp\/v2\/users\/3"}],"replies":[{"embeddable":true,"href":"https:\/\/standort-niederrhein.de\/en\/wp-json\/wp\/v2\/comments?post=5300"}],"version-history":[{"count":1,"href":"https:\/\/standort-niederrhein.de\/en\/wp-json\/wp\/v2\/posts\/5300\/revisions"}],"predecessor-version":[{"id":5302,"href":"https:\/\/standort-niederrhein.de\/en\/wp-json\/wp\/v2\/posts\/5300\/revisions\/5302"}],"wp:featuredmedia":[{"embeddable":true,"href":"https:\/\/standort-niederrhein.de\/en\/wp-json\/wp\/v2\/media\/5301"}],"wp:attachment":[{"href":"https:\/\/standort-niederrhein.de\/en\/wp-json\/wp\/v2\/media?parent=5300"}],"wp:term":[{"taxonomy":"category","embeddable":true,"href":"https:\/\/standort-niederrhein.de\/en\/wp-json\/wp\/v2\/categories?post=5300"},{"taxonomy":"post_tag","embeddable":true,"href":"https:\/\/standort-niederrhein.de\/en\/wp-json\/wp\/v2\/tags?post=5300"}],"curies":[{"name":"wp","href":"https:\/\/api.w.org\/{rel}","templated":true}]}}