{"id":5294,"date":"2024-12-15T06:00:00","date_gmt":"2024-12-15T05:00:00","guid":{"rendered":"https:\/\/invest-in-niederrhein.de\/?p=5294"},"modified":"2024-12-10T12:33:10","modified_gmt":"2024-12-10T11:33:10","slug":"erste-auswertungsergebnisse-zum-zensus-2022-liegen-vor","status":"publish","type":"post","link":"https:\/\/standort-niederrhein.de\/en\/2024\/12\/15\/erste-auswertungsergebnisse-zum-zensus-2022-liegen-vor\/","title":{"rendered":"Erste Auswertungsergebnisse zum Zensus 2022 liegen vor"},"content":{"rendered":"\n<p><strong>Krefeld. <\/strong>Alle zehn Jahre wird mit der Erhebung des bundesweiten Zensus eine stichtagsbezogene Volks-, Geb\u00e4ude- und Wohnungsz\u00e4hlung durchgef\u00fchrt. Das Ergebnis ist eine fundierte Datenlage \u00fcber die Bev\u00f6lkerungsgr\u00f6\u00dfe, die Lebensverh\u00e4ltnisse der Einwohnerinnen und Einwohner sowie den Geb\u00e4ude- und Wohnungsbestand in Deutschland, den Bundesl\u00e4ndern bis hin zu den einzelnen Kommunen. \u201eErste Ergebnisse der zuletzt im Jahr 2022 durchgef\u00fchrten Zensus-Erhebung liegen nun vor\u201c, berichtet Dezernentin Cigdem Bern. \u201eSie dienen k\u00fcnftig als Grundlage f\u00fcr politische Entscheidungen wie auch Verwaltungsentscheidungen\u201c. In der Auswertung der aktuellen Daten ermittelte der Landesbetrieb Information und Technik NRW (IT.NRW) f\u00fcr Krefeld nun einen neuen Bev\u00f6lkerungsstand von 230.666 Einwohnerinnen und Einwohnern.<\/p>\n\n\n\n<p>\u201eDas Ergebnis stellt eine Erh\u00f6hung gegen\u00fcber der bisherigen Landesfortschreibung um 1.884 Personen, also ein Plus von 0,8 Prozent dar\u201c, stellt Cigdem Bern erfreut fest. \u201eDamit ist Krefeld eine der wenigen Kommunen in NRW, die Bewohnerinnen und Bewohner hinzugewonnen haben\u201c, sagt sie. F\u00fcr das gesamte Land NRW (minus ein Prozent), den Regierungsbezirk D\u00fcsseldorf (minus 0,7 Prozent) und viele NRW-Kommunen musste der Bev\u00f6lkerungsstand nach unten korrigiert werden. Dass nun nach der letzten Z\u00e4hlung mehr Menschen in Krefeld leben als nach bisheriger Berechnung, hat f\u00fcr die Stadt in mehrfacher Hinsicht positive Auswirkungen. \u201eDie amtliche Einwohnerzahl bildet eine wesentliche Grundlage unter anderem f\u00fcr Finanzzuweisungen an die Kommune und nicht zuletzt auch die Basis zur weiteren Bev\u00f6lkerungsfortschreibung\u201c, erkl\u00e4rt Cigdem Bern.<\/p>\n\n\n\n<p>\u201eAngesichts der guten Ergebnisse ist aus Sicht der Krefelder Kommunalstatistik eine Stellungnahme zur Feststellung der amtlichen Einwohnerzahl nicht erforderlich\u201c, erg\u00e4nzt Dirk Bangel, Leiter des Fachbereichs B\u00fcrgerservice. Als Zensus-Erhebungsstelle ist die Abteilung Statistik seines Fachbereichs f\u00fcr die Akquise geeigneter Erhebungsbeauftragter und deren Schulung verantwortlich sowie f\u00fcr die Koordination der Begehungen vor Ort. Insgesamt 155 Erhebungsbeauftragte haben 2022 entsprechende stichprobenartige Befragungen in 16.738 Haushalten an 2.094 Anschriften durchgef\u00fchrt. Au\u00dferdem haben sie 3.649 Personen in 93 sogenannten Sonderbereichen, zum Beispiel in Gemeinschaftsunterk\u00fcnften oder Wohnheimen, befragt. Bei der Begehung wurden in der Haushaltsstichprobe 16.370 Existenzen (97,8 Prozent), f\u00fcr die Sonderbereiche 4.647 Existenzen (127,3 Prozent) best\u00e4tigt. Die Zielerreichung liegt somit in Krefeld bei insgesamt rund 103 Prozent. Der NRW-Schnitt liegt bei 99,5 Prozent. \u201eDie erfreulich hohe Zielerreichung ist vor allem auf die durchg\u00e4ngigen Anstrengungen des Erhebungsstellenpersonals und nicht zuletzt auch auf die qualitativ guten Schulungen der Erhebungsbeauftragten zur\u00fcckzuf\u00fchren\u201c, erkl\u00e4rt Bangel.<\/p>\n\n\n\n<p>Erste Ergebnisse liegen auch zur Geb\u00e4ude- und Wohnungsz\u00e4hlung (GWZ) vor. Insgesamt gibt es in Krefeld 47.132 Geb\u00e4ude, davon 46.157 mit Wohnraum. Die meisten (38.173, also 81 Prozent) sind im Eigentum von Privatpersonen. Festgestellt wurden au\u00dferdem 122.546 Wohnungen in Krefeld, wovon 35,95 Prozent von den Eigent\u00fcmern selbst bewohnt werden. Die durchschnittliche Nettokaltmiete liegt bei 6,66 Euro und die durchschnittliche Wohnfl\u00e4che bei 85,23 Quadratmeter je Wohnung. Genauere kleinr\u00e4umige Zensus Ergebnisse, unter anderem zur Geb\u00e4udez\u00e4hlung, zu demographischen Merkmalen aus der Krefelder Haushaltsstichprobe und zur Zuwanderung, k\u00f6nnen nach Lieferung der Einzeldaten durch IT.NRW im Dezember 2024 berechnet und voraussichtlich im Fr\u00fchjahr 2025 pr\u00e4sentiert werden.<\/p>\n\n\n\n<p>Quelle: <a href=\"http:\/\/www.krefeld.de\">Stadt Krefeld<\/a><\/p>\n","protected":false},"excerpt":{"rendered":"<p>Krefeld. Alle zehn Jahre wird mit der Erhebung des bundesweiten Zensus eine stichtagsbezogene Volks-, Geb\u00e4ude- und Wohnungsz\u00e4hlung durchgef\u00fchrt. Das Ergebnis ist eine fundierte Datenlage \u00fcber die Bev\u00f6lkerungsgr\u00f6\u00dfe, die Lebensverh\u00e4ltnisse der Einwohnerinnen und Einwohner sowie den Geb\u00e4ude- und Wohnungsbestand in Deutschland, den Bundesl\u00e4ndern bis hin zu den einzelnen Kommunen. \u201eErste Ergebnisse der zuletzt im Jahr 2022 [&hellip;]<\/p>\n","protected":false},"author":3,"featured_media":0,"comment_status":"closed","ping_status":"closed","sticky":false,"template":"","format":"standard","meta":{"_et_pb_use_builder":"","_et_pb_old_content":"","_et_gb_content_width":"","footnotes":""},"categories":[1],"tags":[],"class_list":["post-5294","post","type-post","status-publish","format-standard","hentry","category-allgemein"],"_links":{"self":[{"href":"https:\/\/standort-niederrhein.de\/en\/wp-json\/wp\/v2\/posts\/5294","targetHints":{"allow":["GET"]}}],"collection":[{"href":"https:\/\/standort-niederrhein.de\/en\/wp-json\/wp\/v2\/posts"}],"about":[{"href":"https:\/\/standort-niederrhein.de\/en\/wp-json\/wp\/v2\/types\/post"}],"author":[{"embeddable":true,"href":"https:\/\/standort-niederrhein.de\/en\/wp-json\/wp\/v2\/users\/3"}],"replies":[{"embeddable":true,"href":"https:\/\/standort-niederrhein.de\/en\/wp-json\/wp\/v2\/comments?post=5294"}],"version-history":[{"count":1,"href":"https:\/\/standort-niederrhein.de\/en\/wp-json\/wp\/v2\/posts\/5294\/revisions"}],"predecessor-version":[{"id":5295,"href":"https:\/\/standort-niederrhein.de\/en\/wp-json\/wp\/v2\/posts\/5294\/revisions\/5295"}],"wp:attachment":[{"href":"https:\/\/standort-niederrhein.de\/en\/wp-json\/wp\/v2\/media?parent=5294"}],"wp:term":[{"taxonomy":"category","embeddable":true,"href":"https:\/\/standort-niederrhein.de\/en\/wp-json\/wp\/v2\/categories?post=5294"},{"taxonomy":"post_tag","embeddable":true,"href":"https:\/\/standort-niederrhein.de\/en\/wp-json\/wp\/v2\/tags?post=5294"}],"curies":[{"name":"wp","href":"https:\/\/api.w.org\/{rel}","templated":true}]}}