{"id":5291,"date":"2024-12-14T06:00:00","date_gmt":"2024-12-14T05:00:00","guid":{"rendered":"https:\/\/invest-in-niederrhein.de\/?p=5291"},"modified":"2024-12-10T08:42:17","modified_gmt":"2024-12-10T07:42:17","slug":"isek-stadt-erhaelt-rund-eine-million-euro-foerdergelder-fuer-neues-innenstadtkonzept","status":"publish","type":"post","link":"https:\/\/standort-niederrhein.de\/en\/2024\/12\/14\/isek-stadt-erhaelt-rund-eine-million-euro-foerdergelder-fuer-neues-innenstadtkonzept\/","title":{"rendered":"ISEK: Stadt erh\u00e4lt rund eine Million Euro F\u00f6rdergelder f\u00fcr neues Innenstadtkonzept"},"content":{"rendered":"\n<p><strong>Dormagen.<\/strong> Der F\u00f6rderbescheid f\u00fcr das Integrierte st\u00e4dtebauliche Entwicklungskonzept (ISEK) der Innenstadt Dormagens und des Masterplans ist eingegangen. Die Stadt Dormagen erh\u00e4lt f\u00fcr die Ma\u00dfnahmen zur Entwicklung der Innenstadt in einem ersten Schritt rund eine Million\u00a0Euro von der Bezirksregierung D\u00fcsseldorf. Weitere F\u00f6rdermittel aus dem St\u00e4dtebauf\u00f6rderprogramm NRW 2024 \u201eLebendige Zentren\u201c sollen folgen. Die Gesamtf\u00f6rdersumme betr\u00e4gt rund 5,9 Millionen Euro.<\/p>\n\n\n\n<p>\u201eNach langer Planungsphase k\u00f6nnen wir jetzt einen Schritt weitergehen\u201c, sagt der Technische Beigeordnete Dr. Martin Brans. \u201eWir haben viel vor und werden nun die ersten Ma\u00dfnahmen konkret umsetzen. In nur wenigen Jahren wird sich die Innenstadt positiv ver\u00e4ndert haben.\u201c<br><br>Zu den ersten Ma\u00dfnahmen geh\u00f6ren mehrere Bereiche der Innenstadt bis hin zum Rheinufer Am Monheimer Weg. Dabei stehen vor allem das Attraktiveren der K\u00f6lner Stra\u00dfe sowie mehrere Nebenstra\u00dfen in Verbindung mit den Stadteing\u00e4ngen auf dem Programm, ebenso wie der Erlebnisraum Rheinaue sowie die Umgestaltung des Ehrenfriedhofs als Parkanlage. Die Ma\u00dfnahmen wurden gemeinsam mit Beteiligung der B\u00fcrgerschaft, einem Projektbeirat und dem Jugendparlament erarbeitet und vom Rat der Stadt Dormagen beschlossen.<br><br>Das ISEK wird von dem Ministerium f\u00fcr Heimat, Kommunales, Bau und Digitales des Landes Nordrhein-Westfalen (MHKBD NRW) sowie dem Bundesministerium f\u00fcr Wohnen, Stadtentwicklung und Bauwesen (BMWSB) unterst\u00fctzt. Alle Ma\u00dfnahmen sollen dabei auch dem Klimaschutz beziehungsweise der Anpassung an den Klimawandel dienen. Der F\u00f6rderanteil liegt bei rund 60\u00a0Prozent bis zum Jahre 2030. Die Gesamtausgaben sollen sich voraussichtlich auf rund 9,8 Millionen Euro belaufen.<br><br>F\u00fcr die Umsetzung der Ma\u00dfnahmen wird die Verwaltung in den kommenden Jahren fortf\u00fchrende F\u00f6rdermittel beantragen. Der Bund und das Land stellen zudem F\u00f6rdergelder f\u00fcr ein Citymanagement, einen Verf\u00fcgungsfond und ein Hof- und Fassadenprogramm zur Verf\u00fcgung. Dadurch soll auch das Engagement aktiver Akteure und privater Eigent\u00fcmerinnen und Eigent\u00fcmer unterst\u00fctzt werden.<\/p>\n\n\n\n<p>Quelle: <a href=\"http:\/\/www.dormagen.de\">Stadt Dormagen<\/a><\/p>\n","protected":false},"excerpt":{"rendered":"<p>Dormagen. Der F\u00f6rderbescheid f\u00fcr das Integrierte st\u00e4dtebauliche Entwicklungskonzept (ISEK) der Innenstadt Dormagens und des Masterplans ist eingegangen. Die Stadt Dormagen erh\u00e4lt f\u00fcr die Ma\u00dfnahmen zur Entwicklung der Innenstadt in einem ersten Schritt rund eine Million\u00a0Euro von der Bezirksregierung D\u00fcsseldorf. Weitere F\u00f6rdermittel aus dem St\u00e4dtebauf\u00f6rderprogramm NRW 2024 \u201eLebendige Zentren\u201c sollen folgen. Die Gesamtf\u00f6rdersumme betr\u00e4gt rund 5,9 [&hellip;]<\/p>\n","protected":false},"author":3,"featured_media":0,"comment_status":"closed","ping_status":"closed","sticky":false,"template":"","format":"standard","meta":{"_et_pb_use_builder":"","_et_pb_old_content":"","_et_gb_content_width":"","footnotes":""},"categories":[1],"tags":[],"class_list":["post-5291","post","type-post","status-publish","format-standard","hentry","category-allgemein"],"_links":{"self":[{"href":"https:\/\/standort-niederrhein.de\/en\/wp-json\/wp\/v2\/posts\/5291","targetHints":{"allow":["GET"]}}],"collection":[{"href":"https:\/\/standort-niederrhein.de\/en\/wp-json\/wp\/v2\/posts"}],"about":[{"href":"https:\/\/standort-niederrhein.de\/en\/wp-json\/wp\/v2\/types\/post"}],"author":[{"embeddable":true,"href":"https:\/\/standort-niederrhein.de\/en\/wp-json\/wp\/v2\/users\/3"}],"replies":[{"embeddable":true,"href":"https:\/\/standort-niederrhein.de\/en\/wp-json\/wp\/v2\/comments?post=5291"}],"version-history":[{"count":1,"href":"https:\/\/standort-niederrhein.de\/en\/wp-json\/wp\/v2\/posts\/5291\/revisions"}],"predecessor-version":[{"id":5292,"href":"https:\/\/standort-niederrhein.de\/en\/wp-json\/wp\/v2\/posts\/5291\/revisions\/5292"}],"wp:attachment":[{"href":"https:\/\/standort-niederrhein.de\/en\/wp-json\/wp\/v2\/media?parent=5291"}],"wp:term":[{"taxonomy":"category","embeddable":true,"href":"https:\/\/standort-niederrhein.de\/en\/wp-json\/wp\/v2\/categories?post=5291"},{"taxonomy":"post_tag","embeddable":true,"href":"https:\/\/standort-niederrhein.de\/en\/wp-json\/wp\/v2\/tags?post=5291"}],"curies":[{"name":"wp","href":"https:\/\/api.w.org\/{rel}","templated":true}]}}