{"id":5281,"date":"2024-12-11T06:00:00","date_gmt":"2024-12-11T05:00:00","guid":{"rendered":"https:\/\/invest-in-niederrhein.de\/?p=5281"},"modified":"2024-12-09T09:55:13","modified_gmt":"2024-12-09T08:55:13","slug":"boisheim-qualifiziert-sich-fuer-die-teilnahme-am-landeswettbewerb-unser-dorf-hat-zukunft-2025","status":"publish","type":"post","link":"https:\/\/standort-niederrhein.de\/en\/2024\/12\/11\/boisheim-qualifiziert-sich-fuer-die-teilnahme-am-landeswettbewerb-unser-dorf-hat-zukunft-2025\/","title":{"rendered":"Boisheim qualifiziert sich f\u00fcr die Teilnahme am Landeswettbewerb \u201eUnser Dorf hat Zukunft\u201c 2025"},"content":{"rendered":"\n<p><strong>Kreis Viersen.<\/strong> Beim Wettbewerb &#8220;Unser Dorf hat Zukunft&#8221; hat sich der Stadtteil Viersen Boisheim f\u00fcr die n\u00e4chste Runde auf Landesebene qualifiziert.<\/p>\n\n\n\n<p>Anfang Oktober hat die Bereisung des Stadtteils Viersen Boisheim durch eine von der Landwirtschaftskammer Nordrhein-Westfalen gebildete Bewertungskommission stattgefunden. Mit ihren Projekten und ihrem Engagement hat die Dorfgemeinschaft die Mitglieder der Bewertungskommission \u00fcberzeugen k\u00f6nnen und sich f\u00fcr die Teilnahme am Landeswettbewerb 2025 qualifiziert. Die Teilnahme am Wettbewerb ist federf\u00fchrend vom &#8220;B\u00fcrgerverein von Boisheim e.V.&#8221; organisiert worden. F\u00fcr die erfolgreiche Qualifikation zum Landeswettbewerb erh\u00e4lt der B\u00fcrgerverein ein Preisgeld in H\u00f6he von 1.500 Euro.<\/p>\n\n\n\n<p>Bei der Scheck\u00fcbergabe betont Rainer R\u00f6der, Dezernent f\u00fcr Planen, Bauen und Umwelt, dass der Wettbewerb ein wichtiges Instrument f\u00fcr die Dorferneuerung darstellt: &#8220;Die vielen Akteurinnen und Akteure in Boisheim haben gezeigt, wie durch vielf\u00e4ltiges Wirken die Lebensqualit\u00e4t in Boisheim verbessert werden kann. F\u00fcr den weiteren Verlauf des Wettbewerbs w\u00fcnsche ich der Dorfgemeinschaft viel Erfolg.&#8221;<\/p>\n\n\n\n<p>Der Wettbewerb &#8220;Unser Dorf hat Zukunft&#8221; ist dreistufig organisiert. Im Sommer 2025 findet in Nordrhein-Westfalen der Landeswettbewerb statt. Die Siegerinnen und Sieger des Landeswettbewerbes qualifizieren sich f\u00fcr die Teilnahme am Bundeswettbewerb 2026. Der n\u00e4chste Kreiswettbewerb &#8220;Unser Dorf hat Zukunft&#8221; startet voraussichtlich in 2027.<\/p>\n\n\n\n<p>Interessierte finden unter <a href=\"http:\/\/www.kreis-viersen.de\/dorfwettbewerb\">www.kreis-viersen.de\/dorfwettbewerb<\/a>\u00a0weiterf\u00fchrende Informationen zur Teilnahme.<\/p>\n\n\n\n<p>Quelle: <a href=\"http:\/\/www.kreis-viersen.de\">Kreis Viersen<\/a><\/p>\n\n\n<figure class=\"wp-block-post-featured-image\"><img loading=\"lazy\" decoding=\"async\" width=\"2362\" height=\"1575\" src=\"https:\/\/standort-niederrhein.de\/wp-content\/uploads\/2024\/12\/290498P.jpg\" class=\"attachment-post-thumbnail size-post-thumbnail wp-post-image\" alt=\"\" style=\"object-fit:cover;\" srcset=\"https:\/\/standort-niederrhein.de\/wp-content\/uploads\/2024\/12\/290498P.jpg 2362w, https:\/\/standort-niederrhein.de\/wp-content\/uploads\/2024\/12\/290498P-1280x854.jpg 1280w, https:\/\/standort-niederrhein.de\/wp-content\/uploads\/2024\/12\/290498P-980x653.jpg 980w, https:\/\/standort-niederrhein.de\/wp-content\/uploads\/2024\/12\/290498P-480x320.jpg 480w\" sizes=\"(min-width: 0px) and (max-width: 480px) 480px, (min-width: 481px) and (max-width: 980px) 980px, (min-width: 981px) and (max-width: 1280px) 1280px, (min-width: 1281px) 2362px, 100vw\" \/><\/figure>\n\n\n<p>B\u00fcrgerverein von Boisheim qualifiziert sich f\u00fcr den Landeswettbewerb \u201eUnser Dorf hat Zukunft\u201c. | Foto: Kreis Viersen<\/p>\n","protected":false},"excerpt":{"rendered":"<p>Kreis Viersen. Beim Wettbewerb &#8220;Unser Dorf hat Zukunft&#8221; hat sich der Stadtteil Viersen Boisheim f\u00fcr die n\u00e4chste Runde auf Landesebene qualifiziert. Anfang Oktober hat die Bereisung des Stadtteils Viersen Boisheim durch eine von der Landwirtschaftskammer Nordrhein-Westfalen gebildete Bewertungskommission stattgefunden. Mit ihren Projekten und ihrem Engagement hat die Dorfgemeinschaft die Mitglieder der Bewertungskommission \u00fcberzeugen k\u00f6nnen und [&hellip;]<\/p>\n","protected":false},"author":3,"featured_media":5282,"comment_status":"closed","ping_status":"closed","sticky":false,"template":"","format":"standard","meta":{"_et_pb_use_builder":"","_et_pb_old_content":"","_et_gb_content_width":"","footnotes":""},"categories":[1],"tags":[],"class_list":["post-5281","post","type-post","status-publish","format-standard","has-post-thumbnail","hentry","category-allgemein"],"_links":{"self":[{"href":"https:\/\/standort-niederrhein.de\/en\/wp-json\/wp\/v2\/posts\/5281","targetHints":{"allow":["GET"]}}],"collection":[{"href":"https:\/\/standort-niederrhein.de\/en\/wp-json\/wp\/v2\/posts"}],"about":[{"href":"https:\/\/standort-niederrhein.de\/en\/wp-json\/wp\/v2\/types\/post"}],"author":[{"embeddable":true,"href":"https:\/\/standort-niederrhein.de\/en\/wp-json\/wp\/v2\/users\/3"}],"replies":[{"embeddable":true,"href":"https:\/\/standort-niederrhein.de\/en\/wp-json\/wp\/v2\/comments?post=5281"}],"version-history":[{"count":1,"href":"https:\/\/standort-niederrhein.de\/en\/wp-json\/wp\/v2\/posts\/5281\/revisions"}],"predecessor-version":[{"id":5283,"href":"https:\/\/standort-niederrhein.de\/en\/wp-json\/wp\/v2\/posts\/5281\/revisions\/5283"}],"wp:featuredmedia":[{"embeddable":true,"href":"https:\/\/standort-niederrhein.de\/en\/wp-json\/wp\/v2\/media\/5282"}],"wp:attachment":[{"href":"https:\/\/standort-niederrhein.de\/en\/wp-json\/wp\/v2\/media?parent=5281"}],"wp:term":[{"taxonomy":"category","embeddable":true,"href":"https:\/\/standort-niederrhein.de\/en\/wp-json\/wp\/v2\/categories?post=5281"},{"taxonomy":"post_tag","embeddable":true,"href":"https:\/\/standort-niederrhein.de\/en\/wp-json\/wp\/v2\/tags?post=5281"}],"curies":[{"name":"wp","href":"https:\/\/api.w.org\/{rel}","templated":true}]}}