{"id":5278,"date":"2024-12-10T06:00:00","date_gmt":"2024-12-10T05:00:00","guid":{"rendered":"https:\/\/invest-in-niederrhein.de\/?p=5278"},"modified":"2024-12-09T09:51:48","modified_gmt":"2024-12-09T08:51:48","slug":"club-der-agenda-2030-kommunen-neuntes-bundesweites-vernetzungstreffen-im-rhein-kreis-neuss","status":"publish","type":"post","link":"https:\/\/standort-niederrhein.de\/en\/2024\/12\/10\/club-der-agenda-2030-kommunen-neuntes-bundesweites-vernetzungstreffen-im-rhein-kreis-neuss\/","title":{"rendered":"Club der Agenda 2030-Kommunen: Neuntes bundesweites Vernetzungstreffen im Rhein-Kreis Neuss"},"content":{"rendered":"\n<p><strong>Rhein-Kreis Neuss.<\/strong> Der Rhein-Kreis Neuss war jetzt Gastgeber des neunten Vernetzungstreffens des Clubs der Agenda 2030-Kommunen. Zu diesem Club geh\u00f6ren Kommunen aus ganz Deutschland, die die Musterresolution zur Agenda 2030 des Deutschen St\u00e4dtetags und des Rates der Gemeinden und Regionen Europas unterzeichnet haben. Sie engagieren sich auf lokaler Ebene f\u00fcr die Umsetzung der Globalen Nachhaltigkeitsziele der Vereinten Nationen.&nbsp;&nbsp;&nbsp;<\/p>\n\n\n\n<p>Rund 100 Vertreterinnen und Vertreter der Kommunen tauschten sich w\u00e4hrend der zwei Veranstaltungstage im Zeughaus in Neuss intensiv \u00fcber die Herausforderungen und Chancen des kommunalen Nachhaltigkeitsmanagements aus. Landrat Hans-J\u00fcrgen Petrauschke hob in seiner Begr\u00fc\u00dfung die Bedeutung internationaler Zusammenarbeit und lokaler Initiativen zur Erreichung der Globalen Nachhaltigkeitsziele hervor. Dabei bezeichnete er das aktuelle Treffen als ein Novum, da die Servicestelle Kommunen in der Einen Welt (SKEW) erstmalig mit einem Landkreis als Veranstalter zusammenarbeitete: \u201eDies unterstreicht die wachsende Bedeutung der Landkreise in der kommunalen Nachhaltigkeits- und Entwicklungspolitik und der Rhein-Kreis geht hierbei voran.\u201c<\/p>\n\n\n\n<p>Bei dem Treffen wurde der Rhein-Kreis Neuss als bundesweit erster Landkreis ausgezeichnet, in dem alle kreisangeh\u00f6rigen Kommunen die Agenda-2030-Resolution unterzeichnet haben. Thiago de Carvalho Zakrzewski, Beauftragter f\u00fcr Nachhaltigkeit des Rhein-Kreises Neuss, betonte: \u201eDiese herausragende Gemeinschaftsleistung der Allianz f\u00fcr Klima und Nachhaltigkeit im Kreis verdeutlicht die St\u00e4rke regionaler Zusammenarbeit und setzt ein Vorbild f\u00fcr andere Regionen.\u201c<\/p>\n\n\n\n<p>Einblicke in den Strukturwandelprozess im Rhein-Kreis Neuss gab Kreisdirektor Dirk Br\u00fcgge. Als praktisches Beispiel f\u00fchrte er die nachhaltige Transformation des ehemaligen Kraftwerks Frimmersdorf an. Eine Exkursion in den Tagebau Garzweiler verdeutlichte den Teilnehmenden die konkreten Schritte und Herausforderungen dieses Wandels.&nbsp;<\/p>\n\n\n\n<p><a>Thiago de Carvalho Zakrzewski<\/a> und Aileen Wichmann vom Rhein-Kreis Neuss stellten innovative Strategien und Projekte vor, die in der Region zur St\u00e4rkung der Nachhaltigkeit beitragen. Mit einem inspirierenden Austausch, praxisnahen Einblicken und einem gemeinsamen Engagement f\u00fcr die Agenda 2030 zeigte das Vernetzungstreffen, wie Kommunen durch Kooperation und Innovation nachhaltige Entwicklung vorantreiben k\u00f6nnen.<\/p>\n\n\n\n<p>Quelle: <a href=\"http:\/\/www.rhein-kreis-neuss.de\">Rhein-Kreis Neuss<\/a><\/p>\n\n\n<figure class=\"wp-block-post-featured-image\"><img loading=\"lazy\" decoding=\"async\" width=\"2560\" height=\"1703\" src=\"https:\/\/standort-niederrhein.de\/wp-content\/uploads\/2024\/12\/DSC_0066-scaled.jpg\" class=\"attachment-post-thumbnail size-post-thumbnail wp-post-image\" alt=\"\" style=\"object-fit:cover;\" srcset=\"https:\/\/standort-niederrhein.de\/wp-content\/uploads\/2024\/12\/DSC_0066-scaled.jpg 2560w, https:\/\/standort-niederrhein.de\/wp-content\/uploads\/2024\/12\/DSC_0066-1280x852.jpg 1280w, https:\/\/standort-niederrhein.de\/wp-content\/uploads\/2024\/12\/DSC_0066-980x652.jpg 980w, https:\/\/standort-niederrhein.de\/wp-content\/uploads\/2024\/12\/DSC_0066-480x319.jpg 480w\" sizes=\"(min-width: 0px) and (max-width: 480px) 480px, (min-width: 481px) and (max-width: 980px) 980px, (min-width: 981px) and (max-width: 1280px) 1280px, (min-width: 1281px) 2560px, 100vw\" \/><\/figure>\n\n\n<p>V.l.: Aileen Wichmann (Rhein-Kreis Neuss), Lieselotte Heinz (Stadt Dormagen), Niels Albers (Bereichsleiter SKEW), Landrat Hans-J\u00fcrgen Petrauschke, Thiago de Carvalho Zakrzewski (Rhein-Kreis Neuss), Ulrike Neumann (Gemeinde Rommerskirchen), Karolin Gathen (Gemeinde Rommerskirchen) und Martin Otto (Stadt Grevenbroich) | Foto: S. B\u00fcntig\/ Rhein-Kreis Neuss<\/p>\n","protected":false},"excerpt":{"rendered":"<p>Rhein-Kreis Neuss. Der Rhein-Kreis Neuss war jetzt Gastgeber des neunten Vernetzungstreffens des Clubs der Agenda 2030-Kommunen. Zu diesem Club geh\u00f6ren Kommunen aus ganz Deutschland, die die Musterresolution zur Agenda 2030 des Deutschen St\u00e4dtetags und des Rates der Gemeinden und Regionen Europas unterzeichnet haben. Sie engagieren sich auf lokaler Ebene f\u00fcr die Umsetzung der Globalen Nachhaltigkeitsziele [&hellip;]<\/p>\n","protected":false},"author":3,"featured_media":5279,"comment_status":"closed","ping_status":"closed","sticky":false,"template":"","format":"standard","meta":{"_et_pb_use_builder":"","_et_pb_old_content":"","_et_gb_content_width":"","footnotes":""},"categories":[1],"tags":[],"class_list":["post-5278","post","type-post","status-publish","format-standard","has-post-thumbnail","hentry","category-allgemein"],"_links":{"self":[{"href":"https:\/\/standort-niederrhein.de\/en\/wp-json\/wp\/v2\/posts\/5278","targetHints":{"allow":["GET"]}}],"collection":[{"href":"https:\/\/standort-niederrhein.de\/en\/wp-json\/wp\/v2\/posts"}],"about":[{"href":"https:\/\/standort-niederrhein.de\/en\/wp-json\/wp\/v2\/types\/post"}],"author":[{"embeddable":true,"href":"https:\/\/standort-niederrhein.de\/en\/wp-json\/wp\/v2\/users\/3"}],"replies":[{"embeddable":true,"href":"https:\/\/standort-niederrhein.de\/en\/wp-json\/wp\/v2\/comments?post=5278"}],"version-history":[{"count":1,"href":"https:\/\/standort-niederrhein.de\/en\/wp-json\/wp\/v2\/posts\/5278\/revisions"}],"predecessor-version":[{"id":5280,"href":"https:\/\/standort-niederrhein.de\/en\/wp-json\/wp\/v2\/posts\/5278\/revisions\/5280"}],"wp:featuredmedia":[{"embeddable":true,"href":"https:\/\/standort-niederrhein.de\/en\/wp-json\/wp\/v2\/media\/5279"}],"wp:attachment":[{"href":"https:\/\/standort-niederrhein.de\/en\/wp-json\/wp\/v2\/media?parent=5278"}],"wp:term":[{"taxonomy":"category","embeddable":true,"href":"https:\/\/standort-niederrhein.de\/en\/wp-json\/wp\/v2\/categories?post=5278"},{"taxonomy":"post_tag","embeddable":true,"href":"https:\/\/standort-niederrhein.de\/en\/wp-json\/wp\/v2\/tags?post=5278"}],"curies":[{"name":"wp","href":"https:\/\/api.w.org\/{rel}","templated":true}]}}