{"id":5269,"date":"2024-12-03T07:00:00","date_gmt":"2024-12-03T06:00:00","guid":{"rendered":"https:\/\/invest-in-niederrhein.de\/?p=5269"},"modified":"2024-12-05T09:36:58","modified_gmt":"2024-12-05T08:36:58","slug":"ihk-biodiversitaetsbuendnis-gegruendet","status":"publish","type":"post","link":"https:\/\/standort-niederrhein.de\/en\/2024\/12\/03\/ihk-biodiversitaetsbuendnis-gegruendet\/","title":{"rendered":"IHK-Biodiversit\u00e4tsb\u00fcndnis gegr\u00fcndet"},"content":{"rendered":"\n<p><strong>Mittlerer Niederrhein.<\/strong> Premiere in Nordrhein-Westfalen: Die Industrie- und Handelskammer (IHK) Mittlerer Niederrhein hat das erste Biodiversit\u00e4tsb\u00fcndnis gegr\u00fcndet und den bislang mehr als 20 teilnehmenden Unternehmen und Institutionen eine Urkunde \u00fcberreicht. Mit ihrer Unterschrift haben sich die B\u00fcndnismitglieder dazu verpflichtet, bestimmten Leitlinien zu folgen. Sie zielen darauf ab, den Wissenstransfer in und zwischen Unternehmen zu erh\u00f6hen und eigene Ma\u00dfnahmen umzusetzen. Weitere Unternehmen aus Krefeld, M\u00f6nchengladbach, dem Rhein-Kreis Neuss und dem Kreis Viersen k\u00f6nnen sich anschlie\u00dfen.<\/p>\n\n\n\n<p>Drei Ziele stehen im Mittelpunkt des B\u00fcndnisses. So sollen Unternehmen in Sachen Biodiversit\u00e4t mit Blick auf Nachhaltigkeitsberichte und Lieferketten fit gemacht werden sowie f\u00fcr Artenvielfalt auf dem eigenen Firmengel\u00e4nde sorgen. \u201eAu\u00dferdem soll das B\u00fcndnis zeigen, dass die Wirtschaft ihren Teil zum Erhalt der Biodiversit\u00e4t beitr\u00e4gt. Und dabei werden wir sie unterst\u00fctzen\u201c, erkl\u00e4rt IHK-Hauptgesch\u00e4ftsf\u00fchrer J\u00fcrgen Steinmetz. Schlie\u00dflich sei Biodiversit\u00e4t f\u00fcr viele Unternehmen unverzichtbar. Sie ist die Grundlage f\u00fcr Rohstoffe, Innovationen sowie nachhaltiges Wirtschaften und tr\u00e4gt zugleich zur Stabilit\u00e4t und Anpassungsf\u00e4higkeit der Wirtschaft bei. Ohne sauberes Wasser, fruchtbare B\u00f6den und Best\u00e4uber f\u00fcr Pflanzen h\u00e4tten viele Unternehmen keine Existenzgrundlage.<\/p>\n\n\n\n<p>Inwiefern sie sich mit dem Thema auseinandersetzen, erl\u00e4uterten im Rahmen der Gr\u00fcndungsveranstaltung drei Unternehmen. \u201eBiodiversit\u00e4t liegt als Garten- und Landschaftsbauer in unserer DNA\u201c, sagte Benjamin K\u00fcsters, Gesch\u00e4ftsf\u00fchrer der Gartenhof K\u00fcsters GmbH in Neuss. Dabei gehe es um mehr als Wildblumenwiesen. Vielmehr seien klimaangepasste Bepflanzungen der Schl\u00fcssel zum Erfolg. \u201eAls Getr\u00e4nkehersteller sind wir auf den Erhalt der Biodiversit\u00e4t angewiesen\u201c, betonte Bj\u00f6rn Vieten von der Valensina GmbH in M\u00f6nchengladbach. \u201eMit praktischen Beitr\u00e4gen und unseren Kenntnissen aus der Lieferkette wollen wir uns in diesem B\u00fcndnis engagieren.\u201c Bei der Alders electronic GmbH in Kempen spielt das Thema Biodiversit\u00e4t insbesondere mit Blick auf den Firmenstandort eine gro\u00dfe Rolle. \u201eWir haben f\u00fcr unsere Besch\u00e4ftigten einen naturnahen Mitarbeitergarten angelegt und stellen fest, dass auch die Umgebung unseres Firmengel\u00e4ndes deutlich gr\u00fcner geworden ist. Mit Blick auf das Wohlbefinden verbuchen wir positive Effekte\u201c, erkl\u00e4rt Gesch\u00e4ftsf\u00fchrer Martin Alders.<\/p>\n\n\n\n<p>Das B\u00fcndnis ist eine bundesweite Initiative von IHKs und der DIHK Service GmbH im Rahmen des Verbundprojekts Unternehmen Biologische Vielfalt (UBi).<\/p>\n\n\n\n<p>Quelle: <a href=\"https:\/\/mittlerer-niederrhein.ihk.de\/de\/oeffentlichkeitsarbeit\/pressemitteilungen\/2024\/ihk-biodiversitaetsbuendnis-gegruendet.html\">IHK Mittlerer Niederrhein<\/a><\/p>\n\n\n<figure class=\"wp-block-post-featured-image\"><img loading=\"lazy\" decoding=\"async\" width=\"987\" height=\"392\" src=\"https:\/\/standort-niederrhein.de\/wp-content\/uploads\/2024\/12\/pm283_biodiversitaetsbuendnis-artikel2.jpg\" class=\"attachment-post-thumbnail size-post-thumbnail wp-post-image\" alt=\"\" style=\"object-fit:cover;\" srcset=\"https:\/\/standort-niederrhein.de\/wp-content\/uploads\/2024\/12\/pm283_biodiversitaetsbuendnis-artikel2.jpg 987w, https:\/\/standort-niederrhein.de\/wp-content\/uploads\/2024\/12\/pm283_biodiversitaetsbuendnis-artikel2-980x389.jpg 980w, https:\/\/standort-niederrhein.de\/wp-content\/uploads\/2024\/12\/pm283_biodiversitaetsbuendnis-artikel2-480x191.jpg 480w\" sizes=\"(min-width: 0px) and (max-width: 480px) 480px, (min-width: 481px) and (max-width: 980px) 980px, (min-width: 981px) 987px, 100vw\" \/><\/figure>\n\n\n<p>Mehr als 20 Unternehmen und Institutionen sind dem Biodiversit\u00e4tsb\u00fcndnis der IHK Mittlerer Niederrhein bislang beigetreten.\u00a0| Foto: IHK Mittlerer Niederrhein<\/p>\n","protected":false},"excerpt":{"rendered":"<p>Mittlerer Niederrhein. Premiere in Nordrhein-Westfalen: Die Industrie- und Handelskammer (IHK) Mittlerer Niederrhein hat das erste Biodiversit\u00e4tsb\u00fcndnis gegr\u00fcndet und den bislang mehr als 20 teilnehmenden Unternehmen und Institutionen eine Urkunde \u00fcberreicht. Mit ihrer Unterschrift haben sich die B\u00fcndnismitglieder dazu verpflichtet, bestimmten Leitlinien zu folgen. Sie zielen darauf ab, den Wissenstransfer in und zwischen Unternehmen zu erh\u00f6hen [&hellip;]<\/p>\n","protected":false},"author":3,"featured_media":5270,"comment_status":"closed","ping_status":"closed","sticky":false,"template":"","format":"standard","meta":{"_et_pb_use_builder":"","_et_pb_old_content":"","_et_gb_content_width":"","footnotes":""},"categories":[1],"tags":[],"class_list":["post-5269","post","type-post","status-publish","format-standard","has-post-thumbnail","hentry","category-allgemein"],"_links":{"self":[{"href":"https:\/\/standort-niederrhein.de\/en\/wp-json\/wp\/v2\/posts\/5269","targetHints":{"allow":["GET"]}}],"collection":[{"href":"https:\/\/standort-niederrhein.de\/en\/wp-json\/wp\/v2\/posts"}],"about":[{"href":"https:\/\/standort-niederrhein.de\/en\/wp-json\/wp\/v2\/types\/post"}],"author":[{"embeddable":true,"href":"https:\/\/standort-niederrhein.de\/en\/wp-json\/wp\/v2\/users\/3"}],"replies":[{"embeddable":true,"href":"https:\/\/standort-niederrhein.de\/en\/wp-json\/wp\/v2\/comments?post=5269"}],"version-history":[{"count":1,"href":"https:\/\/standort-niederrhein.de\/en\/wp-json\/wp\/v2\/posts\/5269\/revisions"}],"predecessor-version":[{"id":5271,"href":"https:\/\/standort-niederrhein.de\/en\/wp-json\/wp\/v2\/posts\/5269\/revisions\/5271"}],"wp:featuredmedia":[{"embeddable":true,"href":"https:\/\/standort-niederrhein.de\/en\/wp-json\/wp\/v2\/media\/5270"}],"wp:attachment":[{"href":"https:\/\/standort-niederrhein.de\/en\/wp-json\/wp\/v2\/media?parent=5269"}],"wp:term":[{"taxonomy":"category","embeddable":true,"href":"https:\/\/standort-niederrhein.de\/en\/wp-json\/wp\/v2\/categories?post=5269"},{"taxonomy":"post_tag","embeddable":true,"href":"https:\/\/standort-niederrhein.de\/en\/wp-json\/wp\/v2\/tags?post=5269"}],"curies":[{"name":"wp","href":"https:\/\/api.w.org\/{rel}","templated":true}]}}