{"id":5258,"date":"2024-12-06T06:00:00","date_gmt":"2024-12-06T05:00:00","guid":{"rendered":"https:\/\/invest-in-niederrhein.de\/?p=5258"},"modified":"2024-12-03T10:50:41","modified_gmt":"2024-12-03T09:50:41","slug":"infoseminar-zu-grenzueberschreitenden-projekten-im-kreishaus-neuss","status":"publish","type":"post","link":"https:\/\/standort-niederrhein.de\/en\/2024\/12\/06\/infoseminar-zu-grenzueberschreitenden-projekten-im-kreishaus-neuss\/","title":{"rendered":"Infoseminar zu grenz\u00fcberschreitenden Projekten im Kreishaus Neuss"},"content":{"rendered":"\n<p><strong>Rhein-Kreis Neuss. <\/strong>Welche grenz\u00fcberschreitenden Projekte sind in der Euregio Rhein-Maas-Nord in den Bereichen Arbeit und Bildung m\u00f6glich? Dar\u00fcber informierten sich jetzt Interessierte aus den Sport- und Schul\u00e4mtern und den Wirtschaftsf\u00f6rderungen der kreisangeh\u00f6rigen Kommunen im Kreishaus Neuss. Bei dem Informationsseminar wurden der Zweckverband Euregio Rhein-Maas-Nord sowie das Interreg VI A-Programm, das grenz\u00fcberschreitende Projekte f\u00f6rdert, vorgestellt.<\/p>\n\n\n\n<p>In seiner Begr\u00fc\u00dfung betonte Landrat Hans-J\u00fcrgen Petrauschke: \u201eUnser Kreis ist seit 1986 Mitglied der Euregio Rhein-Maas-Nord und hat von der fachlichen Zusammenarbeit und gemeinsamen grenz\u00fcberschreitenden Projekten sp\u00fcrbar profitiert. Ich freue mich, dass Veranstaltungen wie diese dem Austausch dienen und daf\u00fcr sorgen, dass wir stets \u00fcber die neuesten Projektangebote der Euregio-Gesch\u00e4ftsstelle informiert bleiben.\u201c<\/p>\n\n\n\n<p>Maike Hajjoubi, Gesch\u00e4ftsf\u00fchrerin der Euregio, hob hervor, dass die 1978 gegr\u00fcndete Euregio den Zusammenhalt \u00fcber die Grenze hinweg f\u00f6rdere und grenz\u00fcberschreitende Hindernisse wie Steuer- und Sozialpolitik durch zahlreiche Aktivit\u00e4ten und Projekte abbaue. Schwerpunkte seien aktuell die Themen Mobilit\u00e4t und Bildung, wobei es konkret um die Verl\u00e4ngerung von Buslinien \u00fcber die Grenze nach Roermond gehe. Im Bereich Bildung werden deutsch-niederl\u00e4ndische Schulpartnerschaften gef\u00f6rdert mit dem Ziel, Schulen als Euregioprofilschulen zu zertifizieren. Au\u00dferdem stellte sie Grenzinformationspunkte vor, die zum Leben und Arbeiten im jeweils anderen Land kostenlos beraten, sowie die SGA in Venlo, eine grenz\u00fcberschreitende Arbeitsvermittlung.<\/p>\n\n\n\n<p>\u00dcber das Interreg VI A-Programm informierte Michiel Savelsbergh, Referent f\u00fcr Strategie und Kommunikation. Dieses l\u00e4uft von 2021 bis 2027, ist mit rund 465 Millionen Euro ausgestattet und widmet sich unter anderem den Themen Digitalisierung, Nachhaltigkeit und Innovationen bei Produkten und Dienstleistungen. F\u00f6rderf\u00e4hig sind Projekte, bei denen ein deutscher und ein niederl\u00e4ndischer Partner kooperieren und die den Menschen vor Ort zugutekommen. Interessant f\u00fcr kleine und mittlere Unternehmen ist die sogenannte KMU-Projektlinie mit einer F\u00f6rderung von bis zu 75 000 Euro. Schulen und Vereine k\u00f6nnen sich mit Miniprojekten bewerben wie Tagesveranstaltungen mit einer F\u00f6rderung in H\u00f6he von bis zu 750 Euro.<\/p>\n\n\n\n<p>Quelle: <a href=\"http:\/\/www.rhein-kreis-neuss.de\">Rhein-Kreis Neuss<\/a><\/p>\n\n\n<figure class=\"wp-block-post-featured-image\"><img loading=\"lazy\" decoding=\"async\" width=\"2560\" height=\"1703\" src=\"https:\/\/standort-niederrhein.de\/wp-content\/uploads\/2024\/12\/Foto.Infosem.euregiormn.InterregVIA.25.11.2024-scaled.jpg\" class=\"attachment-post-thumbnail size-post-thumbnail wp-post-image\" alt=\"\" style=\"object-fit:cover;\" srcset=\"https:\/\/standort-niederrhein.de\/wp-content\/uploads\/2024\/12\/Foto.Infosem.euregiormn.InterregVIA.25.11.2024-scaled.jpg 2560w, https:\/\/standort-niederrhein.de\/wp-content\/uploads\/2024\/12\/Foto.Infosem.euregiormn.InterregVIA.25.11.2024-1280x852.jpg 1280w, https:\/\/standort-niederrhein.de\/wp-content\/uploads\/2024\/12\/Foto.Infosem.euregiormn.InterregVIA.25.11.2024-980x652.jpg 980w, https:\/\/standort-niederrhein.de\/wp-content\/uploads\/2024\/12\/Foto.Infosem.euregiormn.InterregVIA.25.11.2024-480x319.jpg 480w\" sizes=\"(min-width: 0px) and (max-width: 480px) 480px, (min-width: 481px) and (max-width: 980px) 980px, (min-width: 981px) and (max-width: 1280px) 1280px, (min-width: 1281px) 2560px, 100vw\" \/><\/figure>\n\n\n<p>Landrat Hans-J\u00fcrgen Petrauschke (M.) begr\u00fc\u00dfte Euregio-Vertreter:innen und Interessierte aus den Kommunen zu dem Infoseminar im Kreishaus Neuss. | Foto: S. B\u00fcntig \/ Rhein-Kreis Neuss<\/p>\n","protected":false},"excerpt":{"rendered":"<p>Rhein-Kreis Neuss. Welche grenz\u00fcberschreitenden Projekte sind in der Euregio Rhein-Maas-Nord in den Bereichen Arbeit und Bildung m\u00f6glich? Dar\u00fcber informierten sich jetzt Interessierte aus den Sport- und Schul\u00e4mtern und den Wirtschaftsf\u00f6rderungen der kreisangeh\u00f6rigen Kommunen im Kreishaus Neuss. Bei dem Informationsseminar wurden der Zweckverband Euregio Rhein-Maas-Nord sowie das Interreg VI A-Programm, das grenz\u00fcberschreitende Projekte f\u00f6rdert, vorgestellt. In [&hellip;]<\/p>\n","protected":false},"author":3,"featured_media":5259,"comment_status":"closed","ping_status":"closed","sticky":false,"template":"","format":"standard","meta":{"_et_pb_use_builder":"","_et_pb_old_content":"","_et_gb_content_width":"","footnotes":""},"categories":[1],"tags":[],"class_list":["post-5258","post","type-post","status-publish","format-standard","has-post-thumbnail","hentry","category-allgemein"],"_links":{"self":[{"href":"https:\/\/standort-niederrhein.de\/en\/wp-json\/wp\/v2\/posts\/5258","targetHints":{"allow":["GET"]}}],"collection":[{"href":"https:\/\/standort-niederrhein.de\/en\/wp-json\/wp\/v2\/posts"}],"about":[{"href":"https:\/\/standort-niederrhein.de\/en\/wp-json\/wp\/v2\/types\/post"}],"author":[{"embeddable":true,"href":"https:\/\/standort-niederrhein.de\/en\/wp-json\/wp\/v2\/users\/3"}],"replies":[{"embeddable":true,"href":"https:\/\/standort-niederrhein.de\/en\/wp-json\/wp\/v2\/comments?post=5258"}],"version-history":[{"count":1,"href":"https:\/\/standort-niederrhein.de\/en\/wp-json\/wp\/v2\/posts\/5258\/revisions"}],"predecessor-version":[{"id":5260,"href":"https:\/\/standort-niederrhein.de\/en\/wp-json\/wp\/v2\/posts\/5258\/revisions\/5260"}],"wp:featuredmedia":[{"embeddable":true,"href":"https:\/\/standort-niederrhein.de\/en\/wp-json\/wp\/v2\/media\/5259"}],"wp:attachment":[{"href":"https:\/\/standort-niederrhein.de\/en\/wp-json\/wp\/v2\/media?parent=5258"}],"wp:term":[{"taxonomy":"category","embeddable":true,"href":"https:\/\/standort-niederrhein.de\/en\/wp-json\/wp\/v2\/categories?post=5258"},{"taxonomy":"post_tag","embeddable":true,"href":"https:\/\/standort-niederrhein.de\/en\/wp-json\/wp\/v2\/tags?post=5258"}],"curies":[{"name":"wp","href":"https:\/\/api.w.org\/{rel}","templated":true}]}}