{"id":5249,"date":"2024-12-02T09:00:00","date_gmt":"2024-12-02T08:00:00","guid":{"rendered":"https:\/\/invest-in-niederrhein.de\/?p=5249"},"modified":"2024-12-02T11:42:28","modified_gmt":"2024-12-02T10:42:28","slug":"worado-offizieller-baubeginn-am-felder-hof","status":"publish","type":"post","link":"https:\/\/standort-niederrhein.de\/en\/2024\/12\/02\/worado-offizieller-baubeginn-am-felder-hof\/","title":{"rendered":"WORADO: Offizieller Baubeginn \u201eAm Felder Hof\u201c"},"content":{"rendered":"\n<p><strong>Dormagen.<\/strong> Die Wohnraumgesellschaft Dormagen (WORADO) hat mit ihrem bislang umfangreichsten Projekt begonnen.\u00a0B\u00fcrgermeister Erik Lierenfeld und WORADO-Gesch\u00e4ftsf\u00fchrer Uwe Heidel haben jetzt den Startschuss f\u00fcr das Bauprojekt \u201eAm Felder Hof\u201c in Nievenheim gegeben.<\/p>\n\n\n\n<p>Auf einer Fl\u00e4che von rund 13.300 Quadratmetern entstehen insgesamt 50 hochwertige Wohnungen. Das Bauprojekt umfasst f\u00fcnf Mehrfamilienh\u00e4user. 40 Wohnungen werden \u00f6ffentlich gef\u00f6rdert und k\u00f6nnen dadurch nur von Personen mit einem Wohnberechtigungsschein gemietet werden.<\/p>\n\n\n\n<p>\u201eMit dem Bauvorhaben \u201aAm Felder Hof\u2018 setzt die WORADO ein weiteres Ausrufezeichen bei der Bek\u00e4mpfung des Wohnraummangels. Ich freue mich sehr, dass unser eingeschlagener Weg vor einigen Jahren Fr\u00fcchte tr\u00e4gt\u201c, sagt B\u00fcrgermeister Erik Lierenfeld.<\/p>\n\n\n\n<p>Ein zentrales Merkmal des Projekts ist die Holzmodulbauweise, die den Ressourcenverbrauch minimiert und die Bauzeit erheblich verk\u00fcrzt. Die Geb\u00e4ude werden \u00fcber zwei Vollgeschosse und ein Staffelgeschoss mit begr\u00fcnten Flachd\u00e4chern verf\u00fcgen. Zudem werden sie mit einer Photovoltaikanlage und einem Batteriespeicher best\u00fcckt, die eine effiziente und umweltfreundliche Energieversorgung sicherstellen. Eine Luft-Wasser-W\u00e4rmepumpe liefert nachhaltige W\u00e4rme f\u00fcr alle Wohneinheiten.<\/p>\n\n\n\n<p>Die Zwei- und Vierzimmerwohnungen mit Gr\u00f6\u00dfen zwischen 65 und 100 Quadratmetern werden alle einen Balkon oder eine Terrasse haben. Im Au\u00dfenbereich werden sich Sitzbereiche, Spielpl\u00e4tze und Begegnungsr\u00e4ume befinden. F\u00fcr Mieterinnen und Mieter werden ausreichend Parkm\u00f6glichkeiten zur Verf\u00fcgung stehen, die nach Bedarf mit Ladestationen f\u00fcr Elektroautos erweitert werden k\u00f6nnen.<\/p>\n\n\n\n<p>Die voraussichtliche Fertigstellung ist im Herbst 2025.<\/p>\n\n\n\n<p>Quelle: <a href=\"http:\/\/www.dormagen.de\">Stadt Dormagen<\/a><\/p>\n\n\n<figure class=\"wp-block-post-featured-image\"><img loading=\"lazy\" decoding=\"async\" width=\"8064\" height=\"6048\" src=\"https:\/\/standort-niederrhein.de\/wp-content\/uploads\/2024\/12\/WORADO-Felder-Hof.jpg\" class=\"attachment-post-thumbnail size-post-thumbnail wp-post-image\" alt=\"\" style=\"object-fit:cover;\" srcset=\"https:\/\/standort-niederrhein.de\/wp-content\/uploads\/2024\/12\/WORADO-Felder-Hof.jpg 8064w, https:\/\/standort-niederrhein.de\/wp-content\/uploads\/2024\/12\/WORADO-Felder-Hof-300x225.jpg 300w, https:\/\/standort-niederrhein.de\/wp-content\/uploads\/2024\/12\/WORADO-Felder-Hof-1024x768.jpg 1024w, https:\/\/standort-niederrhein.de\/wp-content\/uploads\/2024\/12\/WORADO-Felder-Hof-768x576.jpg 768w, https:\/\/standort-niederrhein.de\/wp-content\/uploads\/2024\/12\/WORADO-Felder-Hof-1080x810.jpg 1080w\" sizes=\"(max-width: 8064px) 100vw, 8064px\" \/><\/figure>\n\n\n<p>B\u00fcrgermeister Erik Lierenfeld, Baris Delibas (WORADO), Jutta Quasten-Mundt (Projektsteuerung), Caroline Magiera (General\u00fcbernehmerin Rauchfuss E.S.), Uwe Heidel (Gesch\u00e4ftsf\u00fchrer WORADO), Florian Nedden (Rauchfuss E.S.) und Fritz Holtgrewe (Rauchfuss E.S.) v.l.n.r. | Foto: Stadt Dormagen<\/p>\n","protected":false},"excerpt":{"rendered":"<p>Dormagen. Die Wohnraumgesellschaft Dormagen (WORADO) hat mit ihrem bislang umfangreichsten Projekt begonnen.\u00a0B\u00fcrgermeister Erik Lierenfeld und WORADO-Gesch\u00e4ftsf\u00fchrer Uwe Heidel haben jetzt den Startschuss f\u00fcr das Bauprojekt \u201eAm Felder Hof\u201c in Nievenheim gegeben. Auf einer Fl\u00e4che von rund 13.300 Quadratmetern entstehen insgesamt 50 hochwertige Wohnungen. Das Bauprojekt umfasst f\u00fcnf Mehrfamilienh\u00e4user. 40 Wohnungen werden \u00f6ffentlich gef\u00f6rdert und k\u00f6nnen [&hellip;]<\/p>\n","protected":false},"author":3,"featured_media":5250,"comment_status":"closed","ping_status":"closed","sticky":false,"template":"","format":"standard","meta":{"_et_pb_use_builder":"","_et_pb_old_content":"","_et_gb_content_width":"","footnotes":""},"categories":[1],"tags":[],"class_list":["post-5249","post","type-post","status-publish","format-standard","has-post-thumbnail","hentry","category-allgemein"],"_links":{"self":[{"href":"https:\/\/standort-niederrhein.de\/en\/wp-json\/wp\/v2\/posts\/5249","targetHints":{"allow":["GET"]}}],"collection":[{"href":"https:\/\/standort-niederrhein.de\/en\/wp-json\/wp\/v2\/posts"}],"about":[{"href":"https:\/\/standort-niederrhein.de\/en\/wp-json\/wp\/v2\/types\/post"}],"author":[{"embeddable":true,"href":"https:\/\/standort-niederrhein.de\/en\/wp-json\/wp\/v2\/users\/3"}],"replies":[{"embeddable":true,"href":"https:\/\/standort-niederrhein.de\/en\/wp-json\/wp\/v2\/comments?post=5249"}],"version-history":[{"count":1,"href":"https:\/\/standort-niederrhein.de\/en\/wp-json\/wp\/v2\/posts\/5249\/revisions"}],"predecessor-version":[{"id":5251,"href":"https:\/\/standort-niederrhein.de\/en\/wp-json\/wp\/v2\/posts\/5249\/revisions\/5251"}],"wp:featuredmedia":[{"embeddable":true,"href":"https:\/\/standort-niederrhein.de\/en\/wp-json\/wp\/v2\/media\/5250"}],"wp:attachment":[{"href":"https:\/\/standort-niederrhein.de\/en\/wp-json\/wp\/v2\/media?parent=5249"}],"wp:term":[{"taxonomy":"category","embeddable":true,"href":"https:\/\/standort-niederrhein.de\/en\/wp-json\/wp\/v2\/categories?post=5249"},{"taxonomy":"post_tag","embeddable":true,"href":"https:\/\/standort-niederrhein.de\/en\/wp-json\/wp\/v2\/tags?post=5249"}],"curies":[{"name":"wp","href":"https:\/\/api.w.org\/{rel}","templated":true}]}}