{"id":5246,"date":"2024-12-01T06:00:00","date_gmt":"2024-12-01T05:00:00","guid":{"rendered":"https:\/\/invest-in-niederrhein.de\/?p=5246"},"modified":"2024-11-29T11:33:50","modified_gmt":"2024-11-29T10:33:50","slug":"landrat-freut-sich-ueber-rueckgang-der-arbeitslosigkeit-im-kreis","status":"publish","type":"post","link":"https:\/\/standort-niederrhein.de\/en\/2024\/12\/01\/landrat-freut-sich-ueber-rueckgang-der-arbeitslosigkeit-im-kreis\/","title":{"rendered":"Landrat freut sich \u00fcber R\u00fcckgang der Arbeitslosigkeit im Kreis"},"content":{"rendered":"\n<p><strong>Rhein-Kreis Neuss. <\/strong>Die Arbeitslosigkeit im Rhein-Kreis Neuss ist im November zur\u00fcckgegangen. Das geht aus den heute vorgelegten Zahlen der Agentur f\u00fcr Arbeit hervor. Die Arbeitslosenquote ging demnach im Rhein-Kreis Neuss auf 5,9 Prozent zur\u00fcck und fiel um 0,1 Prozentpunkte im Vergleich zum Vormonat. \u201eDas ist insbesondere angesichts der angespannten wirtschaftlichen Lage, in der sich Deutschland insgesamt befindet, erfreulich und eine gute Nachricht f\u00fcr die Menschen bei uns im Kreis\u201c, betont Landrat Hans-J\u00fcrgen Petrauschke.<\/p>\n\n\n\n<p>Zugleich weist der Landrat darauf hin, dass der Wirtschaftsstandort angesichts der Vielzahl an Herausforderungen weiter gest\u00e4rkt werden muss. \u201eDer Bund muss mit ad\u00e4quaten Ma\u00dfnahmen den Rahmen daf\u00fcr schaffen, dass die in Deutschland ans\u00e4ssigen Unternehmen im internationalen Wettbewerb bestehen und erfolgreich wirtschaften k\u00f6nnen. Zu viel B\u00fcrokratie und zu hohe Standortkosten bremsen die wirtschaftliche Entwicklung in unserem Land aus und hemmen die Investitionsbereitschaft der Unternehmen. Diese Hemmnisse m\u00fcssen gel\u00f6st werden\u201c, betont Petrauschke. \u201eEs geht um den Erhalt und die zus\u00e4tzliche Schaffung von Arbeitspl\u00e4tzen und Wertsch\u00f6pfung und damit um Wohlstand und Lebensqualit\u00e4t.\u201c<\/p>\n\n\n\n<p>Quelle: <a href=\"http:\/\/www.rhein-kreis-neuss.de\">Rhein-Kreis Neuss<\/a><\/p>\n","protected":false},"excerpt":{"rendered":"<p>Rhein-Kreis Neuss. Die Arbeitslosigkeit im Rhein-Kreis Neuss ist im November zur\u00fcckgegangen. Das geht aus den heute vorgelegten Zahlen der Agentur f\u00fcr Arbeit hervor. Die Arbeitslosenquote ging demnach im Rhein-Kreis Neuss auf 5,9 Prozent zur\u00fcck und fiel um 0,1 Prozentpunkte im Vergleich zum Vormonat. \u201eDas ist insbesondere angesichts der angespannten wirtschaftlichen Lage, in der sich Deutschland [&hellip;]<\/p>\n","protected":false},"author":3,"featured_media":0,"comment_status":"closed","ping_status":"closed","sticky":false,"template":"","format":"standard","meta":{"_et_pb_use_builder":"","_et_pb_old_content":"","_et_gb_content_width":"","footnotes":""},"categories":[1],"tags":[],"class_list":["post-5246","post","type-post","status-publish","format-standard","hentry","category-allgemein"],"_links":{"self":[{"href":"https:\/\/standort-niederrhein.de\/en\/wp-json\/wp\/v2\/posts\/5246","targetHints":{"allow":["GET"]}}],"collection":[{"href":"https:\/\/standort-niederrhein.de\/en\/wp-json\/wp\/v2\/posts"}],"about":[{"href":"https:\/\/standort-niederrhein.de\/en\/wp-json\/wp\/v2\/types\/post"}],"author":[{"embeddable":true,"href":"https:\/\/standort-niederrhein.de\/en\/wp-json\/wp\/v2\/users\/3"}],"replies":[{"embeddable":true,"href":"https:\/\/standort-niederrhein.de\/en\/wp-json\/wp\/v2\/comments?post=5246"}],"version-history":[{"count":1,"href":"https:\/\/standort-niederrhein.de\/en\/wp-json\/wp\/v2\/posts\/5246\/revisions"}],"predecessor-version":[{"id":5247,"href":"https:\/\/standort-niederrhein.de\/en\/wp-json\/wp\/v2\/posts\/5246\/revisions\/5247"}],"wp:attachment":[{"href":"https:\/\/standort-niederrhein.de\/en\/wp-json\/wp\/v2\/media?parent=5246"}],"wp:term":[{"taxonomy":"category","embeddable":true,"href":"https:\/\/standort-niederrhein.de\/en\/wp-json\/wp\/v2\/categories?post=5246"},{"taxonomy":"post_tag","embeddable":true,"href":"https:\/\/standort-niederrhein.de\/en\/wp-json\/wp\/v2\/tags?post=5246"}],"curies":[{"name":"wp","href":"https:\/\/api.w.org\/{rel}","templated":true}]}}