{"id":5239,"date":"2024-11-29T06:00:00","date_gmt":"2024-11-29T05:00:00","guid":{"rendered":"https:\/\/invest-in-niederrhein.de\/?p=5239"},"modified":"2024-11-29T08:43:32","modified_gmt":"2024-11-29T07:43:32","slug":"anfang-2025-wechsel-an-der-spitze-der-willicher-wirtschaftsfoerderung","status":"publish","type":"post","link":"https:\/\/standort-niederrhein.de\/en\/2024\/11\/29\/anfang-2025-wechsel-an-der-spitze-der-willicher-wirtschaftsfoerderung\/","title":{"rendered":"Anfang 2025 Wechsel an der Spitze der Willicher Wirtschaftsf\u00f6rderung"},"content":{"rendered":"\n<p>Der Jahreswechsel bringt auch einen Wechsel an der Spitze der Willicher Wirtschaftsf\u00f6rderung: F\u00fcr Christian Hehnen, der sich nach 15 Jahren als Wirtschaftsf\u00f6rderer (zuletzt als Leiter gleichnamigen Gesch\u00e4ftsbereiches) entschieden hat, sich abseits der Verwaltung neuen Herausforderungen zu stellen, r\u00fcckt Birgit von Billerbeck aus dem Team nach: Der Hauptausschuss hatte sich Mitte November f\u00fcr sie als Nachfolgerein ausgesprochen.&nbsp;<\/p>\n\n\n\n<p>Hehnen blickt auf rund 2.300 Firmenbesuche zur\u00fcck, die Teilnahme an etwa 800 Unternehmer-Veranstaltungen und \u2013 nicht zuletzt \u2013 auf 144 Grundst\u00fccksverk\u00e4ufe. Und vor allem eine alles in allem spannende Zeit in einem vielseitigen Arbeitsbereich.&nbsp;<\/p>\n\n\n\n<p>&#8220;Am eindrucksvollsten waren sicherlich die beiden Dienstreisen nach Japan: Gastfreundschaft, landschaftliche Sch\u00f6nheiten, kulturelle Highlights und das Erlebnis, Firmen vor Ort zu erleben, deren Europazentralen hier bei uns in Willich angesiedelt sind.\u201c<\/p>\n\n\n\n<p>so Hehnen. Au\u00dferdem hat er die Begleitung von Unternehmen bei deren Neuansiedlung in Neubau oder Bestandsimmobilie und das dabei oft vom ersten Kontakt \u00fcber Beratung, Verkauf, Antragsstellung bin hin zum Einzug entstehende Vertrauensverh\u00e4ltnis zwischen allen Beteiligten stets sehr gesch\u00e4tzt. Und ein weiteres Highlight ist f\u00fcr ihn die Entwicklung von M\u00fcnchheide V:\u00a0\u201eDa war ich mit einer Gruppe von Projektbeteiligten vom Start weg mit dabei \u2013 als die Zukunft quasi auf die gr\u00fcne Wiese geplant wurde. Und jetzt steht schon die erste Halle auf dem Gel\u00e4nde. Das war ein unglaublich intensiver Prozess, eine echte Herausforderung &#8211; und ein sch\u00f6ner Erfolg.\u201c<\/p>\n\n\n\n<p>Abseits dieser Highlights sei aber auch das Alltagsgesch\u00e4ft, so Hehnen, selten zu Routine erstarrt: Die regelm\u00e4\u00dfigen Bestandspflegebesuche seien immer spannend und informativ gewesen.\u00a0\u201eZu sehen, was ein Unternehmen unter welchen Bedingungen konkret tut, war nicht nur oft total interessant &#8211;\u00a0 es hat mir auch erm\u00f6glicht, die Perspektive des Unternehmers besser nachvollziehen zu k\u00f6nnen, wenn es um L\u00f6sungen bei Problemen, Problemchen oder auch Erweiterungsw\u00fcnsche ging.\u201c<\/p>\n\n\n\n<h4 class=\"wp-block-heading\">Nachfolgerin aus der Linie<\/h4>\n\n\n\n<p>Seiner bisherigen Kollegin und k\u00fcnftigen Nachfolgerin Birgit von Billerbeck, die ja aus der Linie und seinem Team stammt, w\u00fcnscht Hehnen eine ebenso spannende und erfolgreiche Zeit. Sie hat nach ihrem Studium der Japanologie, Volkswirtschaftslehre und Politikwissenschaft an der Waseda University Tokyo und der Philipps-Universit\u00e4t in Marburg (Magister-Abschluss) berufliche Erfahrungen unter anderem bei Henkel in D\u00fcsseldorf, bei Daiwa Securities SMBC Europe Limited (Frankfurt) und nach ihrer Elternzeit im Gr\u00fcnder- und Technologiezentrum Solingen sowie in Mettmann (Stabsstelle Wirtschaftsf\u00f6rderung) gesammelt; schon seit 2020 geh\u00f6rt sie zum Team der Willicher Wirtschaftsf\u00f6rderung im gleichnamigen Gesch\u00e4ftsbereich, den sie nun ab 1. Januar des kommenden Jahres leiten wird.<\/p>\n\n\n\n<p>Sie sieht durchaus \u201edie gro\u00dfen Fu\u00dfstapfen, die Christian Hehnen hier in der Szene hinterlassen hat und denen es gerecht zu werden\u201c gelte, geht den Job also mit Respekt, aber auch durchaus mit Gestaltungwillen an:\u00a0<\/p>\n\n\n\n<blockquote class=\"wp-block-quote is-layout-flow wp-block-quote-is-layout-flow\">\n<p>\u201eNat\u00fcrlich werde ich mich erstmal in die neue Position einfinden m\u00fcssen \u2013 aber ich kann auf ein gutes Team, die gute Vorarbreit meines Ex-Chefs und die guten Netzwerke aufbauen, die mir ja zu einem Gro\u00dfteil auch vertraut sind.\u201c&nbsp;<\/p>\n<\/blockquote>\n\n\n\n<p>so Billerbeck. Die Chance, eigene Akzente zu setzen, ergibt sich f\u00fcr sie allein schon aus der Tatsache, dass seit Neuestem der Gesch\u00e4ftsbereich noch deutlich breiter aufgestellt ist: Wirtschaftsf\u00f6rderung, Stadtmanagement, Kultur und Festspiele geh\u00f6ren jetzt unter ein Dach.\u00a0\u201eIm Bereich des Stadtmanagements wird sicherlich das Leerstands-Management einen herausfordernden Schwerpunkt bilden. Und die Integration des Bereichs Kultur, das Nutzen des Potentials der daraus entstehenden Synergie-Effekte wird ebenfalls zu einer spannenden und fordernden Aufgabe.\u201c \u00a0\u00a0\u00a0<\/p>\n\n\n\n<p>Quelle: <a href=\"https:\/\/www.stadt-willich.de\/service\/aktuelle-meldungen\/nachfolgerin-mit-respekt-und-zielen\">Stadt Willich<\/a><\/p>\n","protected":false},"excerpt":{"rendered":"<p>Der Jahreswechsel bringt auch einen Wechsel an der Spitze der Willicher Wirtschaftsf\u00f6rderung: F\u00fcr Christian Hehnen, der sich nach 15 Jahren als Wirtschaftsf\u00f6rderer (zuletzt als Leiter gleichnamigen Gesch\u00e4ftsbereiches) entschieden hat, sich abseits der Verwaltung neuen Herausforderungen zu stellen, r\u00fcckt Birgit von Billerbeck aus dem Team nach: Der Hauptausschuss hatte sich Mitte November f\u00fcr sie als Nachfolgerein [&hellip;]<\/p>\n","protected":false},"author":3,"featured_media":0,"comment_status":"closed","ping_status":"closed","sticky":false,"template":"","format":"standard","meta":{"_et_pb_use_builder":"","_et_pb_old_content":"","_et_gb_content_width":"","footnotes":""},"categories":[1],"tags":[],"class_list":["post-5239","post","type-post","status-publish","format-standard","hentry","category-allgemein"],"_links":{"self":[{"href":"https:\/\/standort-niederrhein.de\/en\/wp-json\/wp\/v2\/posts\/5239","targetHints":{"allow":["GET"]}}],"collection":[{"href":"https:\/\/standort-niederrhein.de\/en\/wp-json\/wp\/v2\/posts"}],"about":[{"href":"https:\/\/standort-niederrhein.de\/en\/wp-json\/wp\/v2\/types\/post"}],"author":[{"embeddable":true,"href":"https:\/\/standort-niederrhein.de\/en\/wp-json\/wp\/v2\/users\/3"}],"replies":[{"embeddable":true,"href":"https:\/\/standort-niederrhein.de\/en\/wp-json\/wp\/v2\/comments?post=5239"}],"version-history":[{"count":1,"href":"https:\/\/standort-niederrhein.de\/en\/wp-json\/wp\/v2\/posts\/5239\/revisions"}],"predecessor-version":[{"id":5240,"href":"https:\/\/standort-niederrhein.de\/en\/wp-json\/wp\/v2\/posts\/5239\/revisions\/5240"}],"wp:attachment":[{"href":"https:\/\/standort-niederrhein.de\/en\/wp-json\/wp\/v2\/media?parent=5239"}],"wp:term":[{"taxonomy":"category","embeddable":true,"href":"https:\/\/standort-niederrhein.de\/en\/wp-json\/wp\/v2\/categories?post=5239"},{"taxonomy":"post_tag","embeddable":true,"href":"https:\/\/standort-niederrhein.de\/en\/wp-json\/wp\/v2\/tags?post=5239"}],"curies":[{"name":"wp","href":"https:\/\/api.w.org\/{rel}","templated":true}]}}