{"id":5230,"date":"2024-11-26T07:00:00","date_gmt":"2024-11-26T06:00:00","guid":{"rendered":"https:\/\/invest-in-niederrhein.de\/?p=5230"},"modified":"2024-11-27T11:14:19","modified_gmt":"2024-11-27T10:14:19","slug":"erfolgreicher-auftakt-des-ersten-digitalen-stammtisches","status":"publish","type":"post","link":"https:\/\/standort-niederrhein.de\/en\/2024\/11\/26\/erfolgreicher-auftakt-des-ersten-digitalen-stammtisches\/","title":{"rendered":"Erfolgreicher Auftakt des ersten Digitalen Stammtisches"},"content":{"rendered":"\n<p><strong>Kreis Kleve<\/strong>.<strong> <\/strong>Die Premiere des Digitalen Stammtisches war mit mehr als \u00a075 Teilnehmenden ein voller Erfolg. \u00a0Robert Beinio, der Vorsitzende des F\u00f6rderverein der Hochschule Rhein-Waal \u2013 Campus Cleve e.V., erl\u00e4uterte im Rahmen seiner Begr\u00fc\u00dfung die Grundidee des Digitalen Stammtischs. Dieser solle als regelm\u00e4\u00dfige, informelle Austauschplattform zwischen Unternehmen und Hochschule dienen. Ziel sei es, so Beinio, Wege der Zusammenarbeit zu schaffen, den Wissenstransfer zu f\u00f6rdern und Netzwerke zu st\u00e4rken.<\/p>\n\n\n\n<p>Anschlie\u00dfend stellte Prof. Dr. Oliver Locker-Gr\u00fctjen die Fakult\u00e4ten der Hochschule Rhein-Waal sowie die vielf\u00e4ltigen M\u00f6glichkeiten der Zusammenarbeit zwischen Wirtschaft und Wissenschaft vor. Von gemeinsamen Forschungsprojekten \u00fcber den Zugang zu modernen Laboren bis hin zu Praktika und Abschlussarbeiten \u2013 die Hochschule biete Unternehmen zahlreiche Ankn\u00fcpfungspunkte, so der Hochschul-Pr\u00e4sident.<\/p>\n\n\n\n<p>Beim Diskussionsforum hatten die Teilnehmerinnen und Teilnehmer dann die Gelegenheit, Fragen zu stellen und sich aktiv einzubringen.<\/p>\n\n\n\n<p>Der Ausblick auf k\u00fcnftige Stammtische rundete die Veranstaltung ab. Geplant sind weitere themenspezifische Termine, bei denen unter anderem aktuelle Forschungsprojekte, Studieng\u00e4nge und Praxisbeispiele aus verschiedenen Fakult\u00e4ten im Fokus stehen werden.<\/p>\n\n\n\n<p>Die Auftaktveranstaltung zeigte, wie wichtig der Dialog zwischen Hochschule und Wirtschaft ist. Der n\u00e4chste Digitale Stammtisch wird am 23. Januar 2025 vom F\u00f6rderverein der Hochschule Rhein-Waal \u2013 Campus Cleve e.V. organisiert. Dabei wird die Fakult\u00e4t Gesellschaft und \u00d6konomie der Hochschule Rhein-Waal vorgestellt. Interessierte Unternehmen k\u00f6nnen sich bereits jetzt \u00fcber den F\u00f6rderverein Campus Cleve e.V. anmelden.<\/p>\n\n\n\n<p>Quelle: <a href=\"http:\/\/www.hochschule-rhein-waal.de\">F\u00f6rderverein Campus Cleve e.V.<\/a><\/p>\n\n\n<figure class=\"wp-block-post-featured-image\"><img loading=\"lazy\" decoding=\"async\" width=\"2000\" height=\"1172\" src=\"https:\/\/standort-niederrhein.de\/wp-content\/uploads\/2024\/11\/Nachbericht-1.-Digitaler-Stammtisch.png\" class=\"attachment-post-thumbnail size-post-thumbnail wp-post-image\" alt=\"\" style=\"object-fit:cover;\" srcset=\"https:\/\/standort-niederrhein.de\/wp-content\/uploads\/2024\/11\/Nachbericht-1.-Digitaler-Stammtisch.png 2000w, https:\/\/standort-niederrhein.de\/wp-content\/uploads\/2024\/11\/Nachbericht-1.-Digitaler-Stammtisch-1280x750.png 1280w, https:\/\/standort-niederrhein.de\/wp-content\/uploads\/2024\/11\/Nachbericht-1.-Digitaler-Stammtisch-980x574.png 980w, https:\/\/standort-niederrhein.de\/wp-content\/uploads\/2024\/11\/Nachbericht-1.-Digitaler-Stammtisch-480x281.png 480w\" sizes=\"(min-width: 0px) and (max-width: 480px) 480px, (min-width: 481px) and (max-width: 980px) 980px, (min-width: 981px) and (max-width: 1280px) 1280px, (min-width: 1281px) 2000px, 100vw\" \/><\/figure>\n\n\n<p>Der Digitale Stammtisch startete erfolgreich \u2013 die n\u00e4chsten Termine stehen bereits fest und versprechen spannende Einblicke in Forschung und Zusammenarbeit. Die Hochschule Rhein-Waal und der F\u00f6rderverein der Hochschule Rhein-Waal \u2013 Campus Cleve e.V. laden herzlich zur Teilnahme ein.<\/p>\n","protected":false},"excerpt":{"rendered":"<p>Kreis Kleve. Die Premiere des Digitalen Stammtisches war mit mehr als \u00a075 Teilnehmenden ein voller Erfolg. \u00a0Robert Beinio, der Vorsitzende des F\u00f6rderverein der Hochschule Rhein-Waal \u2013 Campus Cleve e.V., erl\u00e4uterte im Rahmen seiner Begr\u00fc\u00dfung die Grundidee des Digitalen Stammtischs. Dieser solle als regelm\u00e4\u00dfige, informelle Austauschplattform zwischen Unternehmen und Hochschule dienen. Ziel sei es, so Beinio, [&hellip;]<\/p>\n","protected":false},"author":3,"featured_media":5231,"comment_status":"closed","ping_status":"closed","sticky":false,"template":"","format":"standard","meta":{"_et_pb_use_builder":"","_et_pb_old_content":"","_et_gb_content_width":"","footnotes":""},"categories":[1],"tags":[],"class_list":["post-5230","post","type-post","status-publish","format-standard","has-post-thumbnail","hentry","category-allgemein"],"_links":{"self":[{"href":"https:\/\/standort-niederrhein.de\/en\/wp-json\/wp\/v2\/posts\/5230","targetHints":{"allow":["GET"]}}],"collection":[{"href":"https:\/\/standort-niederrhein.de\/en\/wp-json\/wp\/v2\/posts"}],"about":[{"href":"https:\/\/standort-niederrhein.de\/en\/wp-json\/wp\/v2\/types\/post"}],"author":[{"embeddable":true,"href":"https:\/\/standort-niederrhein.de\/en\/wp-json\/wp\/v2\/users\/3"}],"replies":[{"embeddable":true,"href":"https:\/\/standort-niederrhein.de\/en\/wp-json\/wp\/v2\/comments?post=5230"}],"version-history":[{"count":2,"href":"https:\/\/standort-niederrhein.de\/en\/wp-json\/wp\/v2\/posts\/5230\/revisions"}],"predecessor-version":[{"id":5235,"href":"https:\/\/standort-niederrhein.de\/en\/wp-json\/wp\/v2\/posts\/5230\/revisions\/5235"}],"wp:featuredmedia":[{"embeddable":true,"href":"https:\/\/standort-niederrhein.de\/en\/wp-json\/wp\/v2\/media\/5231"}],"wp:attachment":[{"href":"https:\/\/standort-niederrhein.de\/en\/wp-json\/wp\/v2\/media?parent=5230"}],"wp:term":[{"taxonomy":"category","embeddable":true,"href":"https:\/\/standort-niederrhein.de\/en\/wp-json\/wp\/v2\/categories?post=5230"},{"taxonomy":"post_tag","embeddable":true,"href":"https:\/\/standort-niederrhein.de\/en\/wp-json\/wp\/v2\/tags?post=5230"}],"curies":[{"name":"wp","href":"https:\/\/api.w.org\/{rel}","templated":true}]}}