{"id":5219,"date":"2024-11-25T06:00:00","date_gmt":"2024-11-25T05:00:00","guid":{"rendered":"https:\/\/invest-in-niederrhein.de\/?p=5219"},"modified":"2024-11-22T12:11:25","modified_gmt":"2024-11-22T11:11:25","slug":"kreismonitoring-2024-vorgestellt","status":"publish","type":"post","link":"https:\/\/standort-niederrhein.de\/en\/2024\/11\/25\/kreismonitoring-2024-vorgestellt\/","title":{"rendered":"Kreismonitoring 2024 vorgestellt"},"content":{"rendered":"\n<p><strong>Kreis Viersen. <\/strong>Der Kreis Viersen hat das diesj\u00e4hrige Kreismonitoring ver\u00f6ffentlicht. Darin finden B\u00fcrgerinnen und B\u00fcrger einen Gesamt\u00fcberblick \u00fcber die strukturellen Entwicklungen des Kreises Viersen.<\/p>\n\n\n\n<p>&#8220;Mit der neunten Ausgabe unseres Kreismonitorings liefern wir wieder einen spannenden Einblick in den Kreis Viersen&#8221;, sagt Landrat Dr. Andreas Coenen. &#8220;Einmal mehr beleuchten wir die vielf\u00e4ltigen Entwicklungen des gesellschaftlichen Lebens in unserer Region. So zeigt sich etwa, dass unsere Bem\u00fchungen um den Klimaschutz Fr\u00fcchte tragen und sich der Stromertrag aus Photovoltaik-Anlagen im Verlauf der letzten Jahre nahezu verdoppelt hat.&#8221;<\/p>\n\n\n\n<p>&#8220;Mit den neuen Daten aus dem Zensus 2022 ist das Kreismonitoring in Bezug auf die Bev\u00f6lkerungszahlen sehr aktuell&#8221;, berichtet Christoph L\u00f6w, Statistiker des Kreises Viersen. &#8220;Wir haben erneut ein attraktives und strukturiertes Zahlenwerk vorbereitet, dass allen Interessierten einen guten \u00dcberblick bietet.&#8221; Die Einwohnerzahl des Kreises ist nun auf Basis der Zensusdaten auf insgesamt 295.362 Personen korrigiert worden.<\/p>\n\n\n\n<p>Die im letzten Jahr eingef\u00fchrten Dashboards wurden beibehalten und aktualisiert. So erhalten alle Leserinnen und Leser einen schnellen \u00dcberblick in die neun Themenbl\u00f6cke des Monitorings. Interessant zu sehen ist etwa, dass mittlerweile rund 22,5 Prozent des Energiebedarfs im Kreis Viersen aus erneuerbaren Quellen stammt, also aus Photovoltaik, Windkraft und Biomasse.<\/p>\n\n\n\n<p><strong>Das Kreismonitoring<\/strong><br>Das Kreismonitoring wird innerhalb der Kreisverwaltung erstellt und an vielen Stellen grafisch aufbereitet. Die Daten stammen zum Teil aus der Landesdatenbank NRW, dem Landesbetrieb f\u00fcr Information und Technik Nordrhein-Westfalen sowie der Bundesagentur f\u00fcr Arbeit. Zudem liefern die Fach\u00e4mter der Kreisverwaltung einen Gro\u00dfteil der Daten zu.<\/p>\n\n\n\n<p>Zu Beginn jedes Kapitels sind die wichtigsten Erkenntnisse eines Bereichs in Schlagzeilen zusammengefasst. Alle Grafiken sind mit Erkl\u00e4rungen versehen und alle Fachbegriffe werden in Infoboxen verst\u00e4ndlich erl\u00e4utert, sodass das Kreismonitoring f\u00fcr Expertinnen und Experten sowie Laien gleicherma\u00dfen verst\u00e4ndlich ist.<\/p>\n\n\n\n<p>Zus\u00e4tzlich spannt das Kreismonitoring einen weiten Bogen \u00fcber einen Querschnitt von Themen, die eine hohe Relevanz f\u00fcr den Kreis Viersen haben. Dazu geh\u00f6ren Themen wie Raumstruktur, Bev\u00f6lkerungsentwicklung, Besch\u00e4ftigung und Arbeitsmarkt, Kinder, Jugend und Bildung, Medizinische Versorgung und Pflege, Wirtschaft und Tourismus, Mobilit\u00e4t und Infrastruktur, Bauen und Wohnen sowie Umwelt und Klimaschutz.<\/p>\n\n\n\n<p>Das Kreismonitoring ist wie gewohnt ausschlie\u00dflich digital verf\u00fcgbar: <a href=\"http:\/\/www.kreis-viersen.de\/kreismonitoring\">www.kreis-viersen.de\/kreismonitoring<\/a><\/p>\n\n\n\n<p>Quelle: <a href=\"http:\/\/www.kreis-viersen.de\">Kreis Viersen<\/a><\/p>\n\n\n<figure class=\"wp-block-post-featured-image\"><img loading=\"lazy\" decoding=\"async\" width=\"2362\" height=\"1561\" src=\"https:\/\/standort-niederrhein.de\/wp-content\/uploads\/2024\/11\/289401P.jpg\" class=\"attachment-post-thumbnail size-post-thumbnail wp-post-image\" alt=\"\" style=\"object-fit:cover;\" srcset=\"https:\/\/standort-niederrhein.de\/wp-content\/uploads\/2024\/11\/289401P.jpg 2362w, https:\/\/standort-niederrhein.de\/wp-content\/uploads\/2024\/11\/289401P-1280x846.jpg 1280w, https:\/\/standort-niederrhein.de\/wp-content\/uploads\/2024\/11\/289401P-980x648.jpg 980w, https:\/\/standort-niederrhein.de\/wp-content\/uploads\/2024\/11\/289401P-480x317.jpg 480w\" sizes=\"(min-width: 0px) and (max-width: 480px) 480px, (min-width: 481px) and (max-width: 980px) 980px, (min-width: 981px) and (max-width: 1280px) 1280px, (min-width: 1281px) 2362px, 100vw\" \/><\/figure>\n\n\n<p>Landrat Dr. Andreas Coenen und Kreisstatistiker Christoph L\u00f6w im Gespr\u00e4ch \u00fcber das aktuelle Kreismonitoring. | Foto: Kreis Viersen<\/p>\n","protected":false},"excerpt":{"rendered":"<p>Kreis Viersen. Der Kreis Viersen hat das diesj\u00e4hrige Kreismonitoring ver\u00f6ffentlicht. Darin finden B\u00fcrgerinnen und B\u00fcrger einen Gesamt\u00fcberblick \u00fcber die strukturellen Entwicklungen des Kreises Viersen. &#8220;Mit der neunten Ausgabe unseres Kreismonitorings liefern wir wieder einen spannenden Einblick in den Kreis Viersen&#8221;, sagt Landrat Dr. Andreas Coenen. &#8220;Einmal mehr beleuchten wir die vielf\u00e4ltigen Entwicklungen des gesellschaftlichen Lebens [&hellip;]<\/p>\n","protected":false},"author":3,"featured_media":5220,"comment_status":"closed","ping_status":"closed","sticky":false,"template":"","format":"standard","meta":{"_et_pb_use_builder":"","_et_pb_old_content":"","_et_gb_content_width":"","footnotes":""},"categories":[1],"tags":[],"class_list":["post-5219","post","type-post","status-publish","format-standard","has-post-thumbnail","hentry","category-allgemein"],"_links":{"self":[{"href":"https:\/\/standort-niederrhein.de\/en\/wp-json\/wp\/v2\/posts\/5219","targetHints":{"allow":["GET"]}}],"collection":[{"href":"https:\/\/standort-niederrhein.de\/en\/wp-json\/wp\/v2\/posts"}],"about":[{"href":"https:\/\/standort-niederrhein.de\/en\/wp-json\/wp\/v2\/types\/post"}],"author":[{"embeddable":true,"href":"https:\/\/standort-niederrhein.de\/en\/wp-json\/wp\/v2\/users\/3"}],"replies":[{"embeddable":true,"href":"https:\/\/standort-niederrhein.de\/en\/wp-json\/wp\/v2\/comments?post=5219"}],"version-history":[{"count":1,"href":"https:\/\/standort-niederrhein.de\/en\/wp-json\/wp\/v2\/posts\/5219\/revisions"}],"predecessor-version":[{"id":5221,"href":"https:\/\/standort-niederrhein.de\/en\/wp-json\/wp\/v2\/posts\/5219\/revisions\/5221"}],"wp:featuredmedia":[{"embeddable":true,"href":"https:\/\/standort-niederrhein.de\/en\/wp-json\/wp\/v2\/media\/5220"}],"wp:attachment":[{"href":"https:\/\/standort-niederrhein.de\/en\/wp-json\/wp\/v2\/media?parent=5219"}],"wp:term":[{"taxonomy":"category","embeddable":true,"href":"https:\/\/standort-niederrhein.de\/en\/wp-json\/wp\/v2\/categories?post=5219"},{"taxonomy":"post_tag","embeddable":true,"href":"https:\/\/standort-niederrhein.de\/en\/wp-json\/wp\/v2\/tags?post=5219"}],"curies":[{"name":"wp","href":"https:\/\/api.w.org\/{rel}","templated":true}]}}