{"id":5211,"date":"2024-11-24T06:00:00","date_gmt":"2024-11-24T05:00:00","guid":{"rendered":"https:\/\/invest-in-niederrhein.de\/?p=5211"},"modified":"2024-11-21T09:01:24","modified_gmt":"2024-11-21T08:01:24","slug":"wiederwahl-des-praesidenten-der-hochschule-rhein-waal","status":"publish","type":"post","link":"https:\/\/standort-niederrhein.de\/en\/2024\/11\/24\/wiederwahl-des-praesidenten-der-hochschule-rhein-waal\/","title":{"rendered":"Wiederwahl des Pr\u00e4sidenten der Hochschule Rhein-Waal"},"content":{"rendered":"\n<p><strong>Kleve\/ Kamp-Lintfort. <\/strong>Die Hochschulwahlversammlung der Hochschule Rhein-Waal hat den aktuellen Pr\u00e4sidenten, Prof. Dr. Oliver Locker-Gr\u00fctjen, f\u00fcr eine zweite Amtszeit wiedergew\u00e4hlt. Die derzeitige Amtszeit l\u00e4uft bis zum 31. Mai 2025, nunmehr wurde der Pr\u00e4sident f\u00fcr weitere sechs Jahre bis 2031 im Amt best\u00e4tigt.<\/p>\n\n\n\n<p>Mit der Wiederwahl setzt die Hochschule ein klares Zeichen f\u00fcr Kontinuit\u00e4t und den erfolgreichen Weg der Konsolidierung. \u201eF\u00fcr das entgegengebrachte Vertrauen bedanke ich mich ganz herzlich. Ich verstehe die Wiederwahl als Wertsch\u00e4tzung meines bisherigen Wirkens und Anerkennung des Geleisteten, aber auch als Ansporn. Wie in unserem Hochschulentwicklungsplan dargestellt, geh\u00f6ren zu den zentralen Zielsetzungen der kommenden Jahre die st\u00e4rkere Einbindung in die Region in Verbindung mit dem Ausbau nationaler und internationaler Kooperationen, die Heterogenisierung der Zusammensetzung der Studierendenschaft sowie der Ausbau des Nachhaltigkeitsgedankens. Ich freue mich darauf, gemeinsam mit allen Hochschulmitgliedern die Zukunft unserer Hochschule konstruktiv zu gestalten\u201c, so Locker-Gr\u00fctjen.<\/p>\n\n\n\n<p>Die Hochschulwahlversammlung ist zust\u00e4ndig f\u00fcr die Wahl aller Mitglieder des Pr\u00e4sidiums. Sie besteht in ihrer einen H\u00e4lfte aus s\u00e4mtlichen Mitgliedern des Senats und in ihrer anderen H\u00e4lfte aus s\u00e4mtlichen Mitgliedern des Hochschulrats. Die sechste Sitzung der Hochschulwahlversammlung der Hochschule Rhein-Waal begann um 15:00 Uhr im Audimax am Campus Kleve. Die Sitzung fand hochschul\u00f6ffentlich statt.<\/p>\n\n\n\n<p><strong>Zur Person<\/strong><br>Prof. Dr. Oliver Locker-Gr\u00fctjen ist Diplom-Umweltwissenschaftler und wurde 2012 mit einer Arbeit \u00fcber Rahmenbedingungen f\u00fcr Forschungen an deutschen Hochschulen promoviert. Vor seinem Amtsantritt im Juni 2019 als Pr\u00e4sident der Hochschule Rhein-Waal war er 20 Jahre lang an der Universit\u00e4t GH Essen bzw. Universit\u00e4t Duisburg-Essen (UDE) t\u00e4tig. Im April 2023 wurde ihm eine Honorarprofessur mit der Denomination f\u00fcr \u00d6kologie, insbesondere Nachhaltigkeitstransformation durch Teilhabe, an der Hochschule Bonn-Rhein-Sieg (H-BRS) erteilt. Die Professur ist angebunden an das Zentrum f\u00fcr Verantwortung und Ethik (ZEV), eine zentrale wissenschaftliche Einrichtung der Hochschule. Der geb\u00fcrtige Duisburger ist verheiratet und hat drei Kinder.<\/p>\n\n\n\n<p>Quelle: <a href=\"http:\/\/www.hochschule-rhein-waal.de\">Hochschule Rhein-Waal<\/a><\/p>\n\n\n<figure class=\"wp-block-post-featured-image\"><img loading=\"lazy\" decoding=\"async\" width=\"2560\" height=\"1920\" src=\"https:\/\/standort-niederrhein.de\/wp-content\/uploads\/2024\/11\/20241120_Wahlergebnis_\u00aeHSRW_Anja_Peters-scaled.jpg\" class=\"attachment-post-thumbnail size-post-thumbnail wp-post-image\" alt=\"\" style=\"object-fit:cover;\" srcset=\"https:\/\/standort-niederrhein.de\/wp-content\/uploads\/2024\/11\/20241120_Wahlergebnis_\u00aeHSRW_Anja_Peters-scaled.jpg 2560w, https:\/\/standort-niederrhein.de\/wp-content\/uploads\/2024\/11\/20241120_Wahlergebnis_\u00aeHSRW_Anja_Peters-300x225.jpg 300w, https:\/\/standort-niederrhein.de\/wp-content\/uploads\/2024\/11\/20241120_Wahlergebnis_\u00aeHSRW_Anja_Peters-1024x768.jpg 1024w, https:\/\/standort-niederrhein.de\/wp-content\/uploads\/2024\/11\/20241120_Wahlergebnis_\u00aeHSRW_Anja_Peters-768x576.jpg 768w, https:\/\/standort-niederrhein.de\/wp-content\/uploads\/2024\/11\/20241120_Wahlergebnis_\u00aeHSRW_Anja_Peters-1536x1152.jpg 1536w, https:\/\/standort-niederrhein.de\/wp-content\/uploads\/2024\/11\/20241120_Wahlergebnis_\u00aeHSRW_Anja_Peters-2048x1536.jpg 2048w, https:\/\/standort-niederrhein.de\/wp-content\/uploads\/2024\/11\/20241120_Wahlergebnis_\u00aeHSRW_Anja_Peters-510x382.jpg 510w, https:\/\/standort-niederrhein.de\/wp-content\/uploads\/2024\/11\/20241120_Wahlergebnis_\u00aeHSRW_Anja_Peters-1080x810.jpg 1080w, https:\/\/standort-niederrhein.de\/wp-content\/uploads\/2024\/11\/20241120_Wahlergebnis_\u00aeHSRW_Anja_Peters-1280x960.jpg 1280w, https:\/\/standort-niederrhein.de\/wp-content\/uploads\/2024\/11\/20241120_Wahlergebnis_\u00aeHSRW_Anja_Peters-980x735.jpg 980w, https:\/\/standort-niederrhein.de\/wp-content\/uploads\/2024\/11\/20241120_Wahlergebnis_\u00aeHSRW_Anja_Peters-480x360.jpg 480w\" sizes=\"(max-width: 2560px) 100vw, 2560px\" \/><\/figure>\n\n\n<p>Prof. Dr. Oliver Locker-Gr\u00fctjen, Pr\u00e4sident der Hochschule Rhein-Waal, und Prof. Dr. W\u00f6gen Tadsen, Vorsitzender der Hochschulwahlversammlung (v.l.) | Foto: HSRW\/ Anja Peters<br><br><\/p>\n","protected":false},"excerpt":{"rendered":"<p>Kleve\/ Kamp-Lintfort. Die Hochschulwahlversammlung der Hochschule Rhein-Waal hat den aktuellen Pr\u00e4sidenten, Prof. Dr. Oliver Locker-Gr\u00fctjen, f\u00fcr eine zweite Amtszeit wiedergew\u00e4hlt. Die derzeitige Amtszeit l\u00e4uft bis zum 31. Mai 2025, nunmehr wurde der Pr\u00e4sident f\u00fcr weitere sechs Jahre bis 2031 im Amt best\u00e4tigt. Mit der Wiederwahl setzt die Hochschule ein klares Zeichen f\u00fcr Kontinuit\u00e4t und den [&hellip;]<\/p>\n","protected":false},"author":3,"featured_media":5212,"comment_status":"closed","ping_status":"closed","sticky":false,"template":"","format":"standard","meta":{"_et_pb_use_builder":"","_et_pb_old_content":"","_et_gb_content_width":"","footnotes":""},"categories":[1],"tags":[],"class_list":["post-5211","post","type-post","status-publish","format-standard","has-post-thumbnail","hentry","category-allgemein"],"_links":{"self":[{"href":"https:\/\/standort-niederrhein.de\/en\/wp-json\/wp\/v2\/posts\/5211","targetHints":{"allow":["GET"]}}],"collection":[{"href":"https:\/\/standort-niederrhein.de\/en\/wp-json\/wp\/v2\/posts"}],"about":[{"href":"https:\/\/standort-niederrhein.de\/en\/wp-json\/wp\/v2\/types\/post"}],"author":[{"embeddable":true,"href":"https:\/\/standort-niederrhein.de\/en\/wp-json\/wp\/v2\/users\/3"}],"replies":[{"embeddable":true,"href":"https:\/\/standort-niederrhein.de\/en\/wp-json\/wp\/v2\/comments?post=5211"}],"version-history":[{"count":1,"href":"https:\/\/standort-niederrhein.de\/en\/wp-json\/wp\/v2\/posts\/5211\/revisions"}],"predecessor-version":[{"id":5213,"href":"https:\/\/standort-niederrhein.de\/en\/wp-json\/wp\/v2\/posts\/5211\/revisions\/5213"}],"wp:featuredmedia":[{"embeddable":true,"href":"https:\/\/standort-niederrhein.de\/en\/wp-json\/wp\/v2\/media\/5212"}],"wp:attachment":[{"href":"https:\/\/standort-niederrhein.de\/en\/wp-json\/wp\/v2\/media?parent=5211"}],"wp:term":[{"taxonomy":"category","embeddable":true,"href":"https:\/\/standort-niederrhein.de\/en\/wp-json\/wp\/v2\/categories?post=5211"},{"taxonomy":"post_tag","embeddable":true,"href":"https:\/\/standort-niederrhein.de\/en\/wp-json\/wp\/v2\/tags?post=5211"}],"curies":[{"name":"wp","href":"https:\/\/api.w.org\/{rel}","templated":true}]}}