{"id":5208,"date":"2024-11-22T06:00:00","date_gmt":"2024-11-22T05:00:00","guid":{"rendered":"https:\/\/invest-in-niederrhein.de\/?p=5208"},"modified":"2024-11-28T10:50:42","modified_gmt":"2024-11-28T09:50:42","slug":"ihk-praesident-ist-erneut-im-vorstand-von-ihk-nrw","status":"publish","type":"post","link":"https:\/\/standort-niederrhein.de\/en\/2024\/11\/22\/ihk-praesident-ist-erneut-im-vorstand-von-ihk-nrw\/","title":{"rendered":"IHK-Pr\u00e4sident ist erneut im Vorstand von IHK NRW"},"content":{"rendered":"\n<p><strong>D\u00fcsseldorf. <\/strong>Elmar te Neues, Pr\u00e4sident der Industrie- und Handelskammer (IHK) Mittlerer Niederrhein, wurde in seinem Amt als Vizepr\u00e4sident von IHK NRW, dem Zusammenschluss der Industrie- und Handelskammern in Nordrhein-Westfalen, best\u00e4tigt. Somit wird er weitere vier Jahre im Vorstand von IHK NRW mitarbeiten.<\/p>\n\n\n\n<p>\u201eGerade in der derzeit wirtschaftlich schwierigen Phase ist es wichtig, dass wir in der IHK-Organisation die Anliegen unserer Unternehmen gegen\u00fcber der Politik im Land, im Bund und vor Ort vertreten\u201c, sagte te Neues nach seiner Wiederwahl. \u201eDie Unternehmen brauchen wirksame Konjunkturimpulse und eine St\u00e4rkung der Wettbewerbsf\u00e4higkeit unseres Standorts, um die aktuelle Schw\u00e4chephase zu \u00fcberwinden und den Strukturwandel annehmen zu k\u00f6nnen \u2013 daf\u00fcr werden wir uns einsetzen.\u201c<\/p>\n\n\n\n<p>Au\u00dferdem in den Vorstand von IHK NRW wiedergew\u00e4hlt wurden: Pr\u00e4sident Ralf Stoffels (S\u00fcdwestf\u00e4lische IHK zu Hagen) sowie die Vizepr\u00e4sidenten Heinz-Herbert Dustmann (IHK zu Dortmund), Stefan Hagen (IHK Bonn\/Rhein-Sieg) und J\u00f6rn Wahl-Schwentker (IHK Ostwestfalen zu Bielefeld).<\/p>\n\n\n\n<p>Quelle: <a href=\"https:\/\/mittlerer-niederrhein.ihk.de\/de\/oeffentlichkeitsarbeit\/pressemitteilungen\/2024\/ihk-praesident-erneut-im-vorstand-von-ihk-nrw.html\">IHK Mittlerer Niederrhein<\/a><\/p>\n\n\n<figure class=\"wp-block-post-featured-image\"><img loading=\"lazy\" decoding=\"async\" width=\"987\" height=\"392\" src=\"https:\/\/standort-niederrhein.de\/wp-content\/uploads\/2024\/11\/vizepraesident-ihk-nrw-artikel2.jpg\" class=\"attachment-post-thumbnail size-post-thumbnail wp-post-image\" alt=\"\" style=\"object-fit:cover;\" srcset=\"https:\/\/standort-niederrhein.de\/wp-content\/uploads\/2024\/11\/vizepraesident-ihk-nrw-artikel2.jpg 987w, https:\/\/standort-niederrhein.de\/wp-content\/uploads\/2024\/11\/vizepraesident-ihk-nrw-artikel2-980x389.jpg 980w, https:\/\/standort-niederrhein.de\/wp-content\/uploads\/2024\/11\/vizepraesident-ihk-nrw-artikel2-480x191.jpg 480w\" sizes=\"(min-width: 0px) and (max-width: 480px) 480px, (min-width: 481px) and (max-width: 980px) 980px, (min-width: 981px) 987px, 100vw\" \/><\/figure>\n\n\n<p>Der Vorstand von IHK NRW (v.l.n.r.): Dr. Ralf Mittelst\u00e4dt (Hauptgesch\u00e4ftsf\u00fchrer), Elmar te Neues, Ralf Stoffels, Stefan Hagen, J\u00f6rn-Wahl-Schwentker. Es fehlt: Heinz-Herbert Dustmann. |&nbsp;Foto: IHK NRW<\/p>\n\n\n\n<p><a href=\"http:\/\/ct.de\/-2467514\" target=\"_blank\" rel=\"noreferrer noopener\"><\/a><\/p>\n","protected":false},"excerpt":{"rendered":"<p>D\u00fcsseldorf. Elmar te Neues, Pr\u00e4sident der Industrie- und Handelskammer (IHK) Mittlerer Niederrhein, wurde in seinem Amt als Vizepr\u00e4sident von IHK NRW, dem Zusammenschluss der Industrie- und Handelskammern in Nordrhein-Westfalen, best\u00e4tigt. Somit wird er weitere vier Jahre im Vorstand von IHK NRW mitarbeiten. \u201eGerade in der derzeit wirtschaftlich schwierigen Phase ist es wichtig, dass wir in [&hellip;]<\/p>\n","protected":false},"author":3,"featured_media":5209,"comment_status":"closed","ping_status":"closed","sticky":false,"template":"","format":"standard","meta":{"_et_pb_use_builder":"","_et_pb_old_content":"","_et_gb_content_width":"","footnotes":""},"categories":[1],"tags":[],"class_list":["post-5208","post","type-post","status-publish","format-standard","has-post-thumbnail","hentry","category-allgemein"],"_links":{"self":[{"href":"https:\/\/standort-niederrhein.de\/en\/wp-json\/wp\/v2\/posts\/5208","targetHints":{"allow":["GET"]}}],"collection":[{"href":"https:\/\/standort-niederrhein.de\/en\/wp-json\/wp\/v2\/posts"}],"about":[{"href":"https:\/\/standort-niederrhein.de\/en\/wp-json\/wp\/v2\/types\/post"}],"author":[{"embeddable":true,"href":"https:\/\/standort-niederrhein.de\/en\/wp-json\/wp\/v2\/users\/3"}],"replies":[{"embeddable":true,"href":"https:\/\/standort-niederrhein.de\/en\/wp-json\/wp\/v2\/comments?post=5208"}],"version-history":[{"count":2,"href":"https:\/\/standort-niederrhein.de\/en\/wp-json\/wp\/v2\/posts\/5208\/revisions"}],"predecessor-version":[{"id":5237,"href":"https:\/\/standort-niederrhein.de\/en\/wp-json\/wp\/v2\/posts\/5208\/revisions\/5237"}],"wp:featuredmedia":[{"embeddable":true,"href":"https:\/\/standort-niederrhein.de\/en\/wp-json\/wp\/v2\/media\/5209"}],"wp:attachment":[{"href":"https:\/\/standort-niederrhein.de\/en\/wp-json\/wp\/v2\/media?parent=5208"}],"wp:term":[{"taxonomy":"category","embeddable":true,"href":"https:\/\/standort-niederrhein.de\/en\/wp-json\/wp\/v2\/categories?post=5208"},{"taxonomy":"post_tag","embeddable":true,"href":"https:\/\/standort-niederrhein.de\/en\/wp-json\/wp\/v2\/tags?post=5208"}],"curies":[{"name":"wp","href":"https:\/\/api.w.org\/{rel}","templated":true}]}}