{"id":5202,"date":"2024-11-20T06:00:00","date_gmt":"2024-11-20T05:00:00","guid":{"rendered":"https:\/\/invest-in-niederrhein.de\/?p=5202"},"modified":"2024-11-20T11:06:11","modified_gmt":"2024-11-20T10:06:11","slug":"touristische-highlights-im-kreis-kleve-werden-praesentiert","status":"publish","type":"post","link":"https:\/\/standort-niederrhein.de\/en\/2024\/11\/20\/touristische-highlights-im-kreis-kleve-werden-praesentiert\/","title":{"rendered":"Touristische Highlights im Kreis Kleve werden pr\u00e4sentiert"},"content":{"rendered":"\n<p><strong>Kreis Kleve\/ Kalkar. <\/strong>Die GreenLive ist weit \u00fcber den Kreis Kleve hinaus bekannt. Rund 20.000 Besucher informieren sich allj\u00e4hrlich bei der Agrarfachmesse im Wunderland Kalkar \u00fcber die neuesten Trends in der Landwirtschaft, aber auch \u00fcber die touristischen Highlights im Kreis Kleve. Zu den mehr als 200 Ausstellern z\u00e4hlt in diesem Jahr auch wieder die Wirtschaftsf\u00f6rderung Kreis Kleve. Vom 2. bis 4. Dezember wirbt sie an einem Gemeinschaftsstand der Touristikerinnen und Touristiker aus dem Kreisgebiet f\u00fcr die Region und hat sich zum Ziel gesetzt, m\u00f6glichst viele Menschen f\u00fcr einen Aufenthalt beziehungsweise Aktivit\u00e4ten im Kreis Kleve zu begeistern.\u00a0<\/p>\n\n\n\n<p>Zur Zielgruppe geh\u00f6ren unter anderem Radfahrer, die im Kreis Kleve herzlich willkommen sind. Am Messestand liegt f\u00fcr sie umfangreiches Infomaterial bereit. Dazu z\u00e4hlt die Brosch\u00fcre \u201eDie Fahrrad-Region Kreis Kleve in Knotenpunkten\u201c, die sechs Routenvorschl\u00e4ge im Kreisgebiet beschreibt. Diese Strecken sind miteinander verbunden, und Ziffern markieren die einzelnen Knotenpunkte, sodass Radfahrer sich geplant oder spontan entscheiden k\u00f6nnen, wohin der Weg sie f\u00fchrt. Auch das Wandern erfreut sich wachsender Beliebtheit. Alle jene, die auf Schusters Rappen den Kreis Kleve erkunden m\u00f6chten, finden in der Brosch\u00fcre \u201eWiesen, Wald und Wege \u2013 Wandern im Kreis Kleve\u201c, die auf der Messe verteilt wird, ansprechende Routenvorschl\u00e4ge. &nbsp;Reisemobilisten sind ebenso eine seit Jahren wachsende touristische Zielgruppe, die am Messestand bei der GreenLive angesprochen wird. Sie d\u00fcrften sich dar\u00fcber freuen, dass es im Kreis Kleve in jeder Kommune mindestens einen Reisemobil-Stellplatz gibt. Eine \u00dcbersicht \u00fcber die Stell- und Campingpl\u00e4tze in der Region liegt am Messestand aus.<\/p>\n\n\n\n<p>Wer nicht im Wohnmobil- oder Wohnwagen \u00fcbernachten m\u00f6chte, f\u00fcr den gibt es im Kreisgebiet zahlreiche ansprechende Hotels, Pensionen und Ferienwohnungen. Gerne kommen die Touristikerinnen und Touristiker mit den Messeg\u00e4sten hier\u00fcber ins Gespr\u00e4ch und verteilen entsprechendes Infomaterial.<\/p>\n\n\n\n<p>Auch die Vorweihnachtszeit im Kreis Kleve ist ein echtes Erlebnis. Egal, ob Weihnachtsm\u00e4rkte, Adventskonzerte, Events f\u00fcr Kinder, kulinarische K\u00f6stlichkeiten Lesungen, Theaterauff\u00fchrungen, Ausstellungen oder Veranstaltungen vor besonderer historischer Kulisse \u2013 f\u00fcr jeden Geschmack ist etwas dabei. Die Wirtschaftsf\u00f6rderung Kreis Kleve hat die vielen stimmungsvollen Veranstaltungen in der Region in einer neu aufgelegten Brosch\u00fcre zusammengefasst: Der druckfrische Flyer \u201eAdventszauber im Kreis Kleve\u201c darf am Messestand gerne mitgenommen werden.<\/p>\n\n\n\n<p>Quelle: <a href=\"http:\/\/www.wfg-kreis-kleve.de\">WFG Kreis Kleve<\/a><\/p>\n\n\n<figure class=\"wp-block-post-featured-image\"><img loading=\"lazy\" decoding=\"async\" width=\"1500\" height=\"882\" src=\"https:\/\/standort-niederrhein.de\/wp-content\/uploads\/2024\/11\/PI_GreenLive.jpg\" class=\"attachment-post-thumbnail size-post-thumbnail wp-post-image\" alt=\"\" style=\"object-fit:cover;\" srcset=\"https:\/\/standort-niederrhein.de\/wp-content\/uploads\/2024\/11\/PI_GreenLive.jpg 1500w, https:\/\/standort-niederrhein.de\/wp-content\/uploads\/2024\/11\/PI_GreenLive-1280x753.jpg 1280w, https:\/\/standort-niederrhein.de\/wp-content\/uploads\/2024\/11\/PI_GreenLive-980x576.jpg 980w, https:\/\/standort-niederrhein.de\/wp-content\/uploads\/2024\/11\/PI_GreenLive-480x282.jpg 480w\" sizes=\"(min-width: 0px) and (max-width: 480px) 480px, (min-width: 481px) and (max-width: 980px) 980px, (min-width: 981px) and (max-width: 1280px) 1280px, (min-width: 1281px) 1500px, 100vw\" \/><\/figure>\n\n\n<p>Die Tourismus-Experten im Kreis Kleve geben den interessierten G\u00e4sten der GreenLive einen \u00dcberblick \u00fcber die zahlreichen touristischen Angebote der Region. Ein Blickfang wird dabei wieder der Oldtimerbus aus den 60er Jahren des Reiseb\u00fcros Dix sein. | Foto: WFG Kreis Kleve<\/p>\n","protected":false},"excerpt":{"rendered":"<p>Kreis Kleve\/ Kalkar. Die GreenLive ist weit \u00fcber den Kreis Kleve hinaus bekannt. Rund 20.000 Besucher informieren sich allj\u00e4hrlich bei der Agrarfachmesse im Wunderland Kalkar \u00fcber die neuesten Trends in der Landwirtschaft, aber auch \u00fcber die touristischen Highlights im Kreis Kleve. Zu den mehr als 200 Ausstellern z\u00e4hlt in diesem Jahr auch wieder die Wirtschaftsf\u00f6rderung [&hellip;]<\/p>\n","protected":false},"author":3,"featured_media":5203,"comment_status":"closed","ping_status":"closed","sticky":false,"template":"","format":"standard","meta":{"_et_pb_use_builder":"","_et_pb_old_content":"","_et_gb_content_width":"","footnotes":""},"categories":[1],"tags":[],"class_list":["post-5202","post","type-post","status-publish","format-standard","has-post-thumbnail","hentry","category-allgemein"],"_links":{"self":[{"href":"https:\/\/standort-niederrhein.de\/en\/wp-json\/wp\/v2\/posts\/5202","targetHints":{"allow":["GET"]}}],"collection":[{"href":"https:\/\/standort-niederrhein.de\/en\/wp-json\/wp\/v2\/posts"}],"about":[{"href":"https:\/\/standort-niederrhein.de\/en\/wp-json\/wp\/v2\/types\/post"}],"author":[{"embeddable":true,"href":"https:\/\/standort-niederrhein.de\/en\/wp-json\/wp\/v2\/users\/3"}],"replies":[{"embeddable":true,"href":"https:\/\/standort-niederrhein.de\/en\/wp-json\/wp\/v2\/comments?post=5202"}],"version-history":[{"count":1,"href":"https:\/\/standort-niederrhein.de\/en\/wp-json\/wp\/v2\/posts\/5202\/revisions"}],"predecessor-version":[{"id":5204,"href":"https:\/\/standort-niederrhein.de\/en\/wp-json\/wp\/v2\/posts\/5202\/revisions\/5204"}],"wp:featuredmedia":[{"embeddable":true,"href":"https:\/\/standort-niederrhein.de\/en\/wp-json\/wp\/v2\/media\/5203"}],"wp:attachment":[{"href":"https:\/\/standort-niederrhein.de\/en\/wp-json\/wp\/v2\/media?parent=5202"}],"wp:term":[{"taxonomy":"category","embeddable":true,"href":"https:\/\/standort-niederrhein.de\/en\/wp-json\/wp\/v2\/categories?post=5202"},{"taxonomy":"post_tag","embeddable":true,"href":"https:\/\/standort-niederrhein.de\/en\/wp-json\/wp\/v2\/tags?post=5202"}],"curies":[{"name":"wp","href":"https:\/\/api.w.org\/{rel}","templated":true}]}}