{"id":5190,"date":"2024-11-16T06:00:00","date_gmt":"2024-11-16T05:00:00","guid":{"rendered":"https:\/\/invest-in-niederrhein.de\/?p=5190"},"modified":"2024-11-15T12:05:12","modified_gmt":"2024-11-15T11:05:12","slug":"gruender-und-unternehmertag-und-fuckup-night-erlaubten-wertvolle-einblicke","status":"publish","type":"post","link":"https:\/\/standort-niederrhein.de\/en\/2024\/11\/16\/gruender-und-unternehmertag-und-fuckup-night-erlaubten-wertvolle-einblicke\/","title":{"rendered":"Gr\u00fcnder- und Unternehmertag und \u201eFuckUp Night\u201c erlaubten wertvolle Einblicke"},"content":{"rendered":"\n<p><strong>Rhein-Kreis Neuss.<\/strong> Ganz im Zeichen von Information und Vernetzung stand der 29. Gr\u00fcnder- und Unternehmertag, der von der Wirtschaftsf\u00f6rderung des Rhein-Kreises Neuss in Zusammenarbeit mit kommunalen Partnern und der Industrie- und Handelskammer (IHK) Mittlerer Niederrhein organisiert worden war. Die Veranstaltung im \u201eGare du Neuss\u201c bot rund 60 G\u00e4sten aus der Gr\u00fcnderszene sowie Vertreterinnen und Vertretern etablierter Unternehmen wertvolle Einblicke und Unterst\u00fctzung.<\/p>\n\n\n\n<p>An mehr als 20 Ausstellerst\u00e4nden konnten sich die Besucher \u00fcber aktuelle F\u00f6rderm\u00f6glichkeiten und Beratungsangebote informieren. Der \u201eMarkt der M\u00f6glichkeiten\u201c diente als Austauschplattform, auf der sieben junge Unternehmen aus dem Rhein-Kreis Neuss ihre innovativen Gesch\u00e4ftsideen pr\u00e4sentierten und von der Erfahrung, selbst\u00e4ndig zu sein, berichteten.<\/p>\n\n\n\n<p>\u201eMit unserem Startercenter NRW und Angeboten wie dem Gr\u00fcndungsstipendium NRW schaffen wir ein f\u00f6rderliches Umfeld f\u00fcr mutige, kreative Ideen und Start-ups\u201c, so Kreisdezernent Dr. Martin Stiller. Jede Gr\u00fcndung st\u00e4rke die regionale Wirtschaft und das Innovationspotenzial der Region. Darum unterst\u00fctze der Kreis die Neu-Unternehmer mit passgenauen F\u00f6rderprogrammen und einem gut vernetzten Gr\u00fcnder-\u00d6kosystem.<\/p>\n\n\n\n<p>Zahlreiche etablierte Anlaufstellen wie das Jobcenter Rhein-Kreis Neuss, die Agentur f\u00fcr Arbeit, die Finanz\u00e4mter, die IHK und die Handwerkskammer sowie die Sparkasse Neuss und die B\u00fcrgschaftsbank NRW waren vor Ort, um den Besuchern mit wertvollen Tipps zur Seite zu stehen.<\/p>\n\n\n\n<p>Ein H\u00f6hepunkt des Tages war die Talk-Runde mit Sarah Sorhagen, Gr\u00fcnderin von FemPowerMentoring. Sie berichtete eindrucksvoll \u00fcber die Herausforderungen ihrer Gr\u00fcndungsreise und hob hervor, wie das Gr\u00fcndungsstipendium NRW sie auf ihrem Weg zur Selbst\u00e4ndigkeit unterst\u00fctzt hat.<\/p>\n\n\n\n<p>Am Abend stand ein weiterer Programmpunkt auf der Agenda: die \u201eFuckUp Night Rhein-Kreis Neuss Vol. 6\u201c. Rund 160 G\u00e4ste kamen im \u201eGare du Neuss\u201c zusammen, um authentische Geschichten und Erkenntnisse aus den gr\u00f6\u00dften R\u00fcckschl\u00e4gen erfahrener Unternehmer zu erleben. In einem unterhaltsamen Rahmen teilten die Redner ihre pers\u00f6nlichen Missgeschicke und zeigten auf, wie wertvoll R\u00fcckschl\u00e4ge auf dem Weg zum Erfolg sein k\u00f6nnen.<\/p>\n\n\n\n<p>Mit dabei waren Martin Pfleiderer, kreativer Kommunikator und Gesch\u00e4ftsf\u00fchrer, Christina Sperling, Coach und Expertin f\u00fcr berufliche Transformation, sowie Fabian Gieshoff, Tech-Unternehmer und Neustarter. Sie gaben im Beisein von Robert Abts, dem Leiter der Kreiswirtschaftsf\u00f6rderung, Einblicke in ihre Erfahrungen und zeigten den Teilnehmern, dass Fehlschl\u00e4ge oft wertvoller sind als Erfolge. Neben den spannenden Vortr\u00e4gen bot die \u201eFuckUp Night\u201c die M\u00f6glichkeit zum Netzwerken, bei dem sich Gleichgesinnte austauschen und inspirieren lassen konnten.<\/p>\n\n\n\n<p>Quelle: <a href=\"http:\/\/www.rhein-kreis-neuss.de\">Rhein-Kreis Neuss<\/a><\/p>\n\n\n<figure class=\"wp-block-post-featured-image\"><img loading=\"lazy\" decoding=\"async\" width=\"2560\" height=\"1703\" src=\"https:\/\/standort-niederrhein.de\/wp-content\/uploads\/2024\/11\/2024-11-12-FuckUp-Night-52-scaled.jpg\" class=\"attachment-post-thumbnail size-post-thumbnail wp-post-image\" alt=\"\" style=\"object-fit:cover;\" srcset=\"https:\/\/standort-niederrhein.de\/wp-content\/uploads\/2024\/11\/2024-11-12-FuckUp-Night-52-scaled.jpg 2560w, https:\/\/standort-niederrhein.de\/wp-content\/uploads\/2024\/11\/2024-11-12-FuckUp-Night-52-1280x852.jpg 1280w, https:\/\/standort-niederrhein.de\/wp-content\/uploads\/2024\/11\/2024-11-12-FuckUp-Night-52-980x652.jpg 980w, https:\/\/standort-niederrhein.de\/wp-content\/uploads\/2024\/11\/2024-11-12-FuckUp-Night-52-480x319.jpg 480w\" sizes=\"(min-width: 0px) and (max-width: 480px) 480px, (min-width: 481px) and (max-width: 980px) 980px, (min-width: 981px) and (max-width: 1280px) 1280px, (min-width: 1281px) 2560px, 100vw\" \/><\/figure>\n\n\n<p>Erfolgreiche \u201eFuckUp Night Rhein-Kreis Neuss\u201c (von links): Fabian Gieshoff, Robert Abts, Christina Sperling, Christian Schieren und Martin Pfleiderer. | Foto: S. B\u00fcntig\/ Rhein-Kreis Neuss<\/p>\n","protected":false},"excerpt":{"rendered":"<p>Rhein-Kreis Neuss. Ganz im Zeichen von Information und Vernetzung stand der 29. Gr\u00fcnder- und Unternehmertag, der von der Wirtschaftsf\u00f6rderung des Rhein-Kreises Neuss in Zusammenarbeit mit kommunalen Partnern und der Industrie- und Handelskammer (IHK) Mittlerer Niederrhein organisiert worden war. Die Veranstaltung im \u201eGare du Neuss\u201c bot rund 60 G\u00e4sten aus der Gr\u00fcnderszene sowie Vertreterinnen und Vertretern [&hellip;]<\/p>\n","protected":false},"author":3,"featured_media":5191,"comment_status":"closed","ping_status":"closed","sticky":false,"template":"","format":"standard","meta":{"_et_pb_use_builder":"","_et_pb_old_content":"","_et_gb_content_width":"","footnotes":""},"categories":[1],"tags":[],"class_list":["post-5190","post","type-post","status-publish","format-standard","has-post-thumbnail","hentry","category-allgemein"],"_links":{"self":[{"href":"https:\/\/standort-niederrhein.de\/en\/wp-json\/wp\/v2\/posts\/5190","targetHints":{"allow":["GET"]}}],"collection":[{"href":"https:\/\/standort-niederrhein.de\/en\/wp-json\/wp\/v2\/posts"}],"about":[{"href":"https:\/\/standort-niederrhein.de\/en\/wp-json\/wp\/v2\/types\/post"}],"author":[{"embeddable":true,"href":"https:\/\/standort-niederrhein.de\/en\/wp-json\/wp\/v2\/users\/3"}],"replies":[{"embeddable":true,"href":"https:\/\/standort-niederrhein.de\/en\/wp-json\/wp\/v2\/comments?post=5190"}],"version-history":[{"count":1,"href":"https:\/\/standort-niederrhein.de\/en\/wp-json\/wp\/v2\/posts\/5190\/revisions"}],"predecessor-version":[{"id":5192,"href":"https:\/\/standort-niederrhein.de\/en\/wp-json\/wp\/v2\/posts\/5190\/revisions\/5192"}],"wp:featuredmedia":[{"embeddable":true,"href":"https:\/\/standort-niederrhein.de\/en\/wp-json\/wp\/v2\/media\/5191"}],"wp:attachment":[{"href":"https:\/\/standort-niederrhein.de\/en\/wp-json\/wp\/v2\/media?parent=5190"}],"wp:term":[{"taxonomy":"category","embeddable":true,"href":"https:\/\/standort-niederrhein.de\/en\/wp-json\/wp\/v2\/categories?post=5190"},{"taxonomy":"post_tag","embeddable":true,"href":"https:\/\/standort-niederrhein.de\/en\/wp-json\/wp\/v2\/tags?post=5190"}],"curies":[{"name":"wp","href":"https:\/\/api.w.org\/{rel}","templated":true}]}}