{"id":5171,"date":"2024-11-15T06:00:00","date_gmt":"2024-11-15T05:00:00","guid":{"rendered":"https:\/\/invest-in-niederrhein.de\/?p=5171"},"modified":"2024-11-14T08:47:12","modified_gmt":"2024-11-14T07:47:12","slug":"wertvolle-impulse-und-praxisnahe-einblicke-fuer-angehende-unternehmerinnen","status":"publish","type":"post","link":"https:\/\/standort-niederrhein.de\/en\/2024\/11\/15\/wertvolle-impulse-und-praxisnahe-einblicke-fuer-angehende-unternehmerinnen\/","title":{"rendered":"Wertvolle Impulse und praxisnahe Einblicke f\u00fcr angehende Unternehmer:innen"},"content":{"rendered":"\n<p><strong>Kreis Kleve\/ Emmerich am Rhein. <\/strong>Die \u00a0\u00a0Wirtschaftsf\u00f6rderung Kreis Kleve f\u00fchrte die Veranstaltungsreihe \u201eInformieren \u2013 Planen \u2013 Gr\u00fcnden\u201c am 12. November 2024 im PAN Kunstforum Niederrhein in Emmerich am Rhein fort und lud Gr\u00fcndungsinteressierte zu einem spannenden Nachmittag voller wertvoller Impulse und praxisnahen Tipps ein. Ein besonderer Dank gilt auch in diesem Jahr wieder den Sparkassen und Volksbanken im Kreis Kleve, die dieses Veranstaltungsformat bereits seit vielen Jahren unterst\u00fctzen.<\/p>\n\n\n\n<p>Nachdem im ersten Teil des Veranstaltungszyklus\u2018 der Fokus auf die Gr\u00fcndungspers\u00f6nlichkeit, dem Businessplan, der \u00dcbernahme als Alternative zur Neugr\u00fcndung und den verschiedenen Rechtsformen lag, standen im zweiten Teil finanzielle Themen wie das Bankengespr\u00e4ch und F\u00f6rderungen aber auch Buchhaltung, Steuern und Marketingma\u00dfnahmen auf dem Programm.<\/p>\n\n\n\n<p>Begr\u00fc\u00dft wurden die Teilnehmerinnen und Teilnehmer von Brigitte Jansen, Gesch\u00e4ftsf\u00fchrerin der Wirtschaftsf\u00f6rderung Kreis Kleve.<\/p>\n\n\n\n<p>Als erster Referent des Tages begr\u00fc\u00dfte auch Dr. Volker Klinkhammer, Steuerberater bei der ETL Heuvelmann &amp; van Eyckels aus Kleve, die G\u00e4ste. Versicherungen, Buchf\u00fchrung, Steuer und Co. \u2013 all das seien zwar bei Gr\u00fcnderinnen und Gr\u00fcndern keine beliebten Themen, man solle ihnen jedoch die ben\u00f6tigte Aufmerksamkeit schenken. Der Experte erl\u00e4uterte den Teilnehmenden notwendige Versicherungen und die wichtigsten Steuern, informierte sie dar\u00fcber, welche Unterlagen das Finanzamt ben\u00f6tigt und erkl\u00e4rte, welche Unterlagen, Belege und Schriftwechsel unbedingt archiviert werden sollten.<\/p>\n\n\n\n<p>Stephan Kunz, F\u00f6rdermittelberater der NRW.BANK, ergriff im Anschluss das Wort und erl\u00e4uterte den Seminarteilnehmerinnen und -teilnehmern, wie eine Gr\u00fcndungsidee die passende F\u00f6rderung findet. Auch hier sei eine gute Vorbereitung der Gr\u00fcnder das A und O, so Kunz. \u201eGeben Sie sich M\u00fche beim Businessplan, denn das flie\u00dft letztendlich auch in die Bewertung Ihrer Bonit\u00e4t ein\u201c, appellierte der Berater an die interessierten G\u00e4ste. Kunz riet allen, die den Sprung in die Selbstst\u00e4ndigkeit wagen wollen, fr\u00fchzeitig das Gespr\u00e4ch mit ihrer Hausbank zu suchen und sich dort beraten zu lassen.<\/p>\n\n\n\n<p>Auch Experten der hiesigen Sparkassen und Volksbanken kamen zu Wort. So gaben Christoph Franken, Firmenkundenberater der Sparkasse Rhein-Maas, und Tim te Baay, Firmenkundenberater der Volksbank Emmerich-Rees, den wichtigen Rat: \u201eGr\u00fcndungswillige sollten hinter ihrer Idee stehen und f\u00fcr sie \u201ebrennen\u201c! Zudem sollten sie authentisch sein und sich gut vorbereiten.\u201c Sie listeten auch die Unterlagen auf, die f\u00fcr eine Hausbank nicht fehlen d\u00fcrfen und gaben wertvolle Tipps f\u00fcr die Vorbereitung. Ein gemeinsames Fazit der beiden Bankkaufleute lautete: \u201eSetzen Sie sich mit Ihrer Gr\u00fcndungsidee intensiv auseinander und seien Sie mit Ihrem Businessplan vertraut!\u201c. &nbsp;&nbsp;<\/p>\n\n\n\n<p>\u201eDer K\u00f6der muss dem Fisch schmecken und nicht dem Angler\u201c, begann Michael Jansen von der Niederrhein Nachrichten Verlag GmbH seinen Vortrag zu dem Thema \u201eOhne Marketing geht\u00b4s nicht \u2013 Die Grundlagen f\u00fcr digitales Marketing\u201c. Er gab den Gr\u00fcndungsinteressierten zahlreiche Tools und Tipps an die Hand, wie sie ihre digitale Pr\u00e4senz st\u00e4rken k\u00f6nnen und sich damit im Wettbewerb besser positionieren k\u00f6nnen. Jansen betonte auch die Wichtigkeit der Suchmaschinenoptimierung (SEO), um bestm\u00f6glich im Internet gefunden werden zu k\u00f6nnen. Sein Vortrag verdeutlichte, wie wichtig es f\u00fcr Unternehmen jeder Gr\u00f6\u00dfe ist, die Chancen des digitalen Marketings zu erkennen und gezielt zu nutzen.<\/p>\n\n\n\n<p>Quelle: <a href=\"http:\/\/www.wfg-kreis-kleve.de\">WFG Kreis Kleve<\/a><\/p>\n\n\n<figure class=\"wp-block-post-featured-image\"><img loading=\"lazy\" decoding=\"async\" width=\"1920\" height=\"1280\" src=\"https:\/\/standort-niederrhein.de\/wp-content\/uploads\/2024\/11\/Gruenderseminar-Teil-II_PI.jpg\" class=\"attachment-post-thumbnail size-post-thumbnail wp-post-image\" alt=\"\" style=\"object-fit:cover;\" srcset=\"https:\/\/standort-niederrhein.de\/wp-content\/uploads\/2024\/11\/Gruenderseminar-Teil-II_PI.jpg 1920w, https:\/\/standort-niederrhein.de\/wp-content\/uploads\/2024\/11\/Gruenderseminar-Teil-II_PI-1280x853.jpg 1280w, https:\/\/standort-niederrhein.de\/wp-content\/uploads\/2024\/11\/Gruenderseminar-Teil-II_PI-980x653.jpg 980w, https:\/\/standort-niederrhein.de\/wp-content\/uploads\/2024\/11\/Gruenderseminar-Teil-II_PI-480x320.jpg 480w\" sizes=\"(min-width: 0px) and (max-width: 480px) 480px, (min-width: 481px) and (max-width: 980px) 980px, (min-width: 981px) and (max-width: 1280px) 1280px, (min-width: 1281px) 1920px, 100vw\" \/><\/figure>\n\n\n<p>Die Referentinnen und Referenten des zweiten Seminartages (v.l.n.r.): Michael Jansen (Niederrhein Nachrichten Verlag GmbH), Christoph Franken (Sparkasse Rhein-Maas), Fabienne van Lier (WfG Kreis Kleve), Tim te Baay (Volksbank Emmerich-Rees), Brigitte Jansen und Ina Schulz (WfG Kreis Kleve) und Dr. Volker Klinkhammer (ETL Heuvelmann &amp; van Eyckels GmbH). | Foto: WFG Kreis Kleve<\/p>\n","protected":false},"excerpt":{"rendered":"<p>Kreis Kleve\/ Emmerich am Rhein. Die \u00a0\u00a0Wirtschaftsf\u00f6rderung Kreis Kleve f\u00fchrte die Veranstaltungsreihe \u201eInformieren \u2013 Planen \u2013 Gr\u00fcnden\u201c am 12. November 2024 im PAN Kunstforum Niederrhein in Emmerich am Rhein fort und lud Gr\u00fcndungsinteressierte zu einem spannenden Nachmittag voller wertvoller Impulse und praxisnahen Tipps ein. Ein besonderer Dank gilt auch in diesem Jahr wieder den Sparkassen [&hellip;]<\/p>\n","protected":false},"author":3,"featured_media":5172,"comment_status":"closed","ping_status":"closed","sticky":false,"template":"","format":"standard","meta":{"_et_pb_use_builder":"","_et_pb_old_content":"","_et_gb_content_width":"","footnotes":""},"categories":[1],"tags":[],"class_list":["post-5171","post","type-post","status-publish","format-standard","has-post-thumbnail","hentry","category-allgemein"],"_links":{"self":[{"href":"https:\/\/standort-niederrhein.de\/en\/wp-json\/wp\/v2\/posts\/5171","targetHints":{"allow":["GET"]}}],"collection":[{"href":"https:\/\/standort-niederrhein.de\/en\/wp-json\/wp\/v2\/posts"}],"about":[{"href":"https:\/\/standort-niederrhein.de\/en\/wp-json\/wp\/v2\/types\/post"}],"author":[{"embeddable":true,"href":"https:\/\/standort-niederrhein.de\/en\/wp-json\/wp\/v2\/users\/3"}],"replies":[{"embeddable":true,"href":"https:\/\/standort-niederrhein.de\/en\/wp-json\/wp\/v2\/comments?post=5171"}],"version-history":[{"count":1,"href":"https:\/\/standort-niederrhein.de\/en\/wp-json\/wp\/v2\/posts\/5171\/revisions"}],"predecessor-version":[{"id":5173,"href":"https:\/\/standort-niederrhein.de\/en\/wp-json\/wp\/v2\/posts\/5171\/revisions\/5173"}],"wp:featuredmedia":[{"embeddable":true,"href":"https:\/\/standort-niederrhein.de\/en\/wp-json\/wp\/v2\/media\/5172"}],"wp:attachment":[{"href":"https:\/\/standort-niederrhein.de\/en\/wp-json\/wp\/v2\/media?parent=5171"}],"wp:term":[{"taxonomy":"category","embeddable":true,"href":"https:\/\/standort-niederrhein.de\/en\/wp-json\/wp\/v2\/categories?post=5171"},{"taxonomy":"post_tag","embeddable":true,"href":"https:\/\/standort-niederrhein.de\/en\/wp-json\/wp\/v2\/tags?post=5171"}],"curies":[{"name":"wp","href":"https:\/\/api.w.org\/{rel}","templated":true}]}}