{"id":5168,"date":"2024-11-14T06:00:00","date_gmt":"2024-11-14T05:00:00","guid":{"rendered":"https:\/\/invest-in-niederrhein.de\/?p=5168"},"modified":"2024-11-14T08:43:26","modified_gmt":"2024-11-14T07:43:26","slug":"ihks-ehren-die-besten-azubis-in-nrw","status":"publish","type":"post","link":"https:\/\/standort-niederrhein.de\/en\/2024\/11\/14\/ihks-ehren-die-besten-azubis-in-nrw\/","title":{"rendered":"IHKs ehren die besten Azubis in NRW"},"content":{"rendered":"\n<p><strong>Mittlerer Niederrhein.<\/strong> Die nordrhein-westf\u00e4lischen Industrie- und Handelskammern haben die besten Auszubildenden des Landes in Siegen geehrt. Unter den 185 landesbesten Absolventinnen und Absolventen waren auch elf Super-Azubis aus dem Bezirk der Industrie- und Handelskammer (IHK) Mittlerer Niederrhein. Bei der Gala in der Siegerlandhalle konnten sie die entsprechende Auszeichnung aus den H\u00e4nden von Walter Viegener, Pr\u00e4sident der IHK Siegen, und Hauptgesch\u00e4ftsf\u00fchrer Dr. Thilo Pahl entgegennehmen. Das Motto der Feier: \u201eWir setzen den Besten das Kr\u00f6nchen auf\u201c \u2013 eine Anspielung an das Wahrzeichen der Stadt Siegen \u2013 die Nikolaikirche mit ihrer goldenen Krone.<\/p>\n\n\n\n<p>Die elf geehrten Auszubildenden vom Mittleren Niederrhein sind: Roman Jakob aus M\u00f6nchengladbach (Beton- und Stahlbetonbauer, Voulli\u00e9 Bauunternehmung GmbH &amp; Co. KG), Paula M\u00fchlke aus M\u00f6nchengladbach (Brauerin und M\u00e4lzerin, Oettinger Brauerei GmbH), Linnea Wei\u00df aus Hagen (Buchh\u00e4ndlerin, Thalia Deutschland, Neuss), Sarah Kostyra aus T\u00f6nisvorst (Buchh\u00e4ndlerin, T\u00f6nisvorster Buchhandlung), Lena Eickenberg aus M\u00f6nchengladbach (Elektronikerin f\u00fcr Ger\u00e4te und Systeme, Scheidt &amp; Bachmann GmbH), Jannis Rimke aus M\u00f6nchengladbach (Elektroniker f\u00fcr Ger\u00e4te und Systeme, Scheidt &amp; Bachmann GmbH), Kont Lokman aus Krefeld (Fachkraft f\u00fcr Lagerlogistik, Cargill Deutschland GmbH), Seyedsajad Mortazavian aus Krefeld (Gie\u00dfereimechaniker, Siempelkamp Giesserei GmbH), Lucie Kalaitzis aus Neuss (Hotelfachfrau, NHO Neuss Hotel), Vera Reiffs aus Krefeld (Kauffrau f\u00fcr B\u00fcromanagement, Radiometer GmbH) sowie Josua Kilian Zenzen aus Willich (Zerspanungsmechaniker, Saint-Gobain Performance). \u201eF\u00fcr die Auszubildenden ist es eine besondere Ehre, in diesem festlichen Rahmen f\u00fcr ihre Leistungen ausgezeichnet zu werden. Und diese Wertsch\u00e4tzung haben sie sich verdient. Wir freuen uns sehr, dass auch elf Auszubildende vom Mittleren Niederrhein unter den Geehrten sind\u201c, sagte Daniela Perner, Gesch\u00e4ftsf\u00fchrerin der IHK Mittlerer Niederrhein. \u201eDas zeigt, dass wir super-talentierte Nachwuchskr\u00e4fte, beste Ausbildungsbetriebe und Berufskollegs haben. Darauf k\u00f6nnen wir stolz sein.\u201c<\/p>\n\n\n\n<p>Mehr als 70.000 Auszubildende nehmen j\u00e4hrlich an den IHK-Pr\u00fcfungen in NRW teil. \u201eSie haben allen Grund, stolz auf Ihre Pr\u00fcfungsabschl\u00fcsse zu sein\u201c, hob Walter Viegener hervor. \u201eDie Botschaft lautet: Leistung wird belohnt und bringt Sie weiter!\u201c Gut qualifizierte Fachkr\u00e4fte w\u00fcrden branchen\u00fcbergreifend gesucht. Die Karriereaussichten f\u00fcr Berufseinsteiger seien auch vor diesem Hintergrund ausgesprochen vielversprechend. \u201eSie haben es verdient, heute f\u00fcr Ihre Leistung \u201agekr\u00f6nt\u2018 zu werden, und sind echte Vorbilder f\u00fcr viele weitere junge Menschen, die sich mit dem Gedanken tragen, eine berufliche Ausbildung anzutreten.\u201c<\/p>\n\n\n\n<p>Einen besonderen Dank richtete Walter Viegener an die Ausbilderinnen und Ausbilder in den Betrieben sowie die Lehrkr\u00e4fte in den Berufskollegs, die mit gro\u00dfem pers\u00f6nlichen Einsatz und Engagement den Boden f\u00fcr einen erfolgreichen Start in das Berufsleben bereitet h\u00e4tten: \u201eAuch das hat die Spitzenleistungen der heute geehrten Auszubildenden erm\u00f6glicht!\u201c.&nbsp;Unter dem Applaus der rund 700 G\u00e4ste erhielten die Landesbesten ihre Urkunde. Au\u00dferdem konnten sich die Ausbildungsabsolventen \u00fcber eine eigens f\u00fcr diesen Anlass gefertigte Troph\u00e4e in Form der Nikolaikirche und eines Kr\u00f6nchens aus Plexiglas und Metall freuen.<\/p>\n\n\n\n<p>Die nordrhein-westf\u00e4lischen IHKs zeichnen die Landesbesten seit 1992 aus. Damit heben sie die gro\u00dfe Bedeutung der betrieblichen Ausbildung f\u00fcr den wirtschaftlichen Erfolg des Landes \u00f6ffentlich hervor. Zudem erfahren die Auszubildenden hiermit f\u00fcr ihre pers\u00f6nliche Leistung eine besondere W\u00fcrdigung. Geehrt werden die beiden besten Absolventen in ihrem jeweiligen Ausbildungsberuf, wenn sie mindestens 92 von 100 m\u00f6glichen Punkten erzielt haben. Die IHKs pr\u00fcfen in knapp 131 Ausbildungsberufen. Das Spektrum reicht von A wie Anlagenmechaniker bis Z wie Zerspanungsmechaniker.<\/p>\n\n\n\n<p>Quelle: <a href=\"https:\/\/mittlerer-niederrhein.ihk.de\/de\/oeffentlichkeitsarbeit\/pressemitteilungen\/2024\/ihks-ehren-die-besten-azubis-in-nrw.html?pk_campaign=ihk-newsletter\/ihk-newsletter+ausgabe+vom+13.+november+2024&amp;pk_kwd=ihks+ehren+die+besten+azubis+in+nrw\">IHK Mittlerer Niederrhein<\/a><\/p>\n\n\n<figure class=\"wp-block-post-featured-image\"><img loading=\"lazy\" decoding=\"async\" width=\"987\" height=\"392\" src=\"https:\/\/standort-niederrhein.de\/wp-content\/uploads\/2024\/11\/pm262_landesbestenehrung-artikel2.jpg\" class=\"attachment-post-thumbnail size-post-thumbnail wp-post-image\" alt=\"\" style=\"object-fit:cover;\" srcset=\"https:\/\/standort-niederrhein.de\/wp-content\/uploads\/2024\/11\/pm262_landesbestenehrung-artikel2.jpg 987w, https:\/\/standort-niederrhein.de\/wp-content\/uploads\/2024\/11\/pm262_landesbestenehrung-artikel2-980x389.jpg 980w, https:\/\/standort-niederrhein.de\/wp-content\/uploads\/2024\/11\/pm262_landesbestenehrung-artikel2-480x191.jpg 480w\" sizes=\"(min-width: 0px) and (max-width: 480px) 480px, (min-width: 481px) and (max-width: 980px) 980px, (min-width: 981px) 987px, 100vw\" \/><\/figure>\n\n\n<p>IHK-Gesch\u00e4ftsf\u00fchrerin Daniela Perner (2.v.r.) mit \u201eihren\u201c Super-Azubis vom Mittleren Niederrhein, eingerahmt von Walter Viegener (Pr\u00e4sident der IHK Siegen, l.) und Dr. Thilo Pahl (Hauptgesch\u00e4ftsf\u00fchrer IHK Siegen, r.).\u00a0| Foto: IHK Siegen\/ CS<\/p>\n","protected":false},"excerpt":{"rendered":"<p>Mittlerer Niederrhein. Die nordrhein-westf\u00e4lischen Industrie- und Handelskammern haben die besten Auszubildenden des Landes in Siegen geehrt. Unter den 185 landesbesten Absolventinnen und Absolventen waren auch elf Super-Azubis aus dem Bezirk der Industrie- und Handelskammer (IHK) Mittlerer Niederrhein. Bei der Gala in der Siegerlandhalle konnten sie die entsprechende Auszeichnung aus den H\u00e4nden von Walter Viegener, Pr\u00e4sident [&hellip;]<\/p>\n","protected":false},"author":3,"featured_media":5169,"comment_status":"closed","ping_status":"closed","sticky":false,"template":"","format":"standard","meta":{"_et_pb_use_builder":"","_et_pb_old_content":"","_et_gb_content_width":"","footnotes":""},"categories":[1],"tags":[],"class_list":["post-5168","post","type-post","status-publish","format-standard","has-post-thumbnail","hentry","category-allgemein"],"_links":{"self":[{"href":"https:\/\/standort-niederrhein.de\/en\/wp-json\/wp\/v2\/posts\/5168","targetHints":{"allow":["GET"]}}],"collection":[{"href":"https:\/\/standort-niederrhein.de\/en\/wp-json\/wp\/v2\/posts"}],"about":[{"href":"https:\/\/standort-niederrhein.de\/en\/wp-json\/wp\/v2\/types\/post"}],"author":[{"embeddable":true,"href":"https:\/\/standort-niederrhein.de\/en\/wp-json\/wp\/v2\/users\/3"}],"replies":[{"embeddable":true,"href":"https:\/\/standort-niederrhein.de\/en\/wp-json\/wp\/v2\/comments?post=5168"}],"version-history":[{"count":1,"href":"https:\/\/standort-niederrhein.de\/en\/wp-json\/wp\/v2\/posts\/5168\/revisions"}],"predecessor-version":[{"id":5170,"href":"https:\/\/standort-niederrhein.de\/en\/wp-json\/wp\/v2\/posts\/5168\/revisions\/5170"}],"wp:featuredmedia":[{"embeddable":true,"href":"https:\/\/standort-niederrhein.de\/en\/wp-json\/wp\/v2\/media\/5169"}],"wp:attachment":[{"href":"https:\/\/standort-niederrhein.de\/en\/wp-json\/wp\/v2\/media?parent=5168"}],"wp:term":[{"taxonomy":"category","embeddable":true,"href":"https:\/\/standort-niederrhein.de\/en\/wp-json\/wp\/v2\/categories?post=5168"},{"taxonomy":"post_tag","embeddable":true,"href":"https:\/\/standort-niederrhein.de\/en\/wp-json\/wp\/v2\/tags?post=5168"}],"curies":[{"name":"wp","href":"https:\/\/api.w.org\/{rel}","templated":true}]}}