{"id":5163,"date":"2024-11-13T06:00:00","date_gmt":"2024-11-13T05:00:00","guid":{"rendered":"https:\/\/invest-in-niederrhein.de\/?p=5163"},"modified":"2024-11-12T10:28:47","modified_gmt":"2024-11-12T09:28:47","slug":"durch-ausbildung-die-mitarbeiter-von-morgen-gewinnen","status":"publish","type":"post","link":"https:\/\/standort-niederrhein.de\/en\/2024\/11\/13\/durch-ausbildung-die-mitarbeiter-von-morgen-gewinnen\/","title":{"rendered":"Durch Ausbildung die Mitarbeiter von morgen gewinnen"},"content":{"rendered":"\n<p><strong>Kreis Kleve\/ Wachtendonk-Wankum. <\/strong>Die deutsche Wirtschaft durchlebt gerade unruhige Zeiten. Dennoch gibt es \u2013 auch im Kreis Kleve \u2013 viele Unternehmen, die alles daf\u00fcr tun, die zahlreichen Herausforderungen zu meistern. Eine davon ist der Mangel an Arbeits- und Fachkr\u00e4ften und eines dieser engagierten Unternehmen ist die Autoreparatur Norbert Koenen in Wachtendonk-Wankum. Dorthin hatte die Wirtschaftsf\u00f6rderung Kreis Kleve in Kooperation mit der Gemeinde zum \u00a0\u00a0j\u00fcngsten Unternehmerfr\u00fchst\u00fcck eingeladen. \u00a0Die Veranstaltung stand unter dem Motto: \u201eFachkr\u00e4ftemangel: Herausforderungen und zukunftsweisende L\u00f6sungsans\u00e4tze\u201c. <\/p>\n\n\n\n<p>Er\u00f6ffnet wurde das Unternehmerfr\u00fchst\u00fcck durch B\u00fcrgermeister Paul Hoene, der den G\u00e4sten aktuelle lokale Themen vorstellte. Die Gemeinde unternehme viel, so Hoene, um den dort ans\u00e4ssigen Unternehmen, aber auch an einer Neuansiedlung interessierten Firmen gute Standortvoraussetzungen zu bieten. Dazu geh\u00f6rten moderate Grunderwerbspreise ebenso wie eine gute Bildungslandschaft mit attraktiven Schulen und gen\u00fcgend Kita-Pl\u00e4tzen. Hoene: \u201eWir haben starke Vereine und Netzwerke, in denen man gut Fu\u00df fassen kann und wir verf\u00fcgen \u00fcber einen guten Branchenmix.\u201c Durch die N\u00e4he zum Ruhrgebiet, aber auch zu den Niederlanden, b\u00f6ten sich gute Chancen f\u00fcr die Gewinnung von Fachkr\u00e4ften von au\u00dferhalb, betonte der B\u00fcrgermeister. &nbsp;&nbsp;<\/p>\n\n\n\n<p>Anschlie\u00dfend stellte Gesch\u00e4ftsf\u00fchrerin Brigitte Jansen den G\u00e4sten die vielf\u00e4ltigen Aktivit\u00e4ten der Kreis-Wirtschaftsf\u00f6rderung vor und lud sie ein, den Kontakt dorthin zu suchen, wenn Bedarf an Beratung, Unterst\u00fctzung und Information besteht oder der Kontakt zur Hochschule Rhein-Waal gesucht wird.<\/p>\n\n\n\n<p>Barbara Ossyra pr\u00e4sentierte als Vorsitzende der Gesch\u00e4ftsf\u00fchrung die Angebote der Agentur f\u00fcr Arbeit Wesel. Fachkr\u00e4fte, so Ossyra, lie\u00dfen sich vor allem \u00fcber drei Wege gewinnen: Ausbildung und Studium, Qualifizierung von Arbeitslosen und Besch\u00e4ftigten sowie Zuwanderung. Weiter ging es mit einem Vortrag unter dem Titel \u201eJobturbo \u2013 F\u00f6rderung beruflicher Weiterentwicklung \u2013 Fachkr\u00e4fteeinwanderungsgesetz \u2013 Die Bundesagentur f\u00fcr Arbeit und das Jobcenter stellen sich vor\u201c. &nbsp;Sascha Bongertmann von der Agentur f\u00fcr Arbeit und Max J\u00fcrgens vom Jobcenter Kreis Kleve zeigten den Unternehmerinnen und Unternehmern hilfreiche Unterst\u00fctzungsm\u00f6glichkeiten auf.<\/p>\n\n\n\n<p>In einer Gespr\u00e4chsrunde, moderiert durch Andrea Franken, ging es abschlie\u00dfend um Erfolg bringende Ma\u00dfnahmen beim Recruiting. &nbsp;Norbert Koenen, Inhaber des gleichnamigen Wankumer Kfz-Meisterbetriebs, setzt vor allem auf die Ausbildung, um Fachkr\u00e4fte von morgen zu gewinnen. \u201eWir haben auch einen Auszubildenden ausl\u00e4ndischer Herkunft und sind sehr zufrieden mit ihm, der junge Mann macht das ganz toll\u201c, sagte Koenen. Im B\u00fcro arbeiten Teilzeitkr\u00e4fte, \u201edadurch bleiben wir flexibel und k\u00f6nnen unseren Empfang und unsere Verwaltung immer besetzt halten\u201c, betonte der Kfz-Meister. Auch bei der Gemeinde Wachtendonk habe die Ausbildung einen hohen Stellenwert, erl\u00e4uterte B\u00fcrgermeister Hoene. \u201eWir k\u00fcmmern uns intensiv um die k\u00fcnftigen Fachkr\u00e4fte\u201c, sagte Hoene. Aber auch mit Blick auf die \u00fcbrigen Mitarbeitenden sei es wichtig, stets auf ihre Bed\u00fcrfnisse und Ideen einzugehen. \u201eWenn die Mitarbeitenden merken, dass man ihnen zuh\u00f6rt und man sie eingeht, macht das Schule und wird das auch nach au\u00dfen kommuniziert\u201c, ist der B\u00fcrgermeister \u00fcberzeugt. Daniel Bruisten von der Haustechnik G.H. Geerkens GmbH berichtete davon, dass unter den 24 Mitarbeitenden gleich vier Auszubildende seien. \u201eDas wird uns helfen, denn in den n\u00e4chsten zehn Jahren gehen einige unserer Mitarbeitenden in Rente\u201c, sagte Bruisten. Ansonsten setze die Haustechnik G.H. Geerkens GmbH beim Recruiting darauf, dass sich Vorteile in ihrem Unternehmen wie ein famili\u00e4res Arbeitsumfeld und ein gro\u00dfer Zusammenhalt im Team herumsprechen. \u201eMund-zu-Mund-Propaganda ist bei der Gewinnung von Fachkr\u00e4ften f\u00fcr uns sehr wichtig\u201c, betonte Bruisten.<\/p>\n\n\n\n<p> Quelle: <a href=\"http:\/\/www.wfg-kreis-kleve.de\">WFG Kreis Kleve<\/a><\/p>\n\n\n<figure class=\"wp-block-post-featured-image\"><img loading=\"lazy\" decoding=\"async\" width=\"2118\" height=\"1500\" src=\"https:\/\/standort-niederrhein.de\/wp-content\/uploads\/2024\/11\/UF-Wachtendonk_PI.jpg\" class=\"attachment-post-thumbnail size-post-thumbnail wp-post-image\" alt=\"\" style=\"object-fit:cover;\" srcset=\"https:\/\/standort-niederrhein.de\/wp-content\/uploads\/2024\/11\/UF-Wachtendonk_PI.jpg 2118w, https:\/\/standort-niederrhein.de\/wp-content\/uploads\/2024\/11\/UF-Wachtendonk_PI-1280x907.jpg 1280w, https:\/\/standort-niederrhein.de\/wp-content\/uploads\/2024\/11\/UF-Wachtendonk_PI-980x694.jpg 980w, https:\/\/standort-niederrhein.de\/wp-content\/uploads\/2024\/11\/UF-Wachtendonk_PI-480x340.jpg 480w\" sizes=\"(min-width: 0px) and (max-width: 480px) 480px, (min-width: 481px) and (max-width: 980px) 980px, (min-width: 981px) and (max-width: 1280px) 1280px, (min-width: 1281px) 2118px, 100vw\" \/><\/figure>\n\n\n<p>Die Protagonisten des Unternehmerfr\u00fchst\u00fccks in Wachtendonk (von links): Norbert Koenen (Kfz-Meisterbetrieb Norbert Koenen), Franz-Josef Delbeck (Gemeinde Wachtendonk), Sascha Bongertmann (Bundesagentur f\u00fcr Arbeit), Max J\u00fcrgens (Jobcenter Kreis Kleve), Andrea Franken (Moderatorin), Marc Cattelaens (Wirtschaftsf\u00f6rderung Kreis Kleve), Paul Hoene (B\u00fcrgermeister Gemeinde Wachtendonk), \u00a0Daniel Bruisten (G.H. Geerkens GmbH) und Brigitte Jansen (Gesch\u00e4ftsf\u00fchrerin Wirtschaftsf\u00f6rderung Kreis Kleve). | Foto: WFG Kreis Kleve\u00a0<\/p>\n","protected":false},"excerpt":{"rendered":"<p>Kreis Kleve\/ Wachtendonk-Wankum. Die deutsche Wirtschaft durchlebt gerade unruhige Zeiten. Dennoch gibt es \u2013 auch im Kreis Kleve \u2013 viele Unternehmen, die alles daf\u00fcr tun, die zahlreichen Herausforderungen zu meistern. Eine davon ist der Mangel an Arbeits- und Fachkr\u00e4ften und eines dieser engagierten Unternehmen ist die Autoreparatur Norbert Koenen in Wachtendonk-Wankum. Dorthin hatte die Wirtschaftsf\u00f6rderung [&hellip;]<\/p>\n","protected":false},"author":3,"featured_media":5164,"comment_status":"closed","ping_status":"closed","sticky":false,"template":"","format":"standard","meta":{"_et_pb_use_builder":"","_et_pb_old_content":"","_et_gb_content_width":"","footnotes":""},"categories":[1],"tags":[],"class_list":["post-5163","post","type-post","status-publish","format-standard","has-post-thumbnail","hentry","category-allgemein"],"_links":{"self":[{"href":"https:\/\/standort-niederrhein.de\/en\/wp-json\/wp\/v2\/posts\/5163","targetHints":{"allow":["GET"]}}],"collection":[{"href":"https:\/\/standort-niederrhein.de\/en\/wp-json\/wp\/v2\/posts"}],"about":[{"href":"https:\/\/standort-niederrhein.de\/en\/wp-json\/wp\/v2\/types\/post"}],"author":[{"embeddable":true,"href":"https:\/\/standort-niederrhein.de\/en\/wp-json\/wp\/v2\/users\/3"}],"replies":[{"embeddable":true,"href":"https:\/\/standort-niederrhein.de\/en\/wp-json\/wp\/v2\/comments?post=5163"}],"version-history":[{"count":1,"href":"https:\/\/standort-niederrhein.de\/en\/wp-json\/wp\/v2\/posts\/5163\/revisions"}],"predecessor-version":[{"id":5165,"href":"https:\/\/standort-niederrhein.de\/en\/wp-json\/wp\/v2\/posts\/5163\/revisions\/5165"}],"wp:featuredmedia":[{"embeddable":true,"href":"https:\/\/standort-niederrhein.de\/en\/wp-json\/wp\/v2\/media\/5164"}],"wp:attachment":[{"href":"https:\/\/standort-niederrhein.de\/en\/wp-json\/wp\/v2\/media?parent=5163"}],"wp:term":[{"taxonomy":"category","embeddable":true,"href":"https:\/\/standort-niederrhein.de\/en\/wp-json\/wp\/v2\/categories?post=5163"},{"taxonomy":"post_tag","embeddable":true,"href":"https:\/\/standort-niederrhein.de\/en\/wp-json\/wp\/v2\/tags?post=5163"}],"curies":[{"name":"wp","href":"https:\/\/api.w.org\/{rel}","templated":true}]}}