{"id":5156,"date":"2024-11-09T07:00:00","date_gmt":"2024-11-09T06:00:00","guid":{"rendered":"https:\/\/invest-in-niederrhein.de\/?p=5156"},"modified":"2024-11-11T09:55:11","modified_gmt":"2024-11-11T08:55:11","slug":"kreis-viersen-erneut-als-einer-der-besten-ausbilder-deutschlands-ausgezeichnet","status":"publish","type":"post","link":"https:\/\/standort-niederrhein.de\/en\/2024\/11\/09\/kreis-viersen-erneut-als-einer-der-besten-ausbilder-deutschlands-ausgezeichnet\/","title":{"rendered":"Kreis Viersen erneut als einer der \u201eBesten Ausbilder Deutschlands\u201c ausgezeichnet"},"content":{"rendered":"\n<p><strong>Kreis Viersen.<\/strong> Der Kreis Viersen geh\u00f6rt erneut zu Deutschlands besten Ausbildern. Das geht aus der aktuellen Studie hervor, die das Wirtschaftsmagazin CAPITAL mit der Talentplattform Ausbildung.de durchgef\u00fchrt hat. Ziel der Studie ist es, die Erfolgsfaktoren, St\u00e4rken und Chancen der Unternehmen im Bereich Ausbildung und im Bereich duales Studium herauszuarbeiten. Dabei sind beispielsweise die Betreuung, das Ausbildungsmarketing, die Innovation und die Erfolgschancen n\u00e4her betrachtet worden. An der Studie haben sich in diesem Jahr insgesamt \u00fcber 500 Unternehmen, darunter gro\u00dfe DAX-Konzerne, gro\u00dfe Beh\u00f6rden, viele Mittelst\u00e4ndler und Handwerksbetriebe, beteiligt.<\/p>\n\n\n\n<p>Der Kreis Viersen hat wiederholt sehr gute Ergebnisse erzielt und wird in den Kategorien Ausbildung und Duales Studium aufgrund seines zukunfts- und bed\u00fcrfnisorientierten Ausbildungsprogramms erneut als einer der &#8220;Besten Ausbilder Deutschlands&#8221; ausgezeichnet. &#8220;Dass wir erneut ausgezeichnet wurden, macht uns stolz&#8221;, sagt Landrat Dr. Andreas Coenen. &#8220;Die vielf\u00e4ltigen Einsatzm\u00f6glichkeiten innerhalb der Kreisverwaltung, verbunden mit hervorragenden beruflichen Perspektiven, sind gro\u00dfe Pluspunkte unserer Ausbildung.&#8221;<\/p>\n\n\n\n<p>&#8220;Viele sind von den unterschiedlichen Ausbildungsm\u00f6glichkeiten bei der Kreisverwaltung \u00fcberrascht \u2013 denn hierzu geh\u00f6ren l\u00e4ngst nicht mehr nur die klassischen Verwaltungsberufe&#8221;, erg\u00e4nzt Ausbildungsleiter Volkmar H\u00f6rning. So umfasst das Ausbildungsangebot f\u00fcr das Jahr 2025 auch die Ausbildungen zur Stra\u00dfenanw\u00e4rterin \/ zum Stra\u00dfenw\u00e4rter, zur Notfall- und Rettungssanit\u00e4terin \/ zum Notfall- und Rettungssanit\u00e4ter, zur Fachangestellten \/ zum Fachangestellten f\u00fcr Medien- und Informationsdienste oder zur Hygienekontrolleurin \/ zum Hygienekontrolleur.<\/p>\n\n\n\n<p>Quelle: <a href=\"http:\/\/www.kreis-viersen.de\">Kreis Viersen<\/a><\/p>\n","protected":false},"excerpt":{"rendered":"<p>Kreis Viersen. Der Kreis Viersen geh\u00f6rt erneut zu Deutschlands besten Ausbildern. Das geht aus der aktuellen Studie hervor, die das Wirtschaftsmagazin CAPITAL mit der Talentplattform Ausbildung.de durchgef\u00fchrt hat. Ziel der Studie ist es, die Erfolgsfaktoren, St\u00e4rken und Chancen der Unternehmen im Bereich Ausbildung und im Bereich duales Studium herauszuarbeiten. Dabei sind beispielsweise die Betreuung, das [&hellip;]<\/p>\n","protected":false},"author":3,"featured_media":0,"comment_status":"closed","ping_status":"closed","sticky":false,"template":"","format":"standard","meta":{"_et_pb_use_builder":"","_et_pb_old_content":"","_et_gb_content_width":"","footnotes":""},"categories":[1],"tags":[],"class_list":["post-5156","post","type-post","status-publish","format-standard","hentry","category-allgemein"],"_links":{"self":[{"href":"https:\/\/standort-niederrhein.de\/en\/wp-json\/wp\/v2\/posts\/5156","targetHints":{"allow":["GET"]}}],"collection":[{"href":"https:\/\/standort-niederrhein.de\/en\/wp-json\/wp\/v2\/posts"}],"about":[{"href":"https:\/\/standort-niederrhein.de\/en\/wp-json\/wp\/v2\/types\/post"}],"author":[{"embeddable":true,"href":"https:\/\/standort-niederrhein.de\/en\/wp-json\/wp\/v2\/users\/3"}],"replies":[{"embeddable":true,"href":"https:\/\/standort-niederrhein.de\/en\/wp-json\/wp\/v2\/comments?post=5156"}],"version-history":[{"count":1,"href":"https:\/\/standort-niederrhein.de\/en\/wp-json\/wp\/v2\/posts\/5156\/revisions"}],"predecessor-version":[{"id":5157,"href":"https:\/\/standort-niederrhein.de\/en\/wp-json\/wp\/v2\/posts\/5156\/revisions\/5157"}],"wp:attachment":[{"href":"https:\/\/standort-niederrhein.de\/en\/wp-json\/wp\/v2\/media?parent=5156"}],"wp:term":[{"taxonomy":"category","embeddable":true,"href":"https:\/\/standort-niederrhein.de\/en\/wp-json\/wp\/v2\/categories?post=5156"},{"taxonomy":"post_tag","embeddable":true,"href":"https:\/\/standort-niederrhein.de\/en\/wp-json\/wp\/v2\/tags?post=5156"}],"curies":[{"name":"wp","href":"https:\/\/api.w.org\/{rel}","templated":true}]}}