{"id":5132,"date":"2024-11-09T06:00:00","date_gmt":"2024-11-09T05:00:00","guid":{"rendered":"https:\/\/invest-in-niederrhein.de\/?p=5132"},"modified":"2024-11-07T09:08:30","modified_gmt":"2024-11-07T08:08:30","slug":"foerderprogramm-klimafreundliches-wohnen-startet-im-dezember","status":"publish","type":"post","link":"https:\/\/standort-niederrhein.de\/en\/2024\/11\/09\/foerderprogramm-klimafreundliches-wohnen-startet-im-dezember\/","title":{"rendered":"F\u00f6rderprogramm \u201eKlimafreundliches Wohnen\u201c startet im Dezember"},"content":{"rendered":"\n<p>Krefeld. Die Stadtverwaltung bietet den B\u00fcrgerinnen und B\u00fcrgern wieder das F\u00f6rderprogramm \u201eKlimafreundliches Wohnen\u201c zum Ausbau der regenerativen Energien und f\u00fcr mehr Klimaschutz an. Antr\u00e4ge f\u00fcr dieses Programm k\u00f6nnen ab Dezember online gestellt werden. Dort finden sich auch die weiteren F\u00f6rderbedingungen und notwendigen Schritte, um die Gelder zu erhalten. Die Antr\u00e4ge werden in der Reihenfolge des Eingangs bearbeitet. Grunds\u00e4tzlich ist wichtig, dass die Ma\u00dfnahme erst nach Erhalt der F\u00f6rderzusage beauftragt werden darf. Die F\u00f6rderung kann mit anderen Programmen kombiniert werden, darf jedoch insgesamt 50 Prozent der Gesamtkosten der Ma\u00dfnahme nicht \u00fcberschreiten.<\/p>\n\n\n\n<p>\u201eDie ersten Runden unserer Klimaschutzprogramme waren stark nachgefragt und haben dazu gef\u00fchrt, dass Krefeld mehr regenerative Energie vor Ort produziert hat. Das ist gut f\u00fcrs Klima und gut f\u00fcr unsere Stadt. Mit der Neuauflage des Programms Klimafreundliches Wohnen setzt die Stadt Krefeld weiter wichtige Impulse f\u00fcr den Klimaschutz und unterst\u00fctzt B\u00fcrgerinnen und B\u00fcrger, die ihre Geb\u00e4ude nachhaltiger und energieeffizienter gestalten m\u00f6chten\u201c, sagt Umweltdezernentin Sabine Lauxen. Der Krefelder Stadtrat hatte das Programm mehrheitlich verabschiedet.<\/p>\n\n\n\n<p>Die Neuauflage von \u201eKlimafreundliches Wohnen\u201c umfasst mehrere Bausteine. Die Installation von Photovoltaikanlagen wird mit 100 Euro pro Kilowattpeak (kWp) gef\u00f6rdert, bis zu einem Maximalbetrag von 1.000 Euro pro Anlage. Auch steckerfertige PV-Anlagen (Balkon-PV) sind f\u00f6rderf\u00e4hig. 400 Euro pro Anlage werden gezahlt, wobei maximal 50 Prozent der Kosten f\u00f6rderf\u00e4hig sind. Die steckerfertigen Systeme d\u00fcrfen unter Einhaltung der Installationsnorm eigenst\u00e4ndig aufgestellt werden. Im Bereich der technischen Komponenten wird der Einbau eines Batteriespeichers mit 200 Euro pro Kilowattstunde (kWh) gef\u00f6rdert. Die F\u00f6rderung ist dabei auf 2.000 Euro begrenzt. Eine weitere f\u00f6rderf\u00e4hige technische Komponente ist die Wallbox f\u00fcr das Elektrofahrzeug. Die F\u00f6rderung f\u00fcr eine private Ladestation bel\u00e4uft sich auf 500 Euro. Der 100-prozentige Bezug von \u00d6kostrom ist dabei Voraussetzung.<\/p>\n\n\n\n<p>Dachbegr\u00fcnung wird mit 20 Euro pro Quadratmeter gef\u00f6rdert. Der F\u00f6rderh\u00f6chstbetrag liegt f\u00fcr diese Ma\u00dfnahme bei 1.000 Euro. Sofern es sich dabei um Systeme handelt, die einen Selbstaufbau vorsehen, ist die Installation in Eigenleistung zul\u00e4ssig, wenn ein Nachweis \u00fcber den vorgesehenen Selbstaufbau des Systems erbracht wird, beispielsweise durch ein Produktdatenblatt oder eine andere Information des Herstellers. Bei einer kombinierten Neu-Installation von Dachbegr\u00fcnung und Photovoltaikanlage auf derselben Fl\u00e4che wird eine Zusatzf\u00f6rderung von 1.000 Euro gew\u00e4hrt. Diese Kombination f\u00f6rdert die Energieproduktion durch die Photovoltaik und sorgt gleichzeitig f\u00fcr ein besseres Mikroklima. In bestimmten F\u00e4llen k\u00f6nnen auch besondere Ma\u00dfnahmen gef\u00f6rdert werden, die nicht in das regul\u00e4re Schema passen, jedoch einen hohen Klimaschutzbeitrag leisten. Solche F\u00e4lle werden nach Antragsstellung einzeln gepr\u00fcft. Eine typische Ma\u00dfnahme dieser Art ist die Fassadenbegr\u00fcnung, f\u00fcr die sich die F\u00f6rderung auf zehn Euro pro Quadratmeter bel\u00e4uft. Maximal betr\u00e4gt die F\u00f6rderung hier 1.000 Euro.<\/p>\n\n\n\n<p>Auch eine soziale Komponente ist im F\u00f6rderprogramm integriert. F\u00fcr Haushalte mit geringem Einkommen (Nachweis des Bezugs von Leistungen nach dem SGB II und SGB XII) gibt es eine besonders attraktive F\u00f6rderung: Balkonkraftwerke werden mit 75 Prozent der Kosten und einem Volumen von bis zu 600 Euro bezuschusst. Wird zus\u00e4tzlich ein kostenloser Stromspar-Check der Caritas durchgef\u00fchrt, \u00fcbernimmt die Stadt Krefeld 100 Prozent der Kosten bis 600 Euro. Diese soziale F\u00f6rderung stellt sicher, dass auch Menschen mit geringem Einkommen Zugang zu klimafreundlichen Energiel\u00f6sungen haben und direkt von den Einsparungen durch die Nutzung von Solarstrom profitieren k\u00f6nnen.<\/p>\n\n\n\n<p>Quelle: <a href=\"http:\/\/www.krefeld.de\">Stadt Krefeld<\/a><\/p>\n\n\n<figure class=\"wp-block-post-featured-image\"><img loading=\"lazy\" decoding=\"async\" width=\"1200\" height=\"675\" src=\"https:\/\/standort-niederrhein.de\/wp-content\/uploads\/2024\/11\/pvanlage_1200.jpg\" class=\"attachment-post-thumbnail size-post-thumbnail wp-post-image\" alt=\"\" style=\"object-fit:cover;\" srcset=\"https:\/\/standort-niederrhein.de\/wp-content\/uploads\/2024\/11\/pvanlage_1200.jpg 1200w, https:\/\/standort-niederrhein.de\/wp-content\/uploads\/2024\/11\/pvanlage_1200-980x551.jpg 980w, https:\/\/standort-niederrhein.de\/wp-content\/uploads\/2024\/11\/pvanlage_1200-480x270.jpg 480w\" sizes=\"(min-width: 0px) and (max-width: 480px) 480px, (min-width: 481px) and (max-width: 980px) 980px, (min-width: 981px) 1200px, 100vw\" \/><\/figure>\n\n\n<p>Eine st\u00e4dtische PV-Anlage auf dem Dach der Mosaikschule &#8211; mithilfe des F\u00f6rderprogramms k\u00f6nnen auch B\u00fcrgerinnen und B\u00fcrger lukrativ in Klimaschutzma\u00dfnahmen investieren. | Foto: Stadt Krefeld, Presse und Kommunikation, A. Bischof<\/p>\n","protected":false},"excerpt":{"rendered":"<p>Krefeld. Die Stadtverwaltung bietet den B\u00fcrgerinnen und B\u00fcrgern wieder das F\u00f6rderprogramm \u201eKlimafreundliches Wohnen\u201c zum Ausbau der regenerativen Energien und f\u00fcr mehr Klimaschutz an. Antr\u00e4ge f\u00fcr dieses Programm k\u00f6nnen ab Dezember online gestellt werden. Dort finden sich auch die weiteren F\u00f6rderbedingungen und notwendigen Schritte, um die Gelder zu erhalten. Die Antr\u00e4ge werden in der Reihenfolge des [&hellip;]<\/p>\n","protected":false},"author":3,"featured_media":5133,"comment_status":"closed","ping_status":"closed","sticky":false,"template":"","format":"standard","meta":{"_et_pb_use_builder":"","_et_pb_old_content":"","_et_gb_content_width":"","footnotes":""},"categories":[1],"tags":[],"class_list":["post-5132","post","type-post","status-publish","format-standard","has-post-thumbnail","hentry","category-allgemein"],"_links":{"self":[{"href":"https:\/\/standort-niederrhein.de\/en\/wp-json\/wp\/v2\/posts\/5132","targetHints":{"allow":["GET"]}}],"collection":[{"href":"https:\/\/standort-niederrhein.de\/en\/wp-json\/wp\/v2\/posts"}],"about":[{"href":"https:\/\/standort-niederrhein.de\/en\/wp-json\/wp\/v2\/types\/post"}],"author":[{"embeddable":true,"href":"https:\/\/standort-niederrhein.de\/en\/wp-json\/wp\/v2\/users\/3"}],"replies":[{"embeddable":true,"href":"https:\/\/standort-niederrhein.de\/en\/wp-json\/wp\/v2\/comments?post=5132"}],"version-history":[{"count":1,"href":"https:\/\/standort-niederrhein.de\/en\/wp-json\/wp\/v2\/posts\/5132\/revisions"}],"predecessor-version":[{"id":5134,"href":"https:\/\/standort-niederrhein.de\/en\/wp-json\/wp\/v2\/posts\/5132\/revisions\/5134"}],"wp:featuredmedia":[{"embeddable":true,"href":"https:\/\/standort-niederrhein.de\/en\/wp-json\/wp\/v2\/media\/5133"}],"wp:attachment":[{"href":"https:\/\/standort-niederrhein.de\/en\/wp-json\/wp\/v2\/media?parent=5132"}],"wp:term":[{"taxonomy":"category","embeddable":true,"href":"https:\/\/standort-niederrhein.de\/en\/wp-json\/wp\/v2\/categories?post=5132"},{"taxonomy":"post_tag","embeddable":true,"href":"https:\/\/standort-niederrhein.de\/en\/wp-json\/wp\/v2\/tags?post=5132"}],"curies":[{"name":"wp","href":"https:\/\/api.w.org\/{rel}","templated":true}]}}