{"id":5122,"date":"2024-11-07T06:00:00","date_gmt":"2024-11-07T05:00:00","guid":{"rendered":"https:\/\/invest-in-niederrhein.de\/?p=5122"},"modified":"2024-11-06T09:27:31","modified_gmt":"2024-11-06T08:27:31","slug":"die-stellen-schaffen-die-zum-bewerber-passen","status":"publish","type":"post","link":"https:\/\/standort-niederrhein.de\/en\/2024\/11\/07\/die-stellen-schaffen-die-zum-bewerber-passen\/","title":{"rendered":"Die Stellen schaffen, die zum Bewerber passen"},"content":{"rendered":"\n<p><strong>Kreis Kleve\/ Uedem. <\/strong>Fachkr\u00e4fte sind auf dem Arbeitsmarkt derzeit hoch begehrt, gleichzeitig ist die Zahl der arbeitssuchenden Menschen mit abgeschlossener Berufsausbildung \u00fcberschaubar. F\u00fcr Unternehmen ist es da besonders wichtig, ein ansprechender Arbeitgeber zu sein, denn das hilft sowohl bei der Personalgewinnung als auch bei der Mitarbeiterbindung. Wie Firmen beim Recruiting erfolgreich sein k\u00f6nnen und wie es ihnen gelingt, das Abwandern der eigenen Fachkr\u00e4fte zu verhindern, das erfuhren die Teilnehmenden nun beim j\u00fcngsten Unternehmerfr\u00fchst\u00fcck in Uedem. \u00a0\u00a0Dazu hatte die Wirtschaftsf\u00f6rderung Kreis Kleve\u00a0 in Kooperation mit der Gemeinde ins Uedemer \u00a0B\u00fcrgerhaus eingeladen. \u00a0\u00a0<\/p>\n\n\n\n<p>Er\u00f6ffnet wurde das Unternehmerfr\u00fchst\u00fcck durch B\u00fcrgermeister Rainer Weber, der den G\u00e4sten aktuelle lokale Themen vorstellte. So sorge die Gemeinde in Uedem, Keppeln und Uedemerbruch durch die Entwicklung von Baugebieten f\u00fcr die M\u00f6glichkeit, neuen Wohnraum zu schaffen. &nbsp;Sehr zufrieden war Weber mit der gewerblichen Entwicklung in seiner Gemeinde. So seien in den vergangenen Jahren viele Firmen angesiedelt worden, was f\u00fcr neue Arbeitspl\u00e4tze gesorgt habe. Der B\u00fcrgermeister zeigte sich au\u00dferdem erfreut dar\u00fcber, dass in j\u00fcngster Zeit wichtige Vorhaben abgeschlossen werden konnten. Hierbei verwies Weber auf die neuen Padel-Pl\u00e4tze des Uedemer Tennis Clubs und die Kegelbahnen an der B\u00fcrgerbegegnungsst\u00e4tte in Keppeln. In K\u00fcrze, so der B\u00fcrgermeister, stehe die Einweihung des Dorfgemeinschaftshauses in Uedemerbruch an.<\/p>\n\n\n\n<p>Anschlie\u00dfend stellte Gesch\u00e4ftsf\u00fchrerin Brigitte Jansen den G\u00e4sten die vielf\u00e4ltigen Aktivit\u00e4ten der Kreis-Wirtschaftsf\u00f6rderung vor und lud sie ein, den Kontakt dorthin zu suchen, wenn Bedarf an Beratung, Unterst\u00fctzung und Information besteht oder der Kontakt zur Hochschule Rhein-Waal gesucht wird.<\/p>\n\n\n\n<p>Barbara Ossyra pr\u00e4sentierte als Vorsitzende der Gesch\u00e4ftsf\u00fchrung die Angebote der Agentur f\u00fcr Arbeit Wesel. Fachkr\u00e4fte, so Ossyra, lie\u00dfen sich vor allem \u00fcber drei Wege gewinnen: Ausbildung und Studium, Qualifizierung von Arbeitslosen und Besch\u00e4ftigten sowie Zuwanderung. Weiter ging es mit einem Vortrag unter dem Titel \u201eJobturbo \u2013 F\u00f6rderung beruflicher Weiterentwicklung \u2013 Fachkr\u00e4fte-einwanderungsgesetz \u2013 Die Bundesagentur f\u00fcr Arbeit stellt sich vor\u201c. &nbsp;Sascha Bongertmann und Nils Heuer von der Bundesagentur f\u00fcr Arbeit sowie Max J\u00fcrgens vom Jobcenter Kreis Kleve zeigten den Unternehmerinnen und Unternehmern hilfreiche Unterst\u00fctzungsm\u00f6glichkeiten auf. So verf\u00fcge die Bundesagentur \u00fcber das deutschlandweit gr\u00f6\u00dfte Job-Portal, sie berate gerne pers\u00f6nlich sowie individuell im Unternehmen vor Ort und halte vielf\u00e4ltige digitale sowie finanzielle Unterst\u00fctzungsm\u00f6glichkeiten f\u00fcr Firmen bei der Personalgewinnung bereit.<\/p>\n\n\n\n<p>In einer Gespr\u00e4chsrunde, moderiert durch Andrea Franken, ging es abschlie\u00dfend um Erfolg bringende Ma\u00dfnahmen beim Recruiting. F\u00fcr Johannes Janhsen, Vorstand der Volksbank an der Niers, ist es wichtig, dass das Betriebsklima stimmt. \u201eDie Arbeit muss Spa\u00df machen, es sollte sich im Unternehmen im besten Fall eine famili\u00e4re Atmosph\u00e4re bieten und die jeweilige T\u00e4tigkeit sollte als sinnstiftend empfunden werden\u201c, sagte Janhsen. B\u00fcrgermeister Weber betonte: \u201eMan sollte seinen Mitarbeitenden gut zuh\u00f6ren und insbesondere den J\u00fcngeren familienfreundliche Arbeitszeitmodelle anbieten. Aber es ist auch wichtig, die \u00e4lteren Mitarbeitenden nicht zu vergessen.\u201c Eine gute M\u00f6glichkeit, Fachkr\u00e4fte von morgen zu gewinnen, seien Praktika. Weber: \u201eJeder, der ein Praktikum bei uns absolvieren m\u00f6chte, ist herzlich willkommen!\u201c Daniel Jokisch, Gesch\u00e4ftsf\u00fchrer der MittelstandsWerk Service GmbH aus Uedem, nimmt sich pers\u00f6nlich Zeit f\u00fcr jedes Vorstellungsgespr\u00e4ch. \u201eSo kann ich am besten einen Eindruck vom Bewerber und seinen St\u00e4rken erhalten. Wenn der Bewerber zur ausgeschriebenen Stelle nicht passt, versuchen wir, f\u00fcr ihn die passende Stelle zu schaffen\u201c, sagte Jokisch. Erstrebenswert sei im Betrieb ein Klima der Hilfsbereitschaft und R\u00fccksichtnahme auf den Anderen. Jokisch: \u201eAuch das Employer Branding ist wichtig &#8211; die Arbeitgebermarke muss entwickelt und gelebt werden.\u201c<\/p>\n\n\n\n<p>Quelle: <a href=\"http:\/\/www.wfg-kreis-kleve.de\">WFG Kreis Kleve<\/a><\/p>\n\n\n<figure class=\"wp-block-post-featured-image\"><img loading=\"lazy\" decoding=\"async\" width=\"2116\" height=\"1500\" src=\"https:\/\/standort-niederrhein.de\/wp-content\/uploads\/2024\/11\/UF-Uedem_PI.jpg\" class=\"attachment-post-thumbnail size-post-thumbnail wp-post-image\" alt=\"\" style=\"object-fit:cover;\" srcset=\"https:\/\/standort-niederrhein.de\/wp-content\/uploads\/2024\/11\/UF-Uedem_PI.jpg 2116w, https:\/\/standort-niederrhein.de\/wp-content\/uploads\/2024\/11\/UF-Uedem_PI-1280x907.jpg 1280w, https:\/\/standort-niederrhein.de\/wp-content\/uploads\/2024\/11\/UF-Uedem_PI-980x695.jpg 980w, https:\/\/standort-niederrhein.de\/wp-content\/uploads\/2024\/11\/UF-Uedem_PI-480x340.jpg 480w\" sizes=\"(min-width: 0px) and (max-width: 480px) 480px, (min-width: 481px) and (max-width: 980px) 980px, (min-width: 981px) and (max-width: 1280px) 1280px, (min-width: 1281px) 2116px, 100vw\" \/><\/figure>\n\n\n<p>Die Protagonisten des Unternehmerfr\u00fchst\u00fccks in Uedem: (vorne von links)\u00a0 Max J\u00fcrgens (Jobcenter Kreis Kleve), Andrea Franken (Moderatorin),\u00a0 Rainer Weber (B\u00fcrgermeister Gemeinde Uedem), \u00a0Brigitte Jansen (Gesch\u00e4ftsf\u00fchrerin Wirtschaftsf\u00f6rderung Kreis Kleve), Johannes Janhsen (Vorstand Volksbank an der Niers), Barbara Ossyra (Vorsitzende der Gesch\u00e4ftsf\u00fchrung der Agentur f\u00fcr Arbeit Wesel) und Fabienne van Lier (Wirtschaftsf\u00f6rderung Kreis Kleve); (hinten von links) Sascha Bongertmann (Bundesagentur f\u00fcr Arbeit), Nils Heuer (Bundesagentur f\u00fcr Arbeit),\u00a0 Daniel Jokisch (Gesch\u00e4ftsf\u00fchrer MittelstandsWerk Service Gmbh), Benedikt Koenen (Wirtschaftsf\u00f6rderer Gemeinde Uedem), Klaudia G\u00e4rmer (Gemeinde Uedem) und Marc Cattelaens (Wirtschaftsf\u00f6rderung Kreis Kleve). | Foto: WFG Kreis Kleve<\/p>\n","protected":false},"excerpt":{"rendered":"<p>Kreis Kleve\/ Uedem. Fachkr\u00e4fte sind auf dem Arbeitsmarkt derzeit hoch begehrt, gleichzeitig ist die Zahl der arbeitssuchenden Menschen mit abgeschlossener Berufsausbildung \u00fcberschaubar. F\u00fcr Unternehmen ist es da besonders wichtig, ein ansprechender Arbeitgeber zu sein, denn das hilft sowohl bei der Personalgewinnung als auch bei der Mitarbeiterbindung. Wie Firmen beim Recruiting erfolgreich sein k\u00f6nnen und wie [&hellip;]<\/p>\n","protected":false},"author":3,"featured_media":5123,"comment_status":"closed","ping_status":"closed","sticky":false,"template":"","format":"standard","meta":{"_et_pb_use_builder":"","_et_pb_old_content":"","_et_gb_content_width":"","footnotes":""},"categories":[1],"tags":[],"class_list":["post-5122","post","type-post","status-publish","format-standard","has-post-thumbnail","hentry","category-allgemein"],"_links":{"self":[{"href":"https:\/\/standort-niederrhein.de\/en\/wp-json\/wp\/v2\/posts\/5122","targetHints":{"allow":["GET"]}}],"collection":[{"href":"https:\/\/standort-niederrhein.de\/en\/wp-json\/wp\/v2\/posts"}],"about":[{"href":"https:\/\/standort-niederrhein.de\/en\/wp-json\/wp\/v2\/types\/post"}],"author":[{"embeddable":true,"href":"https:\/\/standort-niederrhein.de\/en\/wp-json\/wp\/v2\/users\/3"}],"replies":[{"embeddable":true,"href":"https:\/\/standort-niederrhein.de\/en\/wp-json\/wp\/v2\/comments?post=5122"}],"version-history":[{"count":1,"href":"https:\/\/standort-niederrhein.de\/en\/wp-json\/wp\/v2\/posts\/5122\/revisions"}],"predecessor-version":[{"id":5124,"href":"https:\/\/standort-niederrhein.de\/en\/wp-json\/wp\/v2\/posts\/5122\/revisions\/5124"}],"wp:featuredmedia":[{"embeddable":true,"href":"https:\/\/standort-niederrhein.de\/en\/wp-json\/wp\/v2\/media\/5123"}],"wp:attachment":[{"href":"https:\/\/standort-niederrhein.de\/en\/wp-json\/wp\/v2\/media?parent=5122"}],"wp:term":[{"taxonomy":"category","embeddable":true,"href":"https:\/\/standort-niederrhein.de\/en\/wp-json\/wp\/v2\/categories?post=5122"},{"taxonomy":"post_tag","embeddable":true,"href":"https:\/\/standort-niederrhein.de\/en\/wp-json\/wp\/v2\/tags?post=5122"}],"curies":[{"name":"wp","href":"https:\/\/api.w.org\/{rel}","templated":true}]}}