{"id":5117,"date":"2024-11-06T06:00:00","date_gmt":"2024-11-06T05:00:00","guid":{"rendered":"https:\/\/invest-in-niederrhein.de\/?p=5117"},"modified":"2024-11-05T12:08:23","modified_gmt":"2024-11-05T11:08:23","slug":"erster-spatenstich-im-gewerbegebiet-an-der-a57","status":"publish","type":"post","link":"https:\/\/standort-niederrhein.de\/en\/2024\/11\/06\/erster-spatenstich-im-gewerbegebiet-an-der-a57\/","title":{"rendered":"Erster Spatenstich im Gewerbegebiet an der A57"},"content":{"rendered":"\n<p><strong>Dormagen.<\/strong> Im Volksmund hei\u00dft es: Was lange w\u00e4hrt, wird endlich gut. Diese alte Redensart bewahrheitet sich nun an der Alten Heerstra\u00dfe in Horrem. Dort wird das neue Gewerbegebiet an der A57 entstehen. Jetzt erfolgte der erste Spatenstich durch B\u00fcrgermeister Erik Lierenfeld, SWD-Gewerbefl\u00e4chenmanager Rainer Bertelsmeier, Sebastian Boekholt, Gesch\u00e4ftsf\u00fchrer des K\u00f6lner Traditionsunternehmens Friedrich W. Schneider sowie Jens Farnbacher und Stephan B\u00fccker vom Bauunternehmen Goldbeck. Auf dem rund 12.000 Quadratmeter gro\u00dfen Grundst\u00fcck wird die neue Zentrale des Unternehmens gebaut. Somit ist der erste Schritt erfolgt. Weitere Unternehmen werden in K\u00fcrze auf dem rund sieben Hektar gro\u00dfen Gebiet folgen.<br><br>\u201eNachdem sich das Gewerbegebiet TOP West etabliert hat, wurde bereits nach wenigen Jahren deutlich, dass wesentlich mehr Platz ben\u00f6tigt wird. Mit dem neuen Gewerbegebiet an der A57 ist uns eine optimale Erg\u00e4nzung von TOP West gelungen\u201c, sagte B\u00fcrgermeister Erik Lierenfeld. \u201eSo k\u00f6nnen wir dem Gewerbefl\u00e4chenmangel entgegenwirken, ohne weitere Freifl\u00e4chen au\u00dferhalb bestehender Siedlungsfl\u00e4chen nutzen zu m\u00fcssen.\u201c Sehr zufrieden ist er auch mit der Gewinnung des ersten Unternehmens f\u00fcr den Standort: \u201eMit der Firma Schneider ist es uns gelungen, ein Traditionsunternehmen f\u00fcr unser Gewerbegebiet zu gewinnen.\u201c Das Unternehmen, als Gro\u00dfh\u00e4ndler f\u00fcr Hutmoden 1913 gegr\u00fcndet, gilt als der Marktf\u00fchrer Europas im internationalen Handel mit Herrenhutmoden, insbesondere mit der Marke \u201eStetson\u201c.<br><br>Gesch\u00e4ftsf\u00fchrer Boekholt \u00e4u\u00dferte sich ebenfalls positiv zum Standort Dormagen: \u201eNach unserem erfolgreichen Wachstum in den vergangenen Jahren haben wir im Gewerbegebiet Top West einen neuen Standort gefunden. Aufgrund des anhaltenden Wachstums wurden die bisherigen R\u00e4umlichkeiten in K\u00f6ln zu klein. Mit der Stadt Dormagen haben wir schnell einen verl\u00e4sslichen Partner gefunden. Die Zusammenarbeit mit den Verantwortlichen vor Ort, insbesondere mit dem B\u00fcrgermeister, verlief \u00e4u\u00dferst konstruktiv, pragmatisch und zielorientiert \u2013 Werte, die auch wir als Unternehmen sch\u00e4tzen und leben.\u201c<br><br>Bis jedoch nun endlich die Bagger im neuen Gewerbegebiet anrollen konnten, war es ein weiter Weg. Nachdem die Stadt ihre Pl\u00e4ne f\u00fcr eine Erweiterung des angrenzenden Dormagener Friedhof aufgegeben hatte, sollte die Fl\u00e4che f\u00fcr eine Erweiterung des bekannten und etablierten Gewerbegebietes TOP West ausgewiesen werden. So erfolgte der Aufstellungsbeschluss f\u00fcr den Bebauungsplan im November 2014, damals noch f\u00fcr Fl\u00e4chen beidseits der Alten Heerstra\u00dfe. Doch es bestanden Bedenken, diese Fl\u00e4chen mit ihrem hochwertigen Gr\u00fcn- und Baumbestand zu erschlie\u00dfen und zu bebauen. So wurde die bewaldete Fl\u00e4che westlich der Alten Heerstra\u00dfe zur A 57 aus dem Bebauungsplan herausgenommen und f\u00fcr die verbleibende Fl\u00e4che \u00f6stlich der Alten Heerstra\u00dfe hohe \u00f6kologische Standards hinsichtlich Fl\u00e4chenversiegelung, Begr\u00fcnung und Nutzung von Solarenergie im Bebauungsplan verbindlich festgesetzt. Dar\u00fcber hinaus entwickelte die SWD, die mit der Vermarktung der Gewerbegrundst\u00fccke betraut ist, gemeinsam mit dem st\u00e4dtischen Umweltteam weitere Ma\u00dfnahmen f\u00fcr eine nachhaltige, klimafreundliche und energieeffiziente Bebauung. Im Dezember 2022 wurde der Bebauungsplan vom Stadtrat beschlossen.<br><br>Seit Beginn des Jahres 2023 treibt die SWD die Vermarktung des gesamten Gewerbegebiets zur Ansiedlung standortgerechter Unternehmen voran. Rund zehn Grundst\u00fccke stehen hierzu zwischen 2.500 und 12.000 Quadratmetern zur Verf\u00fcgung. \u201eDas Interesse an den Grundst\u00fccken und am Standort ist gro\u00df,\u201c sagte Bertelsmeier, \u201ezumal Dormagen ein attraktiver Wirtschaftsstandort ist und verf\u00fcgbare Gewerbefl\u00e4chen zwischen K\u00f6ln und D\u00fcsseldorf rar sind. Dennoch k\u00f6nnen bei weitem nicht alle Anfragen erf\u00fcllt werden. So ist ein sorgsamer Auswahlprozess erforderlich, welches Unternehmen in das Profil des Standorts passt, egal ob lokal, regional oder international.\u201c<\/p>\n\n\n\n<p>Quelle: <a href=\"http:\/\/www.dormagen.de\">Stadt Dormagen<\/a><\/p>\n\n\n<figure class=\"wp-block-post-featured-image\"><img loading=\"lazy\" decoding=\"async\" width=\"2560\" height=\"1707\" src=\"https:\/\/standort-niederrhein.de\/wp-content\/uploads\/2024\/11\/Spatenstich-A57-Alte-Heerstrasse-01-scaled.jpg\" class=\"attachment-post-thumbnail size-post-thumbnail wp-post-image\" alt=\"\" style=\"object-fit:cover;\" srcset=\"https:\/\/standort-niederrhein.de\/wp-content\/uploads\/2024\/11\/Spatenstich-A57-Alte-Heerstrasse-01-scaled.jpg 2560w, https:\/\/standort-niederrhein.de\/wp-content\/uploads\/2024\/11\/Spatenstich-A57-Alte-Heerstrasse-01-1280x854.jpg 1280w, https:\/\/standort-niederrhein.de\/wp-content\/uploads\/2024\/11\/Spatenstich-A57-Alte-Heerstrasse-01-980x653.jpg 980w, https:\/\/standort-niederrhein.de\/wp-content\/uploads\/2024\/11\/Spatenstich-A57-Alte-Heerstrasse-01-480x320.jpg 480w\" sizes=\"(min-width: 0px) and (max-width: 480px) 480px, (min-width: 481px) and (max-width: 980px) 980px, (min-width: 981px) and (max-width: 1280px) 1280px, (min-width: 1281px) 2560px, 100vw\" \/><\/figure>\n\n\n<p>Jens Farnbacher vom Bauunternehmen Goldbeck, Sebastian Boekholt, Gesch\u00e4ftsf\u00fchrer von Friedrich W. Schneider, B\u00fcrgermeister Erik Lierenfeld, Stephan B\u00fccker, Projektleiter von Goldbeck sowie SWD-Gewerbefl\u00e4chenmanager Rainer Bertelsmeier (v.l.) | Foto: Stadt Dormagen<br><br><\/p>\n","protected":false},"excerpt":{"rendered":"<p>Dormagen. Im Volksmund hei\u00dft es: Was lange w\u00e4hrt, wird endlich gut. Diese alte Redensart bewahrheitet sich nun an der Alten Heerstra\u00dfe in Horrem. Dort wird das neue Gewerbegebiet an der A57 entstehen. Jetzt erfolgte der erste Spatenstich durch B\u00fcrgermeister Erik Lierenfeld, SWD-Gewerbefl\u00e4chenmanager Rainer Bertelsmeier, Sebastian Boekholt, Gesch\u00e4ftsf\u00fchrer des K\u00f6lner Traditionsunternehmens Friedrich W. Schneider sowie Jens [&hellip;]<\/p>\n","protected":false},"author":3,"featured_media":5118,"comment_status":"closed","ping_status":"closed","sticky":false,"template":"","format":"standard","meta":{"_et_pb_use_builder":"","_et_pb_old_content":"","_et_gb_content_width":"","footnotes":""},"categories":[1],"tags":[],"class_list":["post-5117","post","type-post","status-publish","format-standard","has-post-thumbnail","hentry","category-allgemein"],"_links":{"self":[{"href":"https:\/\/standort-niederrhein.de\/en\/wp-json\/wp\/v2\/posts\/5117","targetHints":{"allow":["GET"]}}],"collection":[{"href":"https:\/\/standort-niederrhein.de\/en\/wp-json\/wp\/v2\/posts"}],"about":[{"href":"https:\/\/standort-niederrhein.de\/en\/wp-json\/wp\/v2\/types\/post"}],"author":[{"embeddable":true,"href":"https:\/\/standort-niederrhein.de\/en\/wp-json\/wp\/v2\/users\/3"}],"replies":[{"embeddable":true,"href":"https:\/\/standort-niederrhein.de\/en\/wp-json\/wp\/v2\/comments?post=5117"}],"version-history":[{"count":1,"href":"https:\/\/standort-niederrhein.de\/en\/wp-json\/wp\/v2\/posts\/5117\/revisions"}],"predecessor-version":[{"id":5119,"href":"https:\/\/standort-niederrhein.de\/en\/wp-json\/wp\/v2\/posts\/5117\/revisions\/5119"}],"wp:featuredmedia":[{"embeddable":true,"href":"https:\/\/standort-niederrhein.de\/en\/wp-json\/wp\/v2\/media\/5118"}],"wp:attachment":[{"href":"https:\/\/standort-niederrhein.de\/en\/wp-json\/wp\/v2\/media?parent=5117"}],"wp:term":[{"taxonomy":"category","embeddable":true,"href":"https:\/\/standort-niederrhein.de\/en\/wp-json\/wp\/v2\/categories?post=5117"},{"taxonomy":"post_tag","embeddable":true,"href":"https:\/\/standort-niederrhein.de\/en\/wp-json\/wp\/v2\/tags?post=5117"}],"curies":[{"name":"wp","href":"https:\/\/api.w.org\/{rel}","templated":true}]}}