{"id":5104,"date":"2024-10-31T06:00:00","date_gmt":"2024-10-31T05:00:00","guid":{"rendered":"https:\/\/invest-in-niederrhein.de\/?p=5104"},"modified":"2024-10-30T13:41:52","modified_gmt":"2024-10-30T12:41:52","slug":"gruendungszentrum-entsteht-bis-2026-im-kronprinzenviertel","status":"publish","type":"post","link":"https:\/\/standort-niederrhein.de\/en\/2024\/10\/31\/gruendungszentrum-entsteht-bis-2026-im-kronprinzenviertel\/","title":{"rendered":"Gr\u00fcndungszentrum entsteht bis 2026 im Kronprinzenviertel"},"content":{"rendered":"\n<p><strong>Krefeld.<\/strong> Das Geb\u00e4ude der ehemaligen Seidenfabrik an der Luisenstra\u00dfe 32 im Kronprinzenviertel hat die GGK Grundst\u00fccksgesellschaft der Stadt Krefeld mbH &amp; Co.KG im September 2023 erworben. Mit der grundlegenden Sanierung und dem Umbau des leerstehenden Geb\u00e4udes zu einem Gr\u00fcndungszentrum will die st\u00e4dtische Tochtergesellschaft eine lange w\u00e4hrende Angebotsl\u00fccke in der Unterst\u00fctzung von Gr\u00fcndungswilligen schlie\u00dfen und gleichzeitig einen nachhaltigen Beitrag zur \u00f6kologischen und st\u00e4dtebaulichen Verbesserung im Quartier leisten. Oberb\u00fcrgermeister Frank Meyer und Eckart Preen als Leiter von Krefeld Business stellten das Konzept bei einem Pressetermin im Objekt vor.<\/p>\n\n\n\n<p>Dar\u00fcber hinaus setzt die GGK als Immobiliengesellschaft von Krefeld Business mit dem Projekt einen wichtigen Impuls im Kronprinzenviertel. \u201eDamit wird das Engagement der Stadt Krefeld deutlich, durch innovative Projekte zur Quartiersentwicklung und weiteren St\u00e4rkung des Stadtzentrums beizutragen\u201c,<br>sagte Oberb\u00fcrgermeister Frank Meyer. \u201eDas Geb\u00e4ude eignet sich hervorragend als Ort f\u00fcr Gr\u00fcnderinnen und Gr\u00fcnder, die ersten Schritte zu machen und Netzwerke zu kn\u00fcpfen. Das Kreativpotenzial f\u00fcr die Innenstadt und f\u00fcr den Wirtschaftsstandort insgesamt ist enorm.\u201c<\/p>\n\n\n\n<p>Im Juli 2024 wurde der Antrag auf Baugenehmigung f\u00fcr den Umbau zu einem Gr\u00fcndungshaus eingereicht. Im ersten Quartal 2025 wird mit dem Beginn der Bauarbeiten gerechnet. Mit den Planungen wurden die \u201eraumwerk.architekten\u201c aus K\u00f6ln beauftragt. Das erfahrene B\u00fcro f\u00fcr \u00f6kologisches Bauen legt bei Planung und<br>Durchf\u00fchrung besonderen Wert auf nachhaltige L\u00f6sungen. So sind unter anderem umfangreiche R\u00fcckbauma\u00dfnahmen zur Entsiegelung des Innenhofs f\u00fcr die Versickerung von Regenwasser und eine besondere Begr\u00fcnung der hofseitigen Fassade vorgesehen.<\/p>\n\n\n\n<p>Schon vor Beginn der Bauphase wird die Immobilie mit Leben gef\u00fcllt. So sind diverse Aktionen und tempor\u00e4re Angebote geplant, die fr\u00fchzeitig gr\u00fcndungsaffine Zielgruppen ansprechen und die Nachbarschaft von Anfang an mit einbeziehen werden. Die Veranstaltungen sollen insbesondere den Austausch und die Vernetzung im Viertel f\u00f6rdern und das Projekt in die Quartiersgemeinschaft einbetten. \u201eMit dem Gr\u00fcndungszentrum in der Luisenstra\u00dfe schaffen wir Raum f\u00fcr die Entwicklung neuer unternehmerischer Perspektiven und setzen einen wichtigen Impuls in der s\u00fcdlichen Innenstadt\u201c, betont Wirtschaftsdezernent und GGKGesch\u00e4ftsf\u00fchrer<br>Eckart Preen. \u201eEine Stadt mit rund 230.000 Einwohnerinnen und Einwohnern sowie einer leistungsf\u00e4higen Wirtschaft braucht ein Gr\u00fcndungszentrum als Keimzelle f\u00fcr die Unternehmerinnen und Unternehmer von morgen.\u201c<\/p>\n\n\n\n<p>Quelle: <a href=\"http:\/\/www.krefeld.de\">Stadt Krefeld<\/a><\/p>\n","protected":false},"excerpt":{"rendered":"<p>Krefeld. Das Geb\u00e4ude der ehemaligen Seidenfabrik an der Luisenstra\u00dfe 32 im Kronprinzenviertel hat die GGK Grundst\u00fccksgesellschaft der Stadt Krefeld mbH &amp; Co.KG im September 2023 erworben. Mit der grundlegenden Sanierung und dem Umbau des leerstehenden Geb\u00e4udes zu einem Gr\u00fcndungszentrum will die st\u00e4dtische Tochtergesellschaft eine lange w\u00e4hrende Angebotsl\u00fccke in der Unterst\u00fctzung von Gr\u00fcndungswilligen schlie\u00dfen und gleichzeitig [&hellip;]<\/p>\n","protected":false},"author":3,"featured_media":0,"comment_status":"closed","ping_status":"closed","sticky":false,"template":"","format":"standard","meta":{"_et_pb_use_builder":"","_et_pb_old_content":"","_et_gb_content_width":"","footnotes":""},"categories":[1],"tags":[],"class_list":["post-5104","post","type-post","status-publish","format-standard","hentry","category-allgemein"],"_links":{"self":[{"href":"https:\/\/standort-niederrhein.de\/en\/wp-json\/wp\/v2\/posts\/5104","targetHints":{"allow":["GET"]}}],"collection":[{"href":"https:\/\/standort-niederrhein.de\/en\/wp-json\/wp\/v2\/posts"}],"about":[{"href":"https:\/\/standort-niederrhein.de\/en\/wp-json\/wp\/v2\/types\/post"}],"author":[{"embeddable":true,"href":"https:\/\/standort-niederrhein.de\/en\/wp-json\/wp\/v2\/users\/3"}],"replies":[{"embeddable":true,"href":"https:\/\/standort-niederrhein.de\/en\/wp-json\/wp\/v2\/comments?post=5104"}],"version-history":[{"count":1,"href":"https:\/\/standort-niederrhein.de\/en\/wp-json\/wp\/v2\/posts\/5104\/revisions"}],"predecessor-version":[{"id":5105,"href":"https:\/\/standort-niederrhein.de\/en\/wp-json\/wp\/v2\/posts\/5104\/revisions\/5105"}],"wp:attachment":[{"href":"https:\/\/standort-niederrhein.de\/en\/wp-json\/wp\/v2\/media?parent=5104"}],"wp:term":[{"taxonomy":"category","embeddable":true,"href":"https:\/\/standort-niederrhein.de\/en\/wp-json\/wp\/v2\/categories?post=5104"},{"taxonomy":"post_tag","embeddable":true,"href":"https:\/\/standort-niederrhein.de\/en\/wp-json\/wp\/v2\/tags?post=5104"}],"curies":[{"name":"wp","href":"https:\/\/api.w.org\/{rel}","templated":true}]}}