{"id":5101,"date":"2024-10-02T06:00:00","date_gmt":"2024-10-02T04:00:00","guid":{"rendered":"https:\/\/invest-in-niederrhein.de\/?p=5101"},"modified":"2024-10-29T11:06:27","modified_gmt":"2024-10-29T10:06:27","slug":"neuer-podcast-niederrhein-fuer-die-ohren","status":"publish","type":"post","link":"https:\/\/standort-niederrhein.de\/en\/2024\/10\/02\/neuer-podcast-niederrhein-fuer-die-ohren\/","title":{"rendered":"Neuer Podcast: Niederrhein f\u00fcr die Ohren"},"content":{"rendered":"\n<p>Podcasts sind zu einem festen Bestandteil der Medienlandschaft geworden. Laut einer\u00a0<br>Befragung in diesem Jahr im Auftrag des Digitalverbands Bitkom h\u00f6rt fast die H\u00e4lfte der\u00a0<br>Deutschen (45 Prozent) zumindest hin und wieder Podcasts. Ein Aufw\u00e4rtstrend ist dabei klar\u00a0<br>erkennbar, denn vor vier Jahren waren es lediglich 33 Prozent.\u00a0<\/p>\n\n\n\n<p>Der gro\u00dfe Vorteil des Podcast-Konsums: Er ist zu jeder Tages- und Nachtzeit m\u00f6glich, ob\u00a0<br>beim Autofahren, beim t\u00e4glichen Pendeln per Zug oder im Bett anstelle einer Lekt\u00fcre. Dabei\u00a0<br>werden die unterschiedlichsten Themenbereiche durch moderne Audio-Angebote abgedeckt\u00a0<br>\u2013 ab sofort auch der Niederrhein in einem ganz neuen Format. Unter dem Titel \u201eFreiraum\u00a0<br>Niederrhein \u2013 So gut. So weit.\u201c hat die Niederrhein Tourismus GmbH (NT) in\u00a0<br>Zusammenarbeit mit dem auf Podcast spezialisierten Studio Venezia eine eigene Podcast-\u00a0<br>Reihe gestartet.\u00a0<\/p>\n\n\n\n<p>\u201eUnser Ziel ist es, durch pers\u00f6nliche Geschichten, Insider-Tipps und ausf\u00fchrliche Interviews\u00a0<br>mit regionalen Pers\u00f6nlichkeiten ein authentisches und ansprechendes Bild der Region zu\u00a0<br>vermitteln. Wir wollen die Zuh\u00f6rerinnen und Zuh\u00f6rer unterhalten, informieren und bei ihnen\u00a0<br>ein Interesse f\u00fcr den Niederrhein wecken \u2013 im besten Fall entsteht daraus eine nachhaltige\u00a0<br>Begeisterung\u201c, sagt NT-Gesch\u00e4ftsf\u00fchrerin Martina Baumg\u00e4rtner.\u00a0<\/p>\n\n\n\n<p>Radfahren ist ein Schwerpunkt des Podcasts: \u201eDiese wunderbare Freizeitm\u00f6glichkeit am\u00a0<br>Niederrhein wird in jede Folge eingebunden und bildet somit einen roten Faden\u201c, so\u00a0<br>Baumg\u00e4rtner. \u201eAber auch Wandern, Kultur, Kulinarik und weitere Themen dieser Art werden\u00a0<br>nicht zu kurz kommen.\u201c Die Moderation \u00fcbernimmt Birgit Eschbach (Studio Venezia), die\u00a0<br>selbst vom Mittelrhein stammt, also eine Au\u00dfensicht hat. Zu h\u00f6ren sind au\u00dferdem Mitglieder\u00a0<br>des NT-Teams.\u00a0<\/p>\n\n\n\n<p>Die erste \u201eFreiraum Niederrhein\u201c-Folge wird am 2. Oktober 2024 ver\u00f6ffentlicht. Premieren-\u00a0<br>Gast ist Gerd Kleinmanns. Der Inhaber des gleichnamigen M\u00f6belhauses in Kleve spricht im\u00a0<br>Interview \u00fcber lokale Perspektiven und Besonderheiten seiner Heimat sowie dar\u00fcber, was er\u00a0<br>sich als Einzelh\u00e4ndler von einer Kooperation mit Niederrhein Tourismus verspricht. Zun\u00e4chst\u00a0<br>sind drei weitere Folgen geplant, die nach und nach in den kommenden Wochen online\u00a0<br>gehen sollen. Jede ist maximal 60 Minuten lang und nach Erscheinen sowohl auf allen\u00a0<br>g\u00e4ngigen Podcast-Plattformen als auch \u00fcber die NT-Webseite abrufbar.\u00a0<\/p>\n\n\n\n<p>\u201eDer neue Podcast ist ein weiterer Baustein der modernen und attraktiven Vermarktung des\u00a0<br>Niederrheins\u201c, sagt Martina Baumg\u00e4rtner. \u201eWir sind sehr gespannt auf das Feedback unserer\u00a0<br>Zuh\u00f6rerschaft.\u201c\u00a0<\/p>\n\n\n\n<p>Dieser Link f\u00fchrt zum Podcast:\u00a0<br><a href=\"https:\/\/www.niederrhein-tourismus.de\/niederrhein\/podcast-freiraum-niederrhein-so-gut-so-weit\">https:\/\/www.niederrhein-tourismus.de\/niederrhein\/podcast-freiraum-niederrhein-so-gut-so-weit<\/a><\/p>\n\n\n\n<p>Quelle: <a href=\"https:\/\/www.niederrhein-tourismus.de\/service\/presse\/neuer-podcast-niederrhein-fuer-die-ohren\">Niederrhein Tourismus<\/a><\/p>\n","protected":false},"excerpt":{"rendered":"<p>Podcasts sind zu einem festen Bestandteil der Medienlandschaft geworden. Laut einer\u00a0Befragung in diesem Jahr im Auftrag des Digitalverbands Bitkom h\u00f6rt fast die H\u00e4lfte der\u00a0Deutschen (45 Prozent) zumindest hin und wieder Podcasts. Ein Aufw\u00e4rtstrend ist dabei klar\u00a0erkennbar, denn vor vier Jahren waren es lediglich 33 Prozent.\u00a0 Der gro\u00dfe Vorteil des Podcast-Konsums: Er ist zu jeder Tages- [&hellip;]<\/p>\n","protected":false},"author":3,"featured_media":0,"comment_status":"closed","ping_status":"closed","sticky":false,"template":"","format":"standard","meta":{"_et_pb_use_builder":"","_et_pb_old_content":"","_et_gb_content_width":"","footnotes":""},"categories":[1],"tags":[],"class_list":["post-5101","post","type-post","status-publish","format-standard","hentry","category-allgemein"],"_links":{"self":[{"href":"https:\/\/standort-niederrhein.de\/en\/wp-json\/wp\/v2\/posts\/5101","targetHints":{"allow":["GET"]}}],"collection":[{"href":"https:\/\/standort-niederrhein.de\/en\/wp-json\/wp\/v2\/posts"}],"about":[{"href":"https:\/\/standort-niederrhein.de\/en\/wp-json\/wp\/v2\/types\/post"}],"author":[{"embeddable":true,"href":"https:\/\/standort-niederrhein.de\/en\/wp-json\/wp\/v2\/users\/3"}],"replies":[{"embeddable":true,"href":"https:\/\/standort-niederrhein.de\/en\/wp-json\/wp\/v2\/comments?post=5101"}],"version-history":[{"count":1,"href":"https:\/\/standort-niederrhein.de\/en\/wp-json\/wp\/v2\/posts\/5101\/revisions"}],"predecessor-version":[{"id":5102,"href":"https:\/\/standort-niederrhein.de\/en\/wp-json\/wp\/v2\/posts\/5101\/revisions\/5102"}],"wp:attachment":[{"href":"https:\/\/standort-niederrhein.de\/en\/wp-json\/wp\/v2\/media?parent=5101"}],"wp:term":[{"taxonomy":"category","embeddable":true,"href":"https:\/\/standort-niederrhein.de\/en\/wp-json\/wp\/v2\/categories?post=5101"},{"taxonomy":"post_tag","embeddable":true,"href":"https:\/\/standort-niederrhein.de\/en\/wp-json\/wp\/v2\/tags?post=5101"}],"curies":[{"name":"wp","href":"https:\/\/api.w.org\/{rel}","templated":true}]}}