{"id":5098,"date":"2024-10-30T06:00:00","date_gmt":"2024-10-30T05:00:00","guid":{"rendered":"https:\/\/invest-in-niederrhein.de\/?p=5098"},"modified":"2024-10-29T10:52:15","modified_gmt":"2024-10-29T09:52:15","slug":"neuer-name-neues-zuhause-aus-crazy-trailers-wird-crazy-outdoors","status":"publish","type":"post","link":"https:\/\/standort-niederrhein.de\/en\/2024\/10\/30\/neuer-name-neues-zuhause-aus-crazy-trailers-wird-crazy-outdoors\/","title":{"rendered":"Neuer Name, neues Zuhause: Aus \u201eCrazy Trailers\u201c wird \u201eCrazy Outdoors\u201c"},"content":{"rendered":"\n<p><strong>Krefeld. <\/strong>Die Outdoor-Enthusiasten Kirsten und Christoph Flammersfeld feierten j\u00fcngst die Er\u00f6ffnung ihres neuen Standorts an der Magdeburger Stra\u00dfe im Gewerbegebiet Bockum-Nord. Was mit der Firmengr\u00fcndung unter dem Namen \u201eCrazy Trailers\u201c im Juni 2021 begann, hat sich inzwischen zu einem erfolgreichen Unternehmen mit einem vielf\u00e4ltigen Angebot entwickelt. Der Umzug von Steltens Bauernladen unweit des Elfrather Sees in die ehemalige Schlosserei eines Bauunternehmens bietet jetzt den n\u00f6tigen Raum f\u00fcr weiteres Wachstum und eine noch breitere Produktpalette.<\/p>\n\n\n\n<p>Mit dem Namenswechsel von \u201eCrazy Trailers\u201c zu \u201eCrazy Outdoors\u201c unterstreichen Kirsten und Christoph die Erweiterung ihres Gesch\u00e4ftsmodells. \u201eUnsere Gesch\u00e4ftsidee begann mit einer Badetonne \u2013 warmes Wasser, mit Holz beheizt. Doch weil wir crazy kreativ sind, hat sich unser Angebot \u00fcber die Jahre enorm vergr\u00f6\u00dfert. Daher auch die Umbenennung\u201c, erkl\u00e4rt Kirsten Flammersfeld. Im Angebot sind nun neben den beliebten Hot Tubs auch Badef\u00e4sser, Whirlpools, Au\u00dfensaunen, Outdoor-K\u00fcchen und sogenannte \u201eTiny Tiny Houses\u201c \u2013 kleine, charmante H\u00e4user im \u201eGlamping\u201c-Stil.<\/p>\n\n\n\n<p>Der neue Standort umfasst 300 Quadratmeter renovierte Hallenfl\u00e4che sowie 600 Quadratmeter Au\u00dfenfl\u00e4che, ideal f\u00fcr die Pr\u00e4sentation der erweiterten Angebotspalette. \u201eHier k\u00f6nnen wir wachsen\u201c, so der diplomierte Betriebswirt Christoph Flammersfeld. Die verkehrsg\u00fcnstige Lage sorgt f\u00fcr eine gute Erreichbarkeit. Mit den neuen Vermietern, den Verantwortlichen von DERICHSuKONERTZ, verlief die Zusammenarbeit bilderbuchartig. \u201eVom ersten Gespr\u00e4ch an haben wir uns bestens verstanden. Die Unterst\u00fctzung war klasse und unkompliziert, die Atmosph\u00e4re auf Anhieb herzlich\u201c, berichtet Christoph Flammersfeld begeistert.<\/p>\n\n\n\n<p>Auch die Verantwortlichen von DERICHSuKONERTZ sind begeistert von den neuen Mietern. \u201eEine seit Jahren ungenutzte und in die Jahre gekommene Halle erstrahlt in neuem Glanz. Mit viel Herzblut haben Kirsten und Christoph nicht nur der alten Schlosserei wieder neues Leben eingehaucht, sondern auch mit ihrer Ansiedlung die Attraktivit\u00e4t des Gewerbegebiets gesteigert. Wir sind sehr gl\u00fccklich mit den neuen Mietern\u201c, sind sich die beiden Gesch\u00e4ftsf\u00fchrer von DERICHSuKONERTZ, Dieter Laskowski und Stefan Keulen, einig.<\/p>\n\n\n\n<p>Anl\u00e4sslich der Er\u00f6ffnung des neuen Standorts luden Kirsten und Christoph Flammersfeld Kunden, Kooperationspartner und Multiplikatoren ein, sich einen Eindruck vom neuen Firmensitz und den au\u00dfergew\u00f6hnlichen Outdoor-Produkten zu verschaffen. \u201eWer beispielsweise die Badef\u00e4sser direkt vor Ort testen m\u00f6chte, hat dazu ebenfalls Gelegenheit. Denjenigen, denen das zu spontan ist, empfehlen die \u201eCrazy Outdoors\u201c die Vereinbarung eines Beratungstermins zur Inaugenscheinnahme der Annehmlichkeiten f\u00fcr den heimischen Garten. Alle Interessierten sind uns willkommen\u201c, so Kirsten Flammersfeld, die fr\u00fcher als PR-Expertin gearbeitet hat.<\/p>\n\n\n\n<p>Seit Unternehmensgr\u00fcndung in Krefeld hat das dynamische Duo expandiert. Der Kundenkreis der Firmeninhaber erstreckt sich mittlerweile weit \u00fcber die Region hinaus.&nbsp; W\u00e4hrend \u201eCrazy Outdoors\u201c fr\u00fcher auch eine Vermietung der Produkte angeboten hat, konzentrieren sich die Unternehmer heute auf den Verkauf. Mietanfragen werden von ausgew\u00e4hlten Partnern bedient. Ein wichtiger Aspekt bleibt dabei stets die Nachhaltigkeit. \u201eWir verkaufen nicht um jeden Preis\u201c, betont Kirsten Flammersfeld, \u201evielmehr beraten wir unsere Kunden ehrlich, was in ihrem Garten sinnvoll ist und worauf man lieber verzichten sollte, um den Frieden mit der Nachbarschaft zu wahren.\u201c<\/p>\n\n\n\n<p>Auch Andreas Struwe, GFW-Prokurist bei KREFELD BUSINESS, begleitet den Erfolg der Flammersfelds mit Freude: \u201eIch erinnere mich noch gut an die Teilnahme von Kirsten und Christoph Flammersfeld beim GR\u00dcNDERPREIS KREFELD sowie an die erste Berichterstattung \u00fcber das Unternehmen in unserem Wirtschaftsmagazin INSIDER. Es macht Spa\u00df, zu sehen, welchen Verlauf \u201eCrazy Outdoors\u201c genommen hat und wie der Betrieb am Standort Krefeld weiterw\u00e4chst. Solche Entwicklungen w\u00fcnschen wir uns f\u00fcr alle Unternehmen, die wir begleiten.\u201c<\/p>\n\n\n\n<p>Quelle: <a href=\"http:\/\/www.krefeld-business.de\">KREFELD BUSINESS<\/a><\/p>\n\n\n<figure class=\"wp-block-post-featured-image\"><img loading=\"lazy\" decoding=\"async\" width=\"2560\" height=\"1920\" src=\"https:\/\/standort-niederrhein.de\/wp-content\/uploads\/2024\/10\/IMG_6319-scaled.jpeg\" class=\"attachment-post-thumbnail size-post-thumbnail wp-post-image\" alt=\"\" style=\"object-fit:cover;\" srcset=\"https:\/\/standort-niederrhein.de\/wp-content\/uploads\/2024\/10\/IMG_6319-scaled.jpeg 2560w, https:\/\/standort-niederrhein.de\/wp-content\/uploads\/2024\/10\/IMG_6319-1280x960.jpeg 1280w, https:\/\/standort-niederrhein.de\/wp-content\/uploads\/2024\/10\/IMG_6319-980x735.jpeg 980w, https:\/\/standort-niederrhein.de\/wp-content\/uploads\/2024\/10\/IMG_6319-480x360.jpeg 480w\" sizes=\"(min-width: 0px) and (max-width: 480px) 480px, (min-width: 481px) and (max-width: 980px) 980px, (min-width: 981px) and (max-width: 1280px) 1280px, (min-width: 1281px) 2560px, 100vw\" \/><\/figure>\n\n\n<p>Von links: Christoph Flammersfeld (Crazy Outdoors), Stefan Keulen (DERICHSuKONERTZ), Kirsten Flammersfeld (Crazy Outdoors), Andreas Struwe (KREFELD BUSINESS), Dieter Laskowski (DERICHSuKONERTZ); | Urheberin: Annegret Angerhausen-Reuter, Nutzungsrechte: WFG Krefeld \/ KREFELD BUSINESS<\/p>\n","protected":false},"excerpt":{"rendered":"<p>Krefeld. Die Outdoor-Enthusiasten Kirsten und Christoph Flammersfeld feierten j\u00fcngst die Er\u00f6ffnung ihres neuen Standorts an der Magdeburger Stra\u00dfe im Gewerbegebiet Bockum-Nord. Was mit der Firmengr\u00fcndung unter dem Namen \u201eCrazy Trailers\u201c im Juni 2021 begann, hat sich inzwischen zu einem erfolgreichen Unternehmen mit einem vielf\u00e4ltigen Angebot entwickelt. Der Umzug von Steltens Bauernladen unweit des Elfrather Sees [&hellip;]<\/p>\n","protected":false},"author":3,"featured_media":5099,"comment_status":"closed","ping_status":"closed","sticky":false,"template":"","format":"standard","meta":{"_et_pb_use_builder":"","_et_pb_old_content":"","_et_gb_content_width":"","footnotes":""},"categories":[1],"tags":[],"class_list":["post-5098","post","type-post","status-publish","format-standard","has-post-thumbnail","hentry","category-allgemein"],"_links":{"self":[{"href":"https:\/\/standort-niederrhein.de\/en\/wp-json\/wp\/v2\/posts\/5098","targetHints":{"allow":["GET"]}}],"collection":[{"href":"https:\/\/standort-niederrhein.de\/en\/wp-json\/wp\/v2\/posts"}],"about":[{"href":"https:\/\/standort-niederrhein.de\/en\/wp-json\/wp\/v2\/types\/post"}],"author":[{"embeddable":true,"href":"https:\/\/standort-niederrhein.de\/en\/wp-json\/wp\/v2\/users\/3"}],"replies":[{"embeddable":true,"href":"https:\/\/standort-niederrhein.de\/en\/wp-json\/wp\/v2\/comments?post=5098"}],"version-history":[{"count":1,"href":"https:\/\/standort-niederrhein.de\/en\/wp-json\/wp\/v2\/posts\/5098\/revisions"}],"predecessor-version":[{"id":5100,"href":"https:\/\/standort-niederrhein.de\/en\/wp-json\/wp\/v2\/posts\/5098\/revisions\/5100"}],"wp:featuredmedia":[{"embeddable":true,"href":"https:\/\/standort-niederrhein.de\/en\/wp-json\/wp\/v2\/media\/5099"}],"wp:attachment":[{"href":"https:\/\/standort-niederrhein.de\/en\/wp-json\/wp\/v2\/media?parent=5098"}],"wp:term":[{"taxonomy":"category","embeddable":true,"href":"https:\/\/standort-niederrhein.de\/en\/wp-json\/wp\/v2\/categories?post=5098"},{"taxonomy":"post_tag","embeddable":true,"href":"https:\/\/standort-niederrhein.de\/en\/wp-json\/wp\/v2\/tags?post=5098"}],"curies":[{"name":"wp","href":"https:\/\/api.w.org\/{rel}","templated":true}]}}