{"id":5096,"date":"2024-10-29T06:00:00","date_gmt":"2024-10-29T05:00:00","guid":{"rendered":"https:\/\/invest-in-niederrhein.de\/?p=5096"},"modified":"2024-10-30T13:37:08","modified_gmt":"2024-10-30T12:37:08","slug":"die-richtige-idee-zur-richtigen-zeit-am-richtigen-ort","status":"publish","type":"post","link":"https:\/\/standort-niederrhein.de\/en\/2024\/10\/29\/die-richtige-idee-zur-richtigen-zeit-am-richtigen-ort\/","title":{"rendered":"Die richtige Idee zur richtigen Zeit am richtigen Ort"},"content":{"rendered":"\n<p><strong>Kreis Kleve. <\/strong>Wer den Schritt in die Selbstst\u00e4ndigkeit wagen will, der sollte sich gut vorbereiten. Eine<strong> <\/strong>gute Gelegenheit daf\u00fcr bieten die \u201eVier-Augen-Gespr\u00e4che zur Existenzgr\u00fcndung\u201c, die die Wirtschaftsf\u00f6rderung Kreis Kleve nun in Zusammenarbeit mit dem Startercenter NRW anbietet. In der Zeit vom 18.11.2024 bis 24.11.2024, w\u00e4hrend der bundesweiten Aktion \u201eGr\u00fcndungswoche Deutschland 2024\u201c, k\u00f6nnen sich Existenzgr\u00fcnderinnen und Existenzgr\u00fcnder intensiv und individuell beraten lassen.<\/p>\n\n\n\n<p>\u201eWir k\u00f6nnen nur empfehlen, die zahlreichen Informationsangebote w\u00e4hrend der ,Gr\u00fcndungswoche Deutschland\u2018 zu nutzen. Bei allem Enthusiasmus f\u00fcr die eigene Idee ist auch ein sachlicher Blick notwendig\u201c, sagt Brigitte Jansen, Gesch\u00e4ftsf\u00fchrerin der Wirtschaftsf\u00f6rderung Kreis Kleve. &nbsp;<\/p>\n\n\n\n<p>\u201eWir sind mit unserem Angebot zu den Vier-Augen-Gespr\u00e4chen offen f\u00fcr alle Gr\u00fcndungsideen, geplante Betriebs\u00fcbernahmen oder auch f\u00fcr Jungunternehmen. Wenn wir dazu beitragen k\u00f6nnen, sich solide und anhand einer strukturierten Vorgehensweise mit dem Traum vom eigenen Unternehmen auseinanderzusetzen, ist schon viel erreicht\u201c, erl\u00e4utert Fabienne van Lier, Beraterin f\u00fcr Gr\u00fcndung &amp; F\u00f6rdermittel bei der Kreis-Wirtschaftsf\u00f6rderung. Generell wichtig seien der Glaube an die eigene Sache, die realistische Bewertung der Marktchancen, Beharrlichkeit und Durchsetzungsverm\u00f6gen. Mit der richtigen Idee zur richtigen Zeit am richtigen Ort \u2013 und einer guten Beratung \u2013 verspreche die Existenzgr\u00fcndung Erfolg. &nbsp;<\/p>\n\n\n\n<p>Interessenten f\u00fcr das kostenlose Beratungsangebot \u201eVier-Augen-Gespr\u00e4che\u201c k\u00f6nnen sich unter der Nummer 02821 7281-0 oder per E-Mail an info@wfg-kreis-kleve.de&nbsp; anmelden.<\/p>\n\n\n\n<p>Quelle: <a href=\"http:\/\/www.wfg-kreis-kleve.de\">WFG Kreis Kleve<\/a><\/p>\n","protected":false},"excerpt":{"rendered":"<p>Kreis Kleve. Wer den Schritt in die Selbstst\u00e4ndigkeit wagen will, der sollte sich gut vorbereiten. Eine gute Gelegenheit daf\u00fcr bieten die \u201eVier-Augen-Gespr\u00e4che zur Existenzgr\u00fcndung\u201c, die die Wirtschaftsf\u00f6rderung Kreis Kleve nun in Zusammenarbeit mit dem Startercenter NRW anbietet. In der Zeit vom 18.11.2024 bis 24.11.2024, w\u00e4hrend der bundesweiten Aktion \u201eGr\u00fcndungswoche Deutschland 2024\u201c, k\u00f6nnen sich Existenzgr\u00fcnderinnen und [&hellip;]<\/p>\n","protected":false},"author":3,"featured_media":0,"comment_status":"closed","ping_status":"closed","sticky":false,"template":"","format":"standard","meta":{"_et_pb_use_builder":"","_et_pb_old_content":"","_et_gb_content_width":"","footnotes":""},"categories":[1],"tags":[],"class_list":["post-5096","post","type-post","status-publish","format-standard","hentry","category-allgemein"],"_links":{"self":[{"href":"https:\/\/standort-niederrhein.de\/en\/wp-json\/wp\/v2\/posts\/5096","targetHints":{"allow":["GET"]}}],"collection":[{"href":"https:\/\/standort-niederrhein.de\/en\/wp-json\/wp\/v2\/posts"}],"about":[{"href":"https:\/\/standort-niederrhein.de\/en\/wp-json\/wp\/v2\/types\/post"}],"author":[{"embeddable":true,"href":"https:\/\/standort-niederrhein.de\/en\/wp-json\/wp\/v2\/users\/3"}],"replies":[{"embeddable":true,"href":"https:\/\/standort-niederrhein.de\/en\/wp-json\/wp\/v2\/comments?post=5096"}],"version-history":[{"count":1,"href":"https:\/\/standort-niederrhein.de\/en\/wp-json\/wp\/v2\/posts\/5096\/revisions"}],"predecessor-version":[{"id":5097,"href":"https:\/\/standort-niederrhein.de\/en\/wp-json\/wp\/v2\/posts\/5096\/revisions\/5097"}],"wp:attachment":[{"href":"https:\/\/standort-niederrhein.de\/en\/wp-json\/wp\/v2\/media?parent=5096"}],"wp:term":[{"taxonomy":"category","embeddable":true,"href":"https:\/\/standort-niederrhein.de\/en\/wp-json\/wp\/v2\/categories?post=5096"},{"taxonomy":"post_tag","embeddable":true,"href":"https:\/\/standort-niederrhein.de\/en\/wp-json\/wp\/v2\/tags?post=5096"}],"curies":[{"name":"wp","href":"https:\/\/api.w.org\/{rel}","templated":true}]}}