{"id":5086,"date":"2024-10-26T06:00:00","date_gmt":"2024-10-26T04:00:00","guid":{"rendered":"https:\/\/invest-in-niederrhein.de\/?p=5086"},"modified":"2024-10-24T11:27:29","modified_gmt":"2024-10-24T09:27:29","slug":"kuenftiger-bildungs-und-innovationscampus-in-neuss","status":"publish","type":"post","link":"https:\/\/standort-niederrhein.de\/en\/2024\/10\/26\/kuenftiger-bildungs-und-innovationscampus-in-neuss\/","title":{"rendered":"K\u00fcnftiger Bildungs- und Innovationscampus in Neuss"},"content":{"rendered":"\n<p>Mittlerer Niederrhein. Wendersplatz oder ehemalige Kaufhof-Immobilie am Konvent? Welcher Standort eignet sich f\u00fcr das k\u00fcnftige Bildungs- und Innovationscampus der Industrie- und Handelskammer (IHK) Mittlerer Niederrhein am besten? Diese Frage stand im Mittelpunkt des Regionalforums Rhein-Kreis Neuss, zu dem die IHK in die R\u00e4ume der C. Thywissen GmbH eingeladen hatte. \u201eWir wollen den Themen Bildung und Innovation in Neuss gr\u00f6\u00dferen Raum geben, denn sie sind Schl\u00fcsselfaktoren f\u00fcr den Erfolg unserer Mitgliedsunternehmen\u201c, erkl\u00e4rte IHK-Hauptgesch\u00e4ftsf\u00fchrer J\u00fcrgen Steinmetz zu Beginn des Forums. Daf\u00fcr seien die M\u00f6glichkeiten am jetzigen Standort an der Friedrichstra\u00dfe nur begrenzt. \u201eAls wir uns deshalb 2020 entschlossen haben, in Neuss in einen Neubau zu investieren, war noch nicht abzusehen, dass nun durch den Leerstand des Kaufhofs eine zweite Option vorliegen w\u00fcrde.\u201c Am 10. Dezember wird die IHK-Vollversammlung dar\u00fcber entscheiden, ob der Kaufhof der k\u00fcnftige IHK-Standort werden soll. \u201eDiese Entscheidung m\u00fcssen wir vorbereiten\u201c, sagte Steinmetz. \u201eDabei sind uns auch die Ihre Stimmen und Meinungen wichtig.\u201c<\/p>\n\n\n\n<p>IHK-Vizepr\u00e4sidentin Susanne Thywissen stimmte zu: \u201eWir m\u00fcssen unser Expertenwissen miteinander teilen\u201c, sagte sie. \u201eEs geht um Bildung, um Innovation und um unsere Innenstadt, die eine Transformation zu leisten hat. Gestalten Sie mit, lassen Sie uns zeigen, dass wir die Neusser Wirtschaft gemeinsam voranbringen.\u201c<\/p>\n\n\n\n<p>Nachdem Ralf Kriesemer, Gesch\u00e4ftsf\u00fchrer der Neusser Bau- und Immobilienmanagement GmbH, die beiden Standorte vorgestellt hatte, versammelten sich die Teilnehmerinnen und Teilnehmer an den beiden Thementischen \u201eWendersplatz\u201c und \u201eKaufhof\u201c, um die jeweiligen St\u00e4rken, Schw\u00e4chen, Chancen und Risiken auszuloten. Argumente f\u00fcr und wider wurden ausgetauscht, diskutiert, notiert und schlie\u00dflich an die jeweiligen Stellw\u00e4nde geheftet. Nach 60 Minuten waren die Tafeln gut gef\u00fcllt.<\/p>\n\n\n\n<p>\u201eIch bin sehr zufrieden\u201c, erkl\u00e4rte Steinmetz. \u201eSie haben uns viele Argumente f\u00fcr den einen und f\u00fcr den anderen Standort genannt. Dabei zeigt sich, dass es kein Richtig oder Falsch gibt.\u201c In den kommenden Wochen w\u00fcrden nun alle St\u00e4rken, Schw\u00e4chen, Chancen und Risiken gewichtet. \u201eUnd nat\u00fcrlich wird es auch eine Abw\u00e4gung bez\u00fcglich der Wirtschaftlichkeit geben\u201c, betonte er. \u201eDiese Fakten und \u00dcberlegungen werden schlie\u00dflich in die Beschlussvorlage f\u00fcr die Vollversammlung einflie\u00dfen.\u201c&nbsp;<\/p>\n\n\n\n<p>Die IHK-Regionalforen (Rhein-Kreis Neuss, Kreis Viersen, M\u00f6nchengladbach und Krefeld) stehen allen Mitgliedsunternehmen und Interessierten offen, die sich einbringen oder informieren sowie gemeinsam mit anderen L\u00f6sungen f\u00fcr die Herausforderungen der Wirtschaft in der Region entwickeln m\u00f6chten. Weitere Informationen gibt es <a href=\"http:\/\/www.mittlerer-niederrhein.ihk.de\/27922\">hier<\/a>.\u00a0<\/p>\n\n\n\n<p>Quelle: <a href=\"https:\/\/mittlerer-niederrhein.ihk.de\/de\/oeffentlichkeitsarbeit\/pressemitteilungen\/2024\/kuenftiger-bildungs-und-innovationscampus-in-neuss.html\">IHK Mittlerer Niederrhein<\/a><\/p>\n","protected":false},"excerpt":{"rendered":"<p>Mittlerer Niederrhein. Wendersplatz oder ehemalige Kaufhof-Immobilie am Konvent? Welcher Standort eignet sich f\u00fcr das k\u00fcnftige Bildungs- und Innovationscampus der Industrie- und Handelskammer (IHK) Mittlerer Niederrhein am besten? Diese Frage stand im Mittelpunkt des Regionalforums Rhein-Kreis Neuss, zu dem die IHK in die R\u00e4ume der C. Thywissen GmbH eingeladen hatte. \u201eWir wollen den Themen Bildung und [&hellip;]<\/p>\n","protected":false},"author":3,"featured_media":0,"comment_status":"closed","ping_status":"closed","sticky":false,"template":"","format":"standard","meta":{"_et_pb_use_builder":"","_et_pb_old_content":"","_et_gb_content_width":"","footnotes":""},"categories":[1],"tags":[],"class_list":["post-5086","post","type-post","status-publish","format-standard","hentry","category-allgemein"],"_links":{"self":[{"href":"https:\/\/standort-niederrhein.de\/en\/wp-json\/wp\/v2\/posts\/5086","targetHints":{"allow":["GET"]}}],"collection":[{"href":"https:\/\/standort-niederrhein.de\/en\/wp-json\/wp\/v2\/posts"}],"about":[{"href":"https:\/\/standort-niederrhein.de\/en\/wp-json\/wp\/v2\/types\/post"}],"author":[{"embeddable":true,"href":"https:\/\/standort-niederrhein.de\/en\/wp-json\/wp\/v2\/users\/3"}],"replies":[{"embeddable":true,"href":"https:\/\/standort-niederrhein.de\/en\/wp-json\/wp\/v2\/comments?post=5086"}],"version-history":[{"count":1,"href":"https:\/\/standort-niederrhein.de\/en\/wp-json\/wp\/v2\/posts\/5086\/revisions"}],"predecessor-version":[{"id":5087,"href":"https:\/\/standort-niederrhein.de\/en\/wp-json\/wp\/v2\/posts\/5086\/revisions\/5087"}],"wp:attachment":[{"href":"https:\/\/standort-niederrhein.de\/en\/wp-json\/wp\/v2\/media?parent=5086"}],"wp:term":[{"taxonomy":"category","embeddable":true,"href":"https:\/\/standort-niederrhein.de\/en\/wp-json\/wp\/v2\/categories?post=5086"},{"taxonomy":"post_tag","embeddable":true,"href":"https:\/\/standort-niederrhein.de\/en\/wp-json\/wp\/v2\/tags?post=5086"}],"curies":[{"name":"wp","href":"https:\/\/api.w.org\/{rel}","templated":true}]}}