{"id":5079,"date":"2024-10-24T06:00:00","date_gmt":"2024-10-24T04:00:00","guid":{"rendered":"https:\/\/invest-in-niederrhein.de\/?p=5079"},"modified":"2024-10-22T10:37:10","modified_gmt":"2024-10-22T08:37:10","slug":"kreis-wesel-wird-mitglied-in-der-agfs-nrw","status":"publish","type":"post","link":"https:\/\/standort-niederrhein.de\/en\/2024\/10\/24\/kreis-wesel-wird-mitglied-in-der-agfs-nrw\/","title":{"rendered":"Kreis Wesel wird Mitglied in der AGFS NRW"},"content":{"rendered":"\n<p><strong>Kreis Wesel.<\/strong> Neulich fand die Hauptbereisung des Kreises Wesel zur Aufnahme in die Arbeitsgemeinschaft fu\u00dfg\u00e4nger- und fahrradfreundlicher St\u00e4dte, Gemeinden und Kreise in NRW (AGFS NRW) statt. Eine Auswahlkommission unter Federf\u00fchrung des Landes NRW begutachtete im Rahmen einer Fahrradroute, einer Fu\u00dfroute und einer Pr\u00e4sentation die Fahrrad- und Fu\u00dfg\u00e4ngerfreundlichkeit des Kreises Wesel. Sie entschied sich am Ende des Termins dazu, dem Minister f\u00fcr Umwelt, Naturschutz und Verkehr des Landes NRW zu empfehlen, den Kreis Wesel als \u201efu\u00dfg\u00e4nger- und fahrradfreundlich\u201c auszuzeichnen.\u00a0<\/p>\n\n\n\n<p>Besonders herausragend war unter anderem das Angebot im Bereich Fahrrad- und Wandertourismus, die Zustandserfassung und der Winterdienst bei den Radwegen an Kreisstra\u00dfen, die Verkehrssicherheitsarbeit der Kreispolizeibeh\u00f6rde, die Aktion \u201eStadt Land zu Fu\u00df\u201c sowie das Netzwerk zwischen dem Kreis Wesel und den kreisangeh\u00f6rigen Kommunen.&nbsp;<\/p>\n\n\n\n<p>Die Mitgliedschaft in der AGFS bringt viele Vorteile mit sich. Sie erm\u00f6glicht einen exklusiven Zugang zu F\u00f6rdermitteln des Landes, einen wertvollen Wissens- und Erfahrungsaustausch mit anderen Kommunen sowie professionelle Beratung und Hilfestellung bei der Verbesserung der Nahmobilit\u00e4t. Durch die Aufnahme in die AGFS NRW hat der Kreis Wesel einen wichtigen Meilenstein erreicht. Zugleich ist die Mitgliedschaft ein Ansporn, die Nahmobilit\u00e4t mit Unterst\u00fctzung dieses Netzwerkes weiter voranzubringen.&nbsp;<\/p>\n\n\n\n<p>Die Zugeh\u00f6rigkeit gilt zun\u00e4chst f\u00fcr einen Zeitraum von sieben Jahren, danach gibt es eine Neubewertung.<\/p>\n\n\n\n<p>Quelle: <a href=\"https:\/\/www.kreis-wesel.de\/aktuelles\/presse\/kreis-wesel-wird-mitglied-der-agfs-nrw\">Kreis Wesel<\/a><\/p>\n","protected":false},"excerpt":{"rendered":"<p>Kreis Wesel. Neulich fand die Hauptbereisung des Kreises Wesel zur Aufnahme in die Arbeitsgemeinschaft fu\u00dfg\u00e4nger- und fahrradfreundlicher St\u00e4dte, Gemeinden und Kreise in NRW (AGFS NRW) statt. Eine Auswahlkommission unter Federf\u00fchrung des Landes NRW begutachtete im Rahmen einer Fahrradroute, einer Fu\u00dfroute und einer Pr\u00e4sentation die Fahrrad- und Fu\u00dfg\u00e4ngerfreundlichkeit des Kreises Wesel. Sie entschied sich am Ende [&hellip;]<\/p>\n","protected":false},"author":3,"featured_media":0,"comment_status":"closed","ping_status":"closed","sticky":false,"template":"","format":"standard","meta":{"_et_pb_use_builder":"","_et_pb_old_content":"","_et_gb_content_width":"","footnotes":""},"categories":[1],"tags":[],"class_list":["post-5079","post","type-post","status-publish","format-standard","hentry","category-allgemein"],"_links":{"self":[{"href":"https:\/\/standort-niederrhein.de\/en\/wp-json\/wp\/v2\/posts\/5079","targetHints":{"allow":["GET"]}}],"collection":[{"href":"https:\/\/standort-niederrhein.de\/en\/wp-json\/wp\/v2\/posts"}],"about":[{"href":"https:\/\/standort-niederrhein.de\/en\/wp-json\/wp\/v2\/types\/post"}],"author":[{"embeddable":true,"href":"https:\/\/standort-niederrhein.de\/en\/wp-json\/wp\/v2\/users\/3"}],"replies":[{"embeddable":true,"href":"https:\/\/standort-niederrhein.de\/en\/wp-json\/wp\/v2\/comments?post=5079"}],"version-history":[{"count":1,"href":"https:\/\/standort-niederrhein.de\/en\/wp-json\/wp\/v2\/posts\/5079\/revisions"}],"predecessor-version":[{"id":5080,"href":"https:\/\/standort-niederrhein.de\/en\/wp-json\/wp\/v2\/posts\/5079\/revisions\/5080"}],"wp:attachment":[{"href":"https:\/\/standort-niederrhein.de\/en\/wp-json\/wp\/v2\/media?parent=5079"}],"wp:term":[{"taxonomy":"category","embeddable":true,"href":"https:\/\/standort-niederrhein.de\/en\/wp-json\/wp\/v2\/categories?post=5079"},{"taxonomy":"post_tag","embeddable":true,"href":"https:\/\/standort-niederrhein.de\/en\/wp-json\/wp\/v2\/tags?post=5079"}],"curies":[{"name":"wp","href":"https:\/\/api.w.org\/{rel}","templated":true}]}}