{"id":5076,"date":"2024-10-23T06:00:00","date_gmt":"2024-10-23T04:00:00","guid":{"rendered":"https:\/\/invest-in-niederrhein.de\/?p=5076"},"modified":"2024-10-22T10:33:24","modified_gmt":"2024-10-22T08:33:24","slug":"125-jahre-wassenberg-gmbh-in-grevenbroich","status":"publish","type":"post","link":"https:\/\/standort-niederrhein.de\/en\/2024\/10\/23\/125-jahre-wassenberg-gmbh-in-grevenbroich\/","title":{"rendered":"125 Jahre Wassenberg GmbH in Grevenbroich"},"content":{"rendered":"\n<p><strong>Mittlerer Niederrhein\/ Grevenbroich.<\/strong> Die Wassenberg GmbH in Grevenbroich hat 125-j\u00e4hriges Bestehen gefeiert. 1899 hatte Theodor Wassenberg im Alter von 34 Jahren ein Unternehmen zum Handel mit Landmaschinen gegr\u00fcndet. Die Firma machte sich im Laufe der Jahrzehnte einen Namen als kompetenter Partner der Landwirtschaft und ist heute vor allem f\u00fcr Kommunalmaschinen bekannt. Das in der f\u00fcnften Generation gef\u00fchrte Familienunternehmen besch\u00e4ftigt 42 Mitarbeiterinnen und Mitarbeiter. J\u00fcrgen Steinmetz, Hauptgesch\u00e4ftsf\u00fchrer der Industrie- und Handelskammer (IHK) Mittlerer Niederrhein, gratulierte dem Unternehmen und \u00fcberreichte dem Gesch\u00e4ftsf\u00fchrer Hans-J\u00fcrgen Wachten eine Urkunde. \u201eDie Wassenberg GmbH ist ein herausragendes Beispiel daf\u00fcr, wie Tradition, Innovation, Familienzusammenhalt und Kundenorientierung ein Unternehmen erfolgreich machen \u2013 und das \u00fcber Generationen hinweg\u201c, sagte Steinmetz. \u201eIch bin sicher, dass diese Erfolgsfaktoren das Unternehmen auch in Zukunft weiter begleiten werden.\u201c<\/p>\n\n\n\n<p>Nachdem der Betrieb im Zweiten Weltkrieg v\u00f6llig zerst\u00f6rt worden war und wieder neu aufgebaut werden musste, trat 1956 Hansjakob Wachten als Kommanditist ins Unternehmen ein. 1965 \u00fcbernahm er die Firma und baute den Kommunalmaschinenbereich systematisch aus. 1983 erfolgte die Umwandlung in eine GmbH. 1990 \u00fcbernahm Hans-J\u00fcrgen Wachten die Gesch\u00e4ftsf\u00fchrung. F\u00fcnf Jahre sp\u00e4ter lie\u00df sich das Unternehmen auf einem 8.000 Quadratmeter gro\u00dfen Grundst\u00fcck mit 1.000 Quadratmetern Ausstellungsfl\u00e4che an der Von-Goldammer-Stra\u00dfe nieder.<\/p>\n\n\n\n<p>Inzwischen geh\u00f6ren auch Daniel Wachten und Stephan Planker zur Gesch\u00e4ftsf\u00fchrung. \u201eUnser Portfolio umfasst unter anderem Fahrzeuge f\u00fcr den Kommunalbereich wie Traktoren und Ger\u00e4tetr\u00e4ger, M\u00e4her, Kehr- und Reinigungsmaschinen\u201c, berichtet Hans-J\u00fcrgen Wachten. \u201eAu\u00dferdem bieten wir unseren Kunden einen Reparatur- und Ersatzteilservice sowie einen Gartenfachmarkt mit professioneller Beratung.\u201c<\/p>\n\n\n\n<p>Quelle: <a href=\"https:\/\/mittlerer-niederrhein.ihk.de\/de\/oeffentlichkeitsarbeit\/pressemitteilungen\/2024\/125-jahre-wassenberg-gmbh-in-grevenbroich.html\">IHK Mittlerer Niederrhein<\/a><\/p>\n\n\n<figure class=\"wp-block-post-featured-image\"><img loading=\"lazy\" decoding=\"async\" width=\"987\" height=\"392\" src=\"https:\/\/standort-niederrhein.de\/wp-content\/uploads\/2024\/10\/wassenberg-gmbh-artikel2.jpg\" class=\"attachment-post-thumbnail size-post-thumbnail wp-post-image\" alt=\"\" style=\"object-fit:cover;\" srcset=\"https:\/\/standort-niederrhein.de\/wp-content\/uploads\/2024\/10\/wassenberg-gmbh-artikel2.jpg 987w, https:\/\/standort-niederrhein.de\/wp-content\/uploads\/2024\/10\/wassenberg-gmbh-artikel2-980x389.jpg 980w, https:\/\/standort-niederrhein.de\/wp-content\/uploads\/2024\/10\/wassenberg-gmbh-artikel2-480x191.jpg 480w\" sizes=\"(min-width: 0px) and (max-width: 480px) 480px, (min-width: 481px) and (max-width: 980px) 980px, (min-width: 981px) 987px, 100vw\" \/><\/figure>\n\n\n<p>IHK-Hauptgesch\u00e4ftsf\u00fchrer J\u00fcrgen Steinmetz (r.) gratuliert gemeinsam mit Andreas Ehlert (l.), Pr\u00e4sident der Handwerkskammer D\u00fcsseldorf, Hans-J\u00fcrgen Wachten, Gesch\u00e4ftsf\u00fchrer der Wassenberg GmbH, zum 125-j\u00e4hrigen Bestehen. |\u00a0Foto: IHK Mittlerer Niederrhein<\/p>\n","protected":false},"excerpt":{"rendered":"<p>Mittlerer Niederrhein\/ Grevenbroich. Die Wassenberg GmbH in Grevenbroich hat 125-j\u00e4hriges Bestehen gefeiert. 1899 hatte Theodor Wassenberg im Alter von 34 Jahren ein Unternehmen zum Handel mit Landmaschinen gegr\u00fcndet. Die Firma machte sich im Laufe der Jahrzehnte einen Namen als kompetenter Partner der Landwirtschaft und ist heute vor allem f\u00fcr Kommunalmaschinen bekannt. Das in der f\u00fcnften [&hellip;]<\/p>\n","protected":false},"author":3,"featured_media":5077,"comment_status":"closed","ping_status":"closed","sticky":false,"template":"","format":"standard","meta":{"_et_pb_use_builder":"","_et_pb_old_content":"","_et_gb_content_width":"","footnotes":""},"categories":[1],"tags":[],"class_list":["post-5076","post","type-post","status-publish","format-standard","has-post-thumbnail","hentry","category-allgemein"],"_links":{"self":[{"href":"https:\/\/standort-niederrhein.de\/en\/wp-json\/wp\/v2\/posts\/5076","targetHints":{"allow":["GET"]}}],"collection":[{"href":"https:\/\/standort-niederrhein.de\/en\/wp-json\/wp\/v2\/posts"}],"about":[{"href":"https:\/\/standort-niederrhein.de\/en\/wp-json\/wp\/v2\/types\/post"}],"author":[{"embeddable":true,"href":"https:\/\/standort-niederrhein.de\/en\/wp-json\/wp\/v2\/users\/3"}],"replies":[{"embeddable":true,"href":"https:\/\/standort-niederrhein.de\/en\/wp-json\/wp\/v2\/comments?post=5076"}],"version-history":[{"count":1,"href":"https:\/\/standort-niederrhein.de\/en\/wp-json\/wp\/v2\/posts\/5076\/revisions"}],"predecessor-version":[{"id":5078,"href":"https:\/\/standort-niederrhein.de\/en\/wp-json\/wp\/v2\/posts\/5076\/revisions\/5078"}],"wp:featuredmedia":[{"embeddable":true,"href":"https:\/\/standort-niederrhein.de\/en\/wp-json\/wp\/v2\/media\/5077"}],"wp:attachment":[{"href":"https:\/\/standort-niederrhein.de\/en\/wp-json\/wp\/v2\/media?parent=5076"}],"wp:term":[{"taxonomy":"category","embeddable":true,"href":"https:\/\/standort-niederrhein.de\/en\/wp-json\/wp\/v2\/categories?post=5076"},{"taxonomy":"post_tag","embeddable":true,"href":"https:\/\/standort-niederrhein.de\/en\/wp-json\/wp\/v2\/tags?post=5076"}],"curies":[{"name":"wp","href":"https:\/\/api.w.org\/{rel}","templated":true}]}}