{"id":5073,"date":"2024-10-22T06:00:00","date_gmt":"2024-10-22T04:00:00","guid":{"rendered":"https:\/\/invest-in-niederrhein.de\/?p=5073"},"modified":"2024-10-22T10:28:31","modified_gmt":"2024-10-22T08:28:31","slug":"die-besten-auf-der-buehne-ihk-ehrt-197-azubis","status":"publish","type":"post","link":"https:\/\/standort-niederrhein.de\/en\/2024\/10\/22\/die-besten-auf-der-buehne-ihk-ehrt-197-azubis\/","title":{"rendered":"Die Besten auf der B\u00fchne: IHK ehrt 197 Azubis"},"content":{"rendered":"\n<p><strong>Mittlerer Niederrhein.<\/strong> Ganz gleich ob Brauerin, Buchh\u00e4ndlerin, Fachkraft f\u00fcr Lagerlogistik, Verk\u00e4ufer oder Kauffrau f\u00fcr B\u00fcromanagement \u2013 ihnen allen geh\u00f6rte an diesem Abend die B\u00fchne. Denn alle haben ihren Abschluss mit Bestnoten geschafft und geh\u00f6ren damit zu den Spitzen ihres Jahrgangs. Von den insgesamt 4.295 Auszubildenden, die dieses Jahr ihre Pr\u00fcfung bei der Industrie- und Handelskammer (IHK) Mittlerer Niederrhein abgelegt haben, haben 197 aus 119 Ausbildungsbetrieben mit \u201eSehr gut\u201c abgeschnitten \u2013 daf\u00fcr wurden sie geb\u00fchrend gefeiert. Auch 317 Absolventinnen und Absolventen der H\u00f6heren Berufsbildung wurden f\u00fcr ihre herausragenden Erfolge geehrt. Mit fr\u00f6hlichen Gesichtern und bester Laune standen sie auf der B\u00fchne und genossen die Feier mit einem gro\u00dfartigen Rahmenprogramm mit den Showacts Joe Kelly, Saxophonist David Br\u00fcck und Rollschuh-Akrobat TJ Wheels. Durch die Veranstaltung f\u00fchrten Fernsehmoderator Wolfram Kons und die IHK-Auszubildende Kira Gabriel.<\/p>\n\n\n\n<p>&nbsp;\u201eZu diesem gro\u00dfartigen Erfolg gratuliere ich Ihnen sehr herzlich. Sie verdienen unseren besonderen Respekt und Anerkennung f\u00fcr dieses hervorragende Ergebnis in der Abschlusspr\u00fcfung\u201c, richtete IHK-Pr\u00e4sident Elmar te Neues anerkennende Worte an die Absolventinnen und Absolventen. Leidenschaft und Motivation seien der Schl\u00fcssel zum Erfolg. Wichtig sei es, alle Potenziale der jungen Menschen zu nutzen und nicht nur auf Schulnoten zu achten. \u201eDie Unternehmen haben erkannt, dass es f\u00fcr den Fachkr\u00e4ftemangel nur eine L\u00f6sung gibt: ausbilden! Sie m\u00fcssen Sch\u00fclerinnen und Sch\u00fcler schon fr\u00fchzeitig ins Unternehmen holen und sich als attraktiver Arbeitgeber pr\u00e4sentieren\u201c, so te Neues, der die Ehrung der Top-Azubis gemeinsam mit IHK-Hauptgesch\u00e4ftsf\u00fchrer J\u00fcrgen Steinmetz vornahm. Steinmetz hob hervor, dass das duale System der Berufsausbildung und die Weiterbildung zum Erfolg der regionalen Wirtschaft beitrage. \u201eAll diese engagierten Menschen heute Abend auf der B\u00fchne zeigen, dass sich Leistung lohnt\u201c, so der IHK-Hauptgesch\u00e4ftsf\u00fchrer.<\/p>\n\n\n\n<p>&nbsp;Im gewerblich-technischen Bereich wurden gleich zwei beste Azubis geehrt, die punktgleich abgeschnitten haben: Lena Eickenberg, Elektronikerin f\u00fcr Ger\u00e4te und Systeme, sowie Jannis Rimke, Elektroniker f\u00fcr Ger\u00e4te und Systeme. Als bester Ausbildungsbetrieb wurde die Scheidt &amp; Bachmann GmbH in M\u00f6nchengladbach ausgezeichnet, als bestes Berufskolleg das Berufskolleg Rheydt M\u00fclfort f\u00fcr Technik.<\/p>\n\n\n\n<p>&nbsp;Im Bereich Kaufm\u00e4nnische Ausbildung wurden als beste Auszubildende Vera Reiffs, Kauffrau f\u00fcr B\u00fcromanagement, als bester Ausbildungsbetrieb die Radiometer GmbH in Krefeld sowie als bestes Berufskolleg das Berufskolleg Viersen geehrt. Bester Erstausbildungsbetrieb ist die T\u00f6nisvorster Buchhandlung mit der Auszubildenden Sarah Kostyra, Buchh\u00e4ndlerin, als bestes Berufskolleg im Bereich Erstausbildung wurde das Berufskolleg Bachstra\u00dfe in D\u00fcsseldorf ausgezeichnet.<\/p>\n\n\n\n<p>\u00a0In der gemeinsamen Feierstunde ehrte die IHK nicht nur die besten Auszubildenden, Betriebe und Berufskollegs. Auch die besten Absolventinnen der H\u00f6heren Berufsbildung wurden ausgezeichnet: Mike Prince (Gepr\u00fcfter Technischer Betriebswirt, Master Professional), Jan Breme (Gepr\u00fcfter Industriemeister, Fachrichtung Mechatronik) sowie Sandra Orlikowski (Gepr\u00fcfte Fachwirtin f\u00fcr B\u00fcro- und Projektorganisation). \u201eWer beruflich weiterkommen m\u00f6chte, sollte auch nach der Ausbildung weiterlernen \u2013 wie es diese 317 Absolventinnen und Absolventen gemacht haben\u201c, so Steinmetz. \u201eMit unserer Feier zollen wir all\u2018 diesen engagierten Menschen hier auf der B\u00fchne unseren Respekt.\u201c\u00a0<\/p>\n\n\n\n<p>Quelle: <a href=\"https:\/\/mittlerer-niederrhein.ihk.de\/de\/oeffentlichkeitsarbeit\/pressemitteilungen\/2024\/die-besten-auf-der-buehne-ihk-ehrt-197-azubis.html\">IHK Mittlerer Niederrhein<\/a><\/p>\n\n\n<figure class=\"wp-block-post-featured-image\"><img loading=\"lazy\" decoding=\"async\" width=\"987\" height=\"392\" src=\"https:\/\/standort-niederrhein.de\/wp-content\/uploads\/2024\/10\/pm231_bestenehrung-artikel2.jpg\" class=\"attachment-post-thumbnail size-post-thumbnail wp-post-image\" alt=\"\" style=\"object-fit:cover;\" srcset=\"https:\/\/standort-niederrhein.de\/wp-content\/uploads\/2024\/10\/pm231_bestenehrung-artikel2.jpg 987w, https:\/\/standort-niederrhein.de\/wp-content\/uploads\/2024\/10\/pm231_bestenehrung-artikel2-980x389.jpg 980w, https:\/\/standort-niederrhein.de\/wp-content\/uploads\/2024\/10\/pm231_bestenehrung-artikel2-480x191.jpg 480w\" sizes=\"(min-width: 0px) and (max-width: 480px) 480px, (min-width: 481px) and (max-width: 980px) 980px, (min-width: 981px) 987px, 100vw\" \/><\/figure>\n\n\n<p>Gruppenbild mit den Besten: 197 Azubis aus 119 Ausbildungsbetrieben, die mit \u201eSehr gut\u201c abgeschnitten haben, wurden von IHK-Pr\u00e4sident Elmar te Neues (4.v.l.) und IHK-Hauptgesch\u00e4ftsf\u00fchrer J\u00fcrgen Steinmetz (r.) geehrt. Durch die Veranstaltung f\u00fchrten Fernsehmoderator Wolfram Kons (2.v.l.) und die IHK-Auszubildende Kira Gabriel (l.). | Foto: IHK Mittlerer Niederrhein<\/p>\n","protected":false},"excerpt":{"rendered":"<p>Mittlerer Niederrhein. Ganz gleich ob Brauerin, Buchh\u00e4ndlerin, Fachkraft f\u00fcr Lagerlogistik, Verk\u00e4ufer oder Kauffrau f\u00fcr B\u00fcromanagement \u2013 ihnen allen geh\u00f6rte an diesem Abend die B\u00fchne. Denn alle haben ihren Abschluss mit Bestnoten geschafft und geh\u00f6ren damit zu den Spitzen ihres Jahrgangs. Von den insgesamt 4.295 Auszubildenden, die dieses Jahr ihre Pr\u00fcfung bei der Industrie- und Handelskammer [&hellip;]<\/p>\n","protected":false},"author":3,"featured_media":5074,"comment_status":"closed","ping_status":"closed","sticky":false,"template":"","format":"standard","meta":{"_et_pb_use_builder":"","_et_pb_old_content":"","_et_gb_content_width":"","footnotes":""},"categories":[1],"tags":[],"class_list":["post-5073","post","type-post","status-publish","format-standard","has-post-thumbnail","hentry","category-allgemein"],"_links":{"self":[{"href":"https:\/\/standort-niederrhein.de\/en\/wp-json\/wp\/v2\/posts\/5073","targetHints":{"allow":["GET"]}}],"collection":[{"href":"https:\/\/standort-niederrhein.de\/en\/wp-json\/wp\/v2\/posts"}],"about":[{"href":"https:\/\/standort-niederrhein.de\/en\/wp-json\/wp\/v2\/types\/post"}],"author":[{"embeddable":true,"href":"https:\/\/standort-niederrhein.de\/en\/wp-json\/wp\/v2\/users\/3"}],"replies":[{"embeddable":true,"href":"https:\/\/standort-niederrhein.de\/en\/wp-json\/wp\/v2\/comments?post=5073"}],"version-history":[{"count":1,"href":"https:\/\/standort-niederrhein.de\/en\/wp-json\/wp\/v2\/posts\/5073\/revisions"}],"predecessor-version":[{"id":5075,"href":"https:\/\/standort-niederrhein.de\/en\/wp-json\/wp\/v2\/posts\/5073\/revisions\/5075"}],"wp:featuredmedia":[{"embeddable":true,"href":"https:\/\/standort-niederrhein.de\/en\/wp-json\/wp\/v2\/media\/5074"}],"wp:attachment":[{"href":"https:\/\/standort-niederrhein.de\/en\/wp-json\/wp\/v2\/media?parent=5073"}],"wp:term":[{"taxonomy":"category","embeddable":true,"href":"https:\/\/standort-niederrhein.de\/en\/wp-json\/wp\/v2\/categories?post=5073"},{"taxonomy":"post_tag","embeddable":true,"href":"https:\/\/standort-niederrhein.de\/en\/wp-json\/wp\/v2\/tags?post=5073"}],"curies":[{"name":"wp","href":"https:\/\/api.w.org\/{rel}","templated":true}]}}