{"id":5027,"date":"2024-10-20T06:00:00","date_gmt":"2024-10-20T04:00:00","guid":{"rendered":"https:\/\/invest-in-niederrhein.de\/?p=5027"},"modified":"2024-10-23T12:43:31","modified_gmt":"2024-10-23T10:43:31","slug":"technologiezentrum-glehnals-arbeitgeber-der-zukunft-ausgezeichnet","status":"publish","type":"post","link":"https:\/\/standort-niederrhein.de\/en\/2024\/10\/20\/technologiezentrum-glehnals-arbeitgeber-der-zukunft-ausgezeichnet\/","title":{"rendered":"Technologiezentrum Glehn als \u201eArbeitgeber der Zukunft\u201c ausgezeichnet"},"content":{"rendered":"\n<p><strong>Rhein-Kreis Neuss. <\/strong>Das Technologiezentrum Glehn (TZG) hat das Siegel \u201eArbeitgeber der Zukunft\u201c erhalten. Verliehen wird die Auszeichnung vom Deutschen Innovationsinstitut f\u00fcr Nachhaltigkeit und Digitalisierung. Das TZG wurde dabei im Rahmen eines zweistufigen Pr\u00fcfungsverfahrens ausgew\u00e4hlt.<\/p>\n\n\n\n<p>Raimund Franzen, der zusammen mit Benjamin Josephs Gesch\u00e4ftsf\u00fchrer der TZG GmbH und der Gemeinn\u00fctzigen Besch\u00e4ftigungsf\u00f6rderungsgesellschaft mbH Rhein-Kreis Neuss (bfg) ist, betont: \u201eDiese Auszeichnung freut uns sehr. Innovation, Nachhaltigkeit und Digitalisierung geh\u00f6ren auch bei unseren Weiterbildungen zu den wichtigsten Themenfeldern. F\u00fcr den zuk\u00fcnftigen Erfolg von Unternehmen sind gerade diese drei Aspekte relevant.\u201c Das Siegel macht deutlich, dass das TZG mit seinen passgenauen Angeboten f\u00fcr seine Kunden und mit seiner Firmenkultur genau das bietet, was einen \u201eArbeitgeber der Zukunft\u201c ausmacht.<\/p>\n\n\n\n<p>Benjamin Josephs f\u00fcgt hinzu: \u201eDiese Auszeichnung ist eine tolle Anerkennung f\u00fcr unsere Arbeit. Gerade mit Blick auf den Fachkr\u00e4ftemangel, der quer durch alle Branchen sp\u00fcrbar ist, wird es f\u00fcr Unternehmen immer wichtiger, sich als Arbeitgeber positiv abzugrenzen, um f\u00fcr zuk\u00fcnftige Bewerberinnen und Bewerber attraktiv zu sein.\u201c<\/p>\n\n\n\n<p>Das TZG geht hierbei nicht nur mit seinen Angeboten, sondern auch intern voran. Moderne IT, kontinuierliche Weiterbildungen f\u00fcr die Mitarbeiterinnen und Mitarbeiter sowie eine vielf\u00e4ltige, offene und auf pers\u00f6nlicher Weiterentwicklung basierende Firmenkultur geh\u00f6ren zu den zentralen Werten und zum Selbstverst\u00e4ndnis des TZG. Dahinter steht die \u00dcberzeugung, dass der Erfolg und die Innovationskraft eines Unternehmens ma\u00dfgeblich gesteigert werden, wenn die Mitarbeiterinnen und Mitarbeiter sich wohl- und wertgesch\u00e4tzt f\u00fchlen und gerne gemeinsam im Team arbeiten. Wichtig ist dabei auch stets, Menschen aktiv zu unterst\u00fctzen, ihr Potential zu entdecken und weiter zu entfalten. Agilit\u00e4t, Empathie und individuelle Kundenfokussierung geh\u00f6ren ebenso zum Markenkern des TZG wie Innovationskraft und ein digitales Mindset.<\/p>\n\n\n\n<p>Raimund Franzen: \u201eWir sehen uns als Zukunftslotsen und soliden Partner f\u00fcr Unternehmen und Kommunen und stellen diesen unsere umfassende Expertise zur Verf\u00fcgung \u2013 egal ob im Bereich der Beratung, im Segment unserer Weiterbildungen oder auch in unserem Digital-Solutions-Bereich. Daf\u00fcr m\u00fcssen wir s\u00e4mtliche wirtschaftlichen, gesellschaftlichen und technologischen Entwicklungen verfolgen, um stets am Puls der Zeit zu sein \u2013 denn nur so k\u00f6nnen wir einen validen Mehrwert f\u00fcr unsere Kunden generieren.\u201c&nbsp;&nbsp;&nbsp; Die 1986 gegr\u00fcndete Technologiezentrum Glehn GmbH qualifiziert als zertifizierter Bildungstr\u00e4ger Unternehmen und Arbeitnehmer f\u00fcr die sich st\u00e4ndig wandelnden Anforderungen des Arbeitsmarktes. Alleiniger Gesellschafter ist der Rhein-Kreis Neuss. Als Tochtergesellschaft des TZG k\u00fcmmert sich die Gemeinn\u00fctzige Besch\u00e4ftigungsf\u00f6rderungsgesellschaft mbH Rhein-Kreis Neuss (bfg) um die Betreuung, Qualifizierung und Besch\u00e4ftigung von Arbeitslosen und von Arbeitslosigkeit Bedrohten zur Wiedereingliederung in den ersten Arbeitsmarkt. Die gemeinsamen Gesch\u00e4ftsf\u00fchrer von TZG und bfg sind Raimund Franzen und Benjamin Josephs.<\/p>\n\n\n\n<p>Quelle: <a href=\"http:\/\/www.rhein-kreis-neuss.de\">Rhein-Kreis Neuss<\/a><\/p>\n\n\n<figure class=\"wp-block-post-featured-image\"><img loading=\"lazy\" decoding=\"async\" width=\"2560\" height=\"1920\" src=\"https:\/\/standort-niederrhein.de\/wp-content\/uploads\/2024\/10\/TZG-scaled.jpg\" class=\"attachment-post-thumbnail size-post-thumbnail wp-post-image\" alt=\"\" style=\"object-fit:cover;\" srcset=\"https:\/\/standort-niederrhein.de\/wp-content\/uploads\/2024\/10\/TZG-scaled.jpg 2560w, https:\/\/standort-niederrhein.de\/wp-content\/uploads\/2024\/10\/TZG-1280x960.jpg 1280w, https:\/\/standort-niederrhein.de\/wp-content\/uploads\/2024\/10\/TZG-980x735.jpg 980w, https:\/\/standort-niederrhein.de\/wp-content\/uploads\/2024\/10\/TZG-480x360.jpg 480w\" sizes=\"(min-width: 0px) and (max-width: 480px) 480px, (min-width: 481px) and (max-width: 980px) 980px, (min-width: 981px) and (max-width: 1280px) 1280px, (min-width: 1281px) 2560px, 100vw\" \/><\/figure>\n\n\n<p><p class=\"MsoNormal\" style=\"margin-right:9.8pt\">Die Gesch\u00e4ftsf\u00fchrer der Technologiezentrum Glehn GmbH und der Gemeinn\u00fctzigen Besch\u00e4ftigungsf\u00f6rderungsgesellschaft mbH Rhein-Kreis Neuss (bfg), Benjamin Josephs (l.) und Raimund Franzen, freuen sich \u00fcber die Auszeichnung. |Foto: Technologiezentrum Glehn GmbH <\/p><p class=\"MsoNormal\" style=\"margin-right:9.8pt\"><\/p><\/p>\n","protected":false},"excerpt":{"rendered":"<p>Rhein-Kreis Neuss. Das Technologiezentrum Glehn (TZG) hat das Siegel \u201eArbeitgeber der Zukunft\u201c erhalten. Verliehen wird die Auszeichnung vom Deutschen Innovationsinstitut f\u00fcr Nachhaltigkeit und Digitalisierung. Das TZG wurde dabei im Rahmen eines zweistufigen Pr\u00fcfungsverfahrens ausgew\u00e4hlt. Raimund Franzen, der zusammen mit Benjamin Josephs Gesch\u00e4ftsf\u00fchrer der TZG GmbH und der Gemeinn\u00fctzigen Besch\u00e4ftigungsf\u00f6rderungsgesellschaft mbH Rhein-Kreis Neuss (bfg) ist, betont: [&hellip;]<\/p>\n","protected":false},"author":3,"featured_media":5028,"comment_status":"closed","ping_status":"closed","sticky":false,"template":"","format":"standard","meta":{"_et_pb_use_builder":"","_et_pb_old_content":"","_et_gb_content_width":"","footnotes":""},"categories":[1],"tags":[],"class_list":["post-5027","post","type-post","status-publish","format-standard","has-post-thumbnail","hentry","category-allgemein"],"_links":{"self":[{"href":"https:\/\/standort-niederrhein.de\/en\/wp-json\/wp\/v2\/posts\/5027","targetHints":{"allow":["GET"]}}],"collection":[{"href":"https:\/\/standort-niederrhein.de\/en\/wp-json\/wp\/v2\/posts"}],"about":[{"href":"https:\/\/standort-niederrhein.de\/en\/wp-json\/wp\/v2\/types\/post"}],"author":[{"embeddable":true,"href":"https:\/\/standort-niederrhein.de\/en\/wp-json\/wp\/v2\/users\/3"}],"replies":[{"embeddable":true,"href":"https:\/\/standort-niederrhein.de\/en\/wp-json\/wp\/v2\/comments?post=5027"}],"version-history":[{"count":2,"href":"https:\/\/standort-niederrhein.de\/en\/wp-json\/wp\/v2\/posts\/5027\/revisions"}],"predecessor-version":[{"id":5085,"href":"https:\/\/standort-niederrhein.de\/en\/wp-json\/wp\/v2\/posts\/5027\/revisions\/5085"}],"wp:featuredmedia":[{"embeddable":true,"href":"https:\/\/standort-niederrhein.de\/en\/wp-json\/wp\/v2\/media\/5028"}],"wp:attachment":[{"href":"https:\/\/standort-niederrhein.de\/en\/wp-json\/wp\/v2\/media?parent=5027"}],"wp:term":[{"taxonomy":"category","embeddable":true,"href":"https:\/\/standort-niederrhein.de\/en\/wp-json\/wp\/v2\/categories?post=5027"},{"taxonomy":"post_tag","embeddable":true,"href":"https:\/\/standort-niederrhein.de\/en\/wp-json\/wp\/v2\/tags?post=5027"}],"curies":[{"name":"wp","href":"https:\/\/api.w.org\/{rel}","templated":true}]}}