{"id":5025,"date":"2024-10-19T06:00:00","date_gmt":"2024-10-19T04:00:00","guid":{"rendered":"https:\/\/invest-in-niederrhein.de\/?p=5025"},"modified":"2024-10-11T15:43:34","modified_gmt":"2024-10-11T13:43:34","slug":"kreis-viersen-verleiht-erstmalig-klimapreis","status":"publish","type":"post","link":"https:\/\/standort-niederrhein.de\/en\/2024\/10\/19\/kreis-viersen-verleiht-erstmalig-klimapreis\/","title":{"rendered":"Kreis Viersen verleiht erstmalig Klimapreis"},"content":{"rendered":"\n<p><strong>Kreis Viersen.<\/strong> K\u00fcrzlich hat der Kreis Viersen erstmalig den Klimapreis verliehen. Insgesamt wurden 12 Gewinnerinnen und Gewinner aus 46 eingegangenen Bewerbungen mit einer Urkunde und Preisgeld ausgezeichnet.<\/p>\n\n\n\n<p>Der Klimapreis richtet sich an Unternehmen, Vereine, Privatpersonen, Kitas und Schulen, die sich mit ihren Projekten im Bereich Klima- und Umweltschutz sowie Klimaanpassung engagieren.<\/p>\n\n\n\n<p>&#8220;Die Gewinnerinnen und Gewinner des Klimapreises haben sich in besonderer Weise f\u00fcr den Klimaschutz und die Klimaanpassung im Kreis Viersen eingesetzt&#8221;, erkl\u00e4rt Landrat Dr. Andreas Coenen. &#8220;Die vielf\u00e4ltigen Bewerbungen in allen drei Kategorien haben gezeigt, dass den Menschen die Umwelt und die Zukunft des Klimas in unserem Landkreis am Herzen liegen. Die unterschiedlichen und durchaus kreativen Ans\u00e4tze zeigen, dass Klimaschutz und Klimaanpassung ganz alltagsnah gelingen kann. Das freut mich sehr.&#8221;<\/p>\n\n\n\n<p><strong>Preistr\u00e4ger &#8220;Schulen und Kitas&#8221;<\/strong><br>In der Kategorie &#8220;Schulen und Kitas&#8221; haben die Gesamtschule Br\u00fcggen, die Kita Steinkreis aus Viersen und die Gemeinschaftsgrundschule Oedt aus Grefrath jeweils ein Preisgeld in H\u00f6he von 2.000 Euro erhalten. Die Gesamtschule Br\u00fcggen hat verschiedene Umweltschutzma\u00dfnahmen f\u00fcr ihre Schule konzipiert, darunter intelligentes L\u00fcften, Strom sparen, M\u00fclltrennung und Forschung zu Nachhaltigkeitsthemen. Die Kita Steinkreis hat innerhalb der Kleingartenanlage &#8220;Eichenbrunnen&#8221; die M\u00f6glichkeit, Obst und Gem\u00fcse anzupflanzen und die Natur dort intensiv zu erleben. Die Gemeinschaftsgrundschule Oedt hat sich im vergangenen Schuljahr mit ihrem Projekt &#8220;Wir werden Schule der Zukunft!&#8221; zum Ziel gesetzt, Natur- und Klimaschutz in das Schulprofil zu integrieren. In Zusammenarbeit mit dem NABU und der Gemeinde Grefrath ist die Schule als Netzwerkschule SDZ Niederrhein etabliert worden.<\/p>\n\n\n\n<p><strong>Preistr\u00e4ger &#8220;Unternehmen&#8221;<\/strong><br>Die Unternehmen Mars Confectionery Supply GmbH, die Bethanien Kinderd\u00f6rfer gGmbH und die ALDERS electronic GmbH haben als Klimapreis jeweils ein Preisgeld in H\u00f6he von 1.000 Euro erhalten. Auf dem Betriebsgel\u00e4nde der Mars Confectionery Supply GmbH wird die Energie- und Wassernutzung durch innovative W\u00e4rmer\u00fcckgewinnung optimiert. \u00a0Das Bethanien Kinder- und Jugenddorf in Schwalmtal hat sich intensive Gedanken dar\u00fcbergemacht, wie man W\u00e4rmegewinnung f\u00fcr das gesamte Kinderdorf zukunftsf\u00e4hig gestalten kann. Hierzu haben sie auch ein ganzheitliches Konzept erstellt. Die Alders electronic GmbH hat zur St\u00e4rkung der Biodiversit\u00e4t einen Staudengarten, Insektenhotels und die Ansiedlung von Bienenv\u00f6lkern auf dem Firmengel\u00e4nde initiiert.<\/p>\n\n\n\n<p><strong>&#8220;Vereins- und B\u00fcrgerpreis&#8221;<\/strong><br>In der Kategorie &#8220;Vereins- und B\u00fcrgerpreis&#8221; haben drei Repair Caf\u00e9s aus Br\u00fcggen, Grefrath und Viersen, die Initiative &#8220;Grefrath kann Klima&#8221; und die B\u00fcrgerSolarBeratung Viersen, Grefrath und Niederkr\u00fcchten einen Preis erhalten. Die drei Repair Caf\u00e9s haben jeweils ein Preisgeld in H\u00f6he von 500 Euro erhalten, die anderen Preistr\u00e4ger je 1.000 Euro. Mit dem Ziel &#8220;Reparieren statt wegwerfen&#8221; k\u00fcmmern sich Ehrenamtliche in den Repair Caf\u00e9s um mitgebrachte Gegenst\u00e4nde von Hilfesuchenden. Die B\u00fcrgerSolarBeratung hat in den Kommunen Viersen, Grefrath und Niederkr\u00fcchten unabh\u00e4ngige Initiativen hervorgebracht, die Hausbesitzende kostenfrei und neutral \u00fcber die Installation von Photovoltaikanlagen beraten. Die Arbeitsgruppe Landwirtschaft &amp; Ern\u00e4hrung der Initiative &#8220;Grefrath kann Klima&#8221; hat einen Hoftag auf dem Funkenhof in Grefrath organisiert. Die Veranstaltung hat Einblicke in klimafreundliche Ma\u00dfnahmen der Landwirtschaft, wie den Einsatz erneuerbarer Energien und nachhaltiger Anbaumethoden, geboten.<\/p>\n\n\n\n<p>Quelle: <a href=\"http:\/\/www.kreis-viersen.de\">Kreis Viersen<\/a><\/p>\n","protected":false},"excerpt":{"rendered":"<p>Kreis Viersen. K\u00fcrzlich hat der Kreis Viersen erstmalig den Klimapreis verliehen. Insgesamt wurden 12 Gewinnerinnen und Gewinner aus 46 eingegangenen Bewerbungen mit einer Urkunde und Preisgeld ausgezeichnet. Der Klimapreis richtet sich an Unternehmen, Vereine, Privatpersonen, Kitas und Schulen, die sich mit ihren Projekten im Bereich Klima- und Umweltschutz sowie Klimaanpassung engagieren. &#8220;Die Gewinnerinnen und Gewinner [&hellip;]<\/p>\n","protected":false},"author":3,"featured_media":0,"comment_status":"closed","ping_status":"closed","sticky":false,"template":"","format":"standard","meta":{"_et_pb_use_builder":"","_et_pb_old_content":"","_et_gb_content_width":"","footnotes":""},"categories":[1],"tags":[],"class_list":["post-5025","post","type-post","status-publish","format-standard","hentry","category-allgemein"],"_links":{"self":[{"href":"https:\/\/standort-niederrhein.de\/en\/wp-json\/wp\/v2\/posts\/5025","targetHints":{"allow":["GET"]}}],"collection":[{"href":"https:\/\/standort-niederrhein.de\/en\/wp-json\/wp\/v2\/posts"}],"about":[{"href":"https:\/\/standort-niederrhein.de\/en\/wp-json\/wp\/v2\/types\/post"}],"author":[{"embeddable":true,"href":"https:\/\/standort-niederrhein.de\/en\/wp-json\/wp\/v2\/users\/3"}],"replies":[{"embeddable":true,"href":"https:\/\/standort-niederrhein.de\/en\/wp-json\/wp\/v2\/comments?post=5025"}],"version-history":[{"count":1,"href":"https:\/\/standort-niederrhein.de\/en\/wp-json\/wp\/v2\/posts\/5025\/revisions"}],"predecessor-version":[{"id":5026,"href":"https:\/\/standort-niederrhein.de\/en\/wp-json\/wp\/v2\/posts\/5025\/revisions\/5026"}],"wp:attachment":[{"href":"https:\/\/standort-niederrhein.de\/en\/wp-json\/wp\/v2\/media?parent=5025"}],"wp:term":[{"taxonomy":"category","embeddable":true,"href":"https:\/\/standort-niederrhein.de\/en\/wp-json\/wp\/v2\/categories?post=5025"},{"taxonomy":"post_tag","embeddable":true,"href":"https:\/\/standort-niederrhein.de\/en\/wp-json\/wp\/v2\/tags?post=5025"}],"curies":[{"name":"wp","href":"https:\/\/api.w.org\/{rel}","templated":true}]}}