{"id":5014,"date":"2024-10-14T06:00:00","date_gmt":"2024-10-14T04:00:00","guid":{"rendered":"https:\/\/invest-in-niederrhein.de\/?p=5014"},"modified":"2024-10-11T08:06:36","modified_gmt":"2024-10-11T06:06:36","slug":"wohnbau-feiert-richtfest-fuer-mehrfamilienhaus-am-langer-weg","status":"publish","type":"post","link":"https:\/\/standort-niederrhein.de\/en\/2024\/10\/14\/wohnbau-feiert-richtfest-fuer-mehrfamilienhaus-am-langer-weg\/","title":{"rendered":"Wohnbau feiert Richtfest f\u00fcr Mehrfamilienhaus am Langer Weg"},"content":{"rendered":"\n<p><strong>M\u00f6nchengladbach. <\/strong>Die st\u00e4dtische WohnBau errichtet in L\u00fcrrip ein Mehrfamilienhaus mit 12 \u00f6ffentlich gef\u00f6rderten Wohnungen. K\u00fcrzlich wurde auf der Baustelle am Langer Weg 12 mit zahlreichen G\u00e4sten Richtfest gefeiert.<\/p>\n\n\n\n<p>Eingeladen hatten dazu die WohnBau Gesch\u00e4ftsf\u00fchrer Frank Meier und Christian Heinen gemeinsam mit Oberb\u00fcrgermeister Felix Heinrichs und dem Aufsichtsratsvorsitzenden Reinhold Schiffers. Zu den G\u00e4sten geh\u00f6rte unter anderem Alexander Rychter, Verbandsdirektor des Verbandes der Wohnungs- und Immobilienwirtschaft (VdW) Rheinland Westfalen.<\/p>\n\n\n\n<p>Wohnen ist ein wichtiger Baustein, wenn es um die Zukunftsf\u00e4higkeit von St\u00e4dten geht. Mit einer bedarfsgerechten und zielorientierten Planung soll in M\u00f6nchengladbach langfristig der Wohnraum geschaffen werden, der wirklich gebraucht wird. Der Neubau in L\u00fcrrip passt hervorragend zu diesem strategischen Ziel: Denn in dem dreigeschossigen Neubau am Langer Weg entstehen 12 moderne 2- und 3-Zimmerwohnungen zwischen 42 und 76 Quadratmetern Wohnfl\u00e4che. W\u00e4rmepumpe und PV-Anlage sorgen f\u00fcr klimafreundliche Energie und W\u00e4rme. Die Baukosten liegen bei 2,74 Millionen Euro, von denen 2,08 Millionen Euro aus F\u00f6rdermitteln des Landes NRW stammen. Das Mehrfamilienhaus am Langer Weg ist voraussichtlich im Sommer 2025 bezugsfertig.<\/p>\n\n\n\n<p>&#8220;Bezahlbarer und guter Wohnraum in unserer Stadt zu schaffen und zu erhalten: Das ist f\u00fcr uns eine Kernaufgabe, bei der wir als kommunales Unternehmen mit gutem Beispiel vorangehen wollen&#8221;, sagt WohnBau-Gesch\u00e4ftsf\u00fchrer Christian Heinen. Ein wichtiger Bestandteil moderner Baut\u00e4tigkeit ist die Einbindung erneuerbarer Energie: &#8220;Durch eine W\u00e4rmepumpe kombiniert mit einer PV-Anlage kommen wir unseren Zielen auf dem Klimapfad nach&#8221;, betont WohnBau-Gesch\u00e4ftsf\u00fchrer Frank Meier.<\/p>\n\n\n\n<p>&#8220;Die WohnBau M\u00f6nchengladbach ist ein wichtiger Partner in unserer Stadt&#8221;, best\u00e4tigt Oberb\u00fcrgermeister Felix Heinrichs: &#8220;Mit ihr k\u00f6nnen wir den Markt mitgestalten und selbst dringend ben\u00f6tigten \u00f6ffentlich gef\u00f6rderten Wohnraum schaffen.&#8221;<\/p>\n\n\n\n<p>&#8220;Mit bedarfsgerechter Baut\u00e4tigkeit und einer zielorientierten Planung kann so der Wohnraum zur Verf\u00fcgung gestellt werden, der langfristig gebraucht wird&#8221;, erg\u00e4nzt Aufsichtsratsvorsitzender Reinhold Schiffers.<\/p>\n\n\n\n<p>Zahlen zum Neubauprojekt am Langer Weg 12:<br>12 \u00f6ffentlich gef\u00f6rderte Wohneinheiten<br>2- und 3-Zimmer-Wohnungen<br>Wohnfl\u00e4chen 42-76 m\u00b2<br>Wohnfl\u00e4che: rd. 670 m\u00b2<br>Grundst\u00fcck: 1.094 m\u00b2<br>Geschosse: 3<br>7 PKW-Stellpl\u00e4tze<br>18 Fahrradstellpl\u00e4tze<br>W\u00e4rmepumpe und PV-Anlage<br>Baukosten (Kostengruppen 100-700): 2,74 Mio. \u20ac = 4.060, &#8211; \u20ac \/ m\u00b2 Wohnfl\u00e4che<br>F\u00f6rdermittel: 2,08 Mio. \u20ac<\/p>\n\n\n\n<p><strong>\u00dcber die WohnBau M\u00f6nchengladbach <\/strong><br>Seit 2020 firmieren die beiden st\u00e4dtischen Wohnungsunternehmen Kreisbau AG und GWSG mbH unter dem Dach der WohnBau, um aus einer Hand Wohnraum f\u00fcr alle B\u00fcrger*innen zu schaffen und zu erhalten. \u00dcber 4.500 Wohneinheiten mit rund 296.000 Quadratmetern Wohnfl\u00e4che werden gemeinsam bewirtschaftet, davon ca. 1.730 \u00f6ffentlich gef\u00f6rdert. Die WohnBau ist nicht nur im Segment Wohnungsbau t\u00e4tig, sondern unterst\u00fctzt die Stadt auch beim Bau von Kindertagesst\u00e4tten.<\/p>\n\n\n\n<p>Quelle: <a href=\"http:\/\/www.moenchengladbach.de\">Stadt M\u00f6nchengladbach<\/a><\/p>\n\n\n<figure class=\"wp-block-post-featured-image\"><img loading=\"lazy\" decoding=\"async\" width=\"400\" height=\"326\" src=\"https:\/\/standort-niederrhein.de\/wp-content\/uploads\/2024\/10\/287296V.jpg\" class=\"attachment-post-thumbnail size-post-thumbnail wp-post-image\" alt=\"\" style=\"object-fit:cover;\" srcset=\"https:\/\/standort-niederrhein.de\/wp-content\/uploads\/2024\/10\/287296V.jpg 400w, https:\/\/standort-niederrhein.de\/wp-content\/uploads\/2024\/10\/287296V-300x245.jpg 300w\" sizes=\"(max-width: 400px) 100vw, 400px\" \/><\/figure>\n\n\n<p>Beim Richtfest der WohnBau (v.l.): Christian Heinen, Felix Heinrichs, Frank Meier, Reinhold Schiffers und Alexander Rychter. | Foto: Stadt M\u00f6nchengladbach<\/p>\n","protected":false},"excerpt":{"rendered":"<p>M\u00f6nchengladbach. Die st\u00e4dtische WohnBau errichtet in L\u00fcrrip ein Mehrfamilienhaus mit 12 \u00f6ffentlich gef\u00f6rderten Wohnungen. K\u00fcrzlich wurde auf der Baustelle am Langer Weg 12 mit zahlreichen G\u00e4sten Richtfest gefeiert. Eingeladen hatten dazu die WohnBau Gesch\u00e4ftsf\u00fchrer Frank Meier und Christian Heinen gemeinsam mit Oberb\u00fcrgermeister Felix Heinrichs und dem Aufsichtsratsvorsitzenden Reinhold Schiffers. Zu den G\u00e4sten geh\u00f6rte unter anderem [&hellip;]<\/p>\n","protected":false},"author":3,"featured_media":5015,"comment_status":"closed","ping_status":"closed","sticky":false,"template":"","format":"standard","meta":{"_et_pb_use_builder":"","_et_pb_old_content":"","_et_gb_content_width":"","footnotes":""},"categories":[1],"tags":[],"class_list":["post-5014","post","type-post","status-publish","format-standard","has-post-thumbnail","hentry","category-allgemein"],"_links":{"self":[{"href":"https:\/\/standort-niederrhein.de\/en\/wp-json\/wp\/v2\/posts\/5014","targetHints":{"allow":["GET"]}}],"collection":[{"href":"https:\/\/standort-niederrhein.de\/en\/wp-json\/wp\/v2\/posts"}],"about":[{"href":"https:\/\/standort-niederrhein.de\/en\/wp-json\/wp\/v2\/types\/post"}],"author":[{"embeddable":true,"href":"https:\/\/standort-niederrhein.de\/en\/wp-json\/wp\/v2\/users\/3"}],"replies":[{"embeddable":true,"href":"https:\/\/standort-niederrhein.de\/en\/wp-json\/wp\/v2\/comments?post=5014"}],"version-history":[{"count":1,"href":"https:\/\/standort-niederrhein.de\/en\/wp-json\/wp\/v2\/posts\/5014\/revisions"}],"predecessor-version":[{"id":5016,"href":"https:\/\/standort-niederrhein.de\/en\/wp-json\/wp\/v2\/posts\/5014\/revisions\/5016"}],"wp:featuredmedia":[{"embeddable":true,"href":"https:\/\/standort-niederrhein.de\/en\/wp-json\/wp\/v2\/media\/5015"}],"wp:attachment":[{"href":"https:\/\/standort-niederrhein.de\/en\/wp-json\/wp\/v2\/media?parent=5014"}],"wp:term":[{"taxonomy":"category","embeddable":true,"href":"https:\/\/standort-niederrhein.de\/en\/wp-json\/wp\/v2\/categories?post=5014"},{"taxonomy":"post_tag","embeddable":true,"href":"https:\/\/standort-niederrhein.de\/en\/wp-json\/wp\/v2\/tags?post=5014"}],"curies":[{"name":"wp","href":"https:\/\/api.w.org\/{rel}","templated":true}]}}