{"id":5006,"date":"2024-10-16T06:00:00","date_gmt":"2024-10-16T04:00:00","guid":{"rendered":"https:\/\/invest-in-niederrhein.de\/?p=5006"},"modified":"2024-10-10T13:13:22","modified_gmt":"2024-10-10T11:13:22","slug":"der-niederrhein-muss-wirtschaftsfreundlicher-werden","status":"publish","type":"post","link":"https:\/\/standort-niederrhein.de\/en\/2024\/10\/16\/der-niederrhein-muss-wirtschaftsfreundlicher-werden\/","title":{"rendered":"\u201eDer Niederrhein muss wirtschaftsfreundlicher werden\u201c"},"content":{"rendered":"\n<p><strong>Mittlerer Niederrhein.<\/strong> Endlose Genehmigungsverfahren, unzureichende Erreichbarkeit der Verwaltung und lange Reaktionszeiten in den Rath\u00e4usern: Die Wirtschaftsfreundlichkeit in den Kommunen am Standort Mittlerer Niederrhein hat in den vergangenen drei Jahren deutlich nachgelassen. Das belegen die Umfragen der Industrie- und Handelskammer (IHK) Mittlerer Niederrhein. IHK-Hauptgesch\u00e4ftsf\u00fchrer J\u00fcrgen Steinmetz, m\u00f6chte die Situation nicht l\u00e4nger nur kritisch kommentieren, sondern auch verbessern. Deshalb ist die IHK Mittlerer Niederrhein nun Mitglied der G\u00fctegemeinschaft Mittelstandsorientierte Kommunalverwaltung. Steinmetz wurde in der j\u00fcngsten Sitzung auch in den Vorstand der G\u00fctegemeinschaft gew\u00e4hlt. Sein Ziel: Mehr Kommunen aus der Region Mittleren Niederrhein sollen dem Verein beitreten und k\u00fcnftig wesentlich wirtschaftsfreundlicher agieren.<\/p>\n\n\n\n<p>Die G\u00fctegemeinschaft Mittelstandsorientierte Kommunalverwaltung verleiht gem\u00e4\u00df ihrer Satzung das RAL-G\u00fctezeichen \u201eMittelstandsorientierte Kommunalverwaltung\u201c. Teilnehmende Verwaltungen verpflichten sich freiwillig, die festgelegten G\u00fcte- und Pr\u00fcfbestimmungen zu erf\u00fcllen und unterziehen sich einer strengen G\u00fcte\u00fcberwachung. \u201eEin entscheidendes Instrument f\u00fcr eine wirtschaftsfreundliche Kommunalverwaltung sind verl\u00e4ssliche Prozesse, die durch das bundesweite G\u00fctesiegel gew\u00e4hrleistet werden\u201c, erl\u00e4utert Steinmetz. \u201eMit unserer Mitgliedschaft und meiner T\u00e4tigkeit im Vorstand m\u00f6chte ich dieses Anliegen aktiv unterst\u00fctzen.\u201c<\/p>\n\n\n\n<p>Zu den G\u00fctekriterien des RAL-G\u00fctezeichens geh\u00f6ren unter anderem die Zuverl\u00e4ssigkeit und schnelle Bearbeitung von Bauantr\u00e4gen, die fristgerechte Bezahlung von Rechnungen und die rechtzeitige Genehmigung von Schwertransporten. Steinmetz hat sich das Ziel gesetzt, diese Kriterien weiterzuentwickeln: \u201eAls Industrie- und Handelskammer wissen wir, was unsere Mitglieder von einer wirtschaftsfreundlichen Kommunalverwaltung erwarten\u201c, betont er. \u201eGenauso wie sich die Unternehmen durch Innovationen und neue Technologien st\u00e4ndig weiterentwickeln, m\u00fcssen auch die Verwaltungen kontinuierlich an sich arbeiten und sich verbessern.\u201c<\/p>\n\n\n\n<p>Der IHK-Hauptgesch\u00e4ftsf\u00fchrer sieht aktuell einen g\u00fcnstigen Zeitpunkt f\u00fcr mehr Wirtschaftsfreundlichkeit in den Verwaltungen. \u201eAlle f\u00f6deralen Ebenen haben erkannt, dass die B\u00fcrokratie zu einer gro\u00dfen Belastung f\u00fcr die Unternehmen geworden ist. Ich bin optimistisch, dass es jetzt nicht nur bei blo\u00dfen Ank\u00fcndigungen bleibt, sondern auch konkrete Ma\u00dfnahmen ergriffen werden\u201c, so Steinmetz.<\/p>\n\n\n\n<p>Mit dem Beitritt zum Verein m\u00f6chte Steinmetz die Kommunen in der Region zum Mitmachen motivieren. Bisher hat sich lediglich die Kreisverwaltung des Rhein-Kreises Neuss entsprechend zertifizieren lassen. Die Stadt Krefeld ist dem Verein bereits vor zwei Jahren beigetreten, und in M\u00f6nchengladbach hat der Stadtrat den Beitritt beschlossen, jedoch noch nicht umgesetzt. \u201eWir sind im Austausch mit weiteren Kommunen aus der Region\u201c, so Steinmetz abschlie\u00dfend. \u201eIch w\u00fcrde mich freuen, wenn wir in zwei Jahren die Mehrheit der niederrheinischen Kommunen mit dem Siegel auszeichnen und auf der Immobilienmesse Expo Real mit dem Slogan \u201aWirtschaftsfreundlicher Niederrhein\u2018 werben k\u00f6nnten.\u201c<\/p>\n\n\n\n<p>Quelle: <a href=\"https:\/\/mittlerer-niederrhein.ihk.de\/de\/oeffentlichkeitsarbeit\/pressemitteilungen\/2024\/-der-niederrhein-muss-wirtschaftsfreundlicher-werden-.html\">IHK Mittlerer Niederrhein<\/a><\/p>\n","protected":false},"excerpt":{"rendered":"<p>Mittlerer Niederrhein. Endlose Genehmigungsverfahren, unzureichende Erreichbarkeit der Verwaltung und lange Reaktionszeiten in den Rath\u00e4usern: Die Wirtschaftsfreundlichkeit in den Kommunen am Standort Mittlerer Niederrhein hat in den vergangenen drei Jahren deutlich nachgelassen. Das belegen die Umfragen der Industrie- und Handelskammer (IHK) Mittlerer Niederrhein. IHK-Hauptgesch\u00e4ftsf\u00fchrer J\u00fcrgen Steinmetz, m\u00f6chte die Situation nicht l\u00e4nger nur kritisch kommentieren, sondern auch [&hellip;]<\/p>\n","protected":false},"author":3,"featured_media":0,"comment_status":"closed","ping_status":"closed","sticky":false,"template":"","format":"standard","meta":{"_et_pb_use_builder":"","_et_pb_old_content":"","_et_gb_content_width":"","footnotes":""},"categories":[1],"tags":[],"class_list":["post-5006","post","type-post","status-publish","format-standard","hentry","category-allgemein"],"_links":{"self":[{"href":"https:\/\/standort-niederrhein.de\/en\/wp-json\/wp\/v2\/posts\/5006","targetHints":{"allow":["GET"]}}],"collection":[{"href":"https:\/\/standort-niederrhein.de\/en\/wp-json\/wp\/v2\/posts"}],"about":[{"href":"https:\/\/standort-niederrhein.de\/en\/wp-json\/wp\/v2\/types\/post"}],"author":[{"embeddable":true,"href":"https:\/\/standort-niederrhein.de\/en\/wp-json\/wp\/v2\/users\/3"}],"replies":[{"embeddable":true,"href":"https:\/\/standort-niederrhein.de\/en\/wp-json\/wp\/v2\/comments?post=5006"}],"version-history":[{"count":1,"href":"https:\/\/standort-niederrhein.de\/en\/wp-json\/wp\/v2\/posts\/5006\/revisions"}],"predecessor-version":[{"id":5007,"href":"https:\/\/standort-niederrhein.de\/en\/wp-json\/wp\/v2\/posts\/5006\/revisions\/5007"}],"wp:attachment":[{"href":"https:\/\/standort-niederrhein.de\/en\/wp-json\/wp\/v2\/media?parent=5006"}],"wp:term":[{"taxonomy":"category","embeddable":true,"href":"https:\/\/standort-niederrhein.de\/en\/wp-json\/wp\/v2\/categories?post=5006"},{"taxonomy":"post_tag","embeddable":true,"href":"https:\/\/standort-niederrhein.de\/en\/wp-json\/wp\/v2\/tags?post=5006"}],"curies":[{"name":"wp","href":"https:\/\/api.w.org\/{rel}","templated":true}]}}