{"id":5003,"date":"2024-10-13T06:00:00","date_gmt":"2024-10-13T04:00:00","guid":{"rendered":"https:\/\/invest-in-niederrhein.de\/?p=5003"},"modified":"2024-10-10T13:11:51","modified_gmt":"2024-10-10T11:11:51","slug":"gruendungsreport-2024-der-ihk-mittlerer-niederrhein","status":"publish","type":"post","link":"https:\/\/standort-niederrhein.de\/en\/2024\/10\/13\/gruendungsreport-2024-der-ihk-mittlerer-niederrhein\/","title":{"rendered":"Gr\u00fcndungsreport 2024 der IHK Mittlerer Niederrhein"},"content":{"rendered":"\n<p><strong>Mittlerer Niederrhein. <\/strong>F\u00fcr viele Menschen ist es ein ganz besonderes Ereignis in ihrem Leben, und dabei wird nichts dem Zufall \u00fcberlassen: die Hochzeit. Rund um die Ausrichtung des \u201esch\u00f6nsten Tags im Leben\u201c bieten sich vielf\u00e4ltige M\u00f6glichkeiten f\u00fcr verschiedene Dienstleister. Das hat auch die Krefelderin Tanja Th\u00e4sler erkannt. Sie hat sich als freie Traurednerin selbstst\u00e4ndig gemacht. Sie bereitet f\u00fcr Paare individuelle Trauzeremonien vor und begleitet sie am Tag der Hochzeit. \u201eIch habe schon l\u00e4nger mit dem Gedanken gespielt, nebenberuflich selbstst\u00e4ndig zu werden\u201c, erz\u00e4hlt Th\u00e4sler. \u201eAls dann ein Wechsel in meinem Hauptjob bevorstand und mich parallel eine Freundin ansprach, ob ich mir nicht vorstellen k\u00f6nnte, ihre Traurede zu halten, war klar, dass der Moment zur Gr\u00fcndung gekommen war. Das war der Impuls, auf den ich gewartet hatte.\u201c<\/p>\n\n\n\n<p>Einem solchen Impuls sind erfreulicherweise im vergangenen Jahr in Krefeld wieder deutlich mehr Menschen gefolgt. 1.688 Menschen haben sich 2023 in Krefeld selbstst\u00e4ndig gemacht. Im gleichen Zeitraum haben auch 1.502 Unternehmerinnen oder Unternehmer ihre Firma aufgegeben. Zum Vergleich: Im Jahr 2022 waren es 1.288 Gr\u00fcndungen und 1.148 Aufgaben. Damit verzeichnet Krefeld ein Plus von 31,1 Prozent bei den Gr\u00fcndungen und ein Plus von 30,8 Prozent bei den Aufgaben. Im Saldo hat die Zahl der Unternehmen in Krefeld 2023 um 186 Unternehmen zugenommen. Das sind die wesentlichen Kennziffern des \u201eGr\u00fcndungsreport 2024 \u2013 Zahlen und Einsch\u00e4tzungen zum Gr\u00fcndungsgeschehen 2023 im IHK-Bezirk\u201c, den die Industrie- und Handelskammer (IHK) Mittlerer Niederrhein auf der Datenbasis des Landes NRW erarbeitet hat.<\/p>\n\n\n\n<p>Der positive Trend ist auch im IHK-Bezirk Mittlerer Niederrhein insgesamt festzustellen: Die Unternehmensgr\u00fcndungen lagen 2023 mit 9.837 im Vergleich zu 9.023 Gr\u00fcndungen um 9 Prozent \u00fcber dem Vorjahreswert. Die Zahl der Gesch\u00e4ftsaufgaben im IHK-Bezirk nahm ebenfalls zu: 8.009 Gewerbeabmeldungen im Jahr 2022 stehen 8.919 im vorherigen Jahr gegen\u00fcber (+11,4 Prozent). Im Saldo hat die Zahl der Unternehmen in der Region um 918 Firmen zugenommen.&nbsp;<\/p>\n\n\n\n<p>\u201eDas Plus an Gr\u00fcndungen in unserer Region ist sehr erfreulich\u201c, erkl\u00e4rt IHK-Hauptgesch\u00e4ftsf\u00fchrer J\u00fcrgen Steinmetz. \u201eDas zeigt, dass der Mittlere Niederrhein trotz vieler Unsicherheiten in der Wirtschaft derzeit attraktiv f\u00fcr Gr\u00fcnder ist und viele Chancen bietet.\u201c Steinmetz hofft, dass die angehenden Unternehmerinnen und Unternehmer angesichts der allgemein herausfordernden wirtschaftlichen Situation nicht den Mut verlieren und dass das Gr\u00fcndungsgeschehen weiter an Dynamik gewinnt. Die Gr\u00fcnderinnen und Gr\u00fcnder seien eine wichtige Bereicherung f\u00fcr die Wirtschaft, so der IHK-Hauptgesch\u00e4ftsf\u00fchrer: \u201eSie treiben Innovationen voran, schaffen Arbeitspl\u00e4tze und sorgen f\u00fcr Wertsch\u00f6pfung.\u201c<\/p>\n\n\n\n<p>Auch f\u00fcr Nordrhein-Westfalen sind die Zahlen erfreulich. W\u00e4hrend 2022 118.879 Neugr\u00fcndungen im Land verzeichnet werden konnten, waren es 2023 132.450 \u2013 ein Plus von 11,4 Prozent. Die Zahl der Betriebsaufgaben in NRW nahm ebenfalls zu: 2022 wurden noch 99.829 registriert, im Jahr darauf waren es 106.406.<\/p>\n\n\n\n<p>Die Gr\u00fcnderin Th\u00e4sler blickt optimistisch in die Zukunft und macht anderen Mut: Man solle an seine Gesch\u00e4ftsidee glauben und nicht alles zerdenken. Th\u00e4sler: \u201eNat\u00fcrlich ist jede Selbstst\u00e4ndigkeit mit Risiken verbunden, aber wenn die Gesch\u00e4ftsidee zukunftsf\u00e4hig ist, man mit Herzblut bei der Sache ist und dar\u00fcber hinaus noch Unterst\u00fctzende findet \u2013 etwa durch Familie und Freunde, Netzwerke oder Institutionen \u2013, dann wird man Erfolg haben.\u201c Ganz wichtig sei es, auch die kleinen Erfolge zu feiern \u2013 sei es die fertige Homepage, die erste offizielle Anfrage oder das ein oder andere \u201eLike\u201c unter dem Social-Media-Beitrag.<\/p>\n\n\n\n<p>Damit Gr\u00fcnderinnen und Gr\u00fcndern die Startphase so leicht wie m\u00f6glich gemacht wird und mehr Menschen den wichtigen Schritt in die Selbstst\u00e4ndigkeit wagen, fordert der IHK-Hauptgesch\u00e4ftsf\u00fchrer mehr Unterst\u00fctzung von der Politik. \u201eWir brauchen Rahmenbedingungen, die unternehmerisches Engagement f\u00f6rdern und nicht ausbremsen\u201c, so Steinmetz. \u201eWir fordern z\u00fcgige, digitale und unb\u00fcrokratische Gr\u00fcndungsprozesse, einen leichteren Zugang zu F\u00f6rdermitteln und steuerliche Vereinfachungen f\u00fcr Gr\u00fcnder und Kleinunternehmer. Wir brauchen weniger Regularien und mehr Wertsch\u00e4tzung f\u00fcr das Engagement und den Gr\u00fcndergeist von jungen Unternehmerinnen und Unternehmern.\u201c<\/p>\n\n\n\n<p>Die IHK unterst\u00fctzt angehende Existenzgr\u00fcnderinnen und -gr\u00fcnder. \u201eWir stehen ihnen mit unseren Dienstleistungen zur Seite, damit Fehler vermieden werden und aus einer Idee ein erfolgreiches Gesch\u00e4ftsmodell wird\u201c, sagt Stephanie Efertz, Beraterin Existenzgr\u00fcndung und Unternehmensf\u00f6rderung der IHK. \u201eDer Schritt in die Selbstst\u00e4ndigkeit sollte gut vorbereitet werden, dazu kann auch die IHK mit ihrem Service- und Netzwerk-Angebot beitragen.\u201c<\/p>\n\n\n\n<p>Das hat auch Tanja Th\u00e4sler erkannt. \u201eUnmittelbar nach der Gr\u00fcndung erhielt ich eine Einladung der IHK zum Netzwerk-Event First Date\u201c, erz\u00e4hlt sie. Der Austausch dabei mit anderen Gr\u00fcndern und den IHK-Experten war f\u00fcr Th\u00e4sler hilfreich: \u201eDie IHK werde ich vermutlich demn\u00e4chst wieder kontaktieren, da schon die n\u00e4chste Gr\u00fcndungsidee im Raum steht.\u201c<\/p>\n\n\n\n<p>Angehenden Unternehmerinnen und Unternehmern steht Existenzgr\u00fcndungsberaterin Stephanie Efertz unter Tel. 02161 241-120&nbsp;oder E-Mail:&nbsp;<a href=\"mailto:stephanie.efertz@mittlerer-niederrhein.ihk.de\">stephanie.efertz@mittlerer-niederrhein.ihk.de<\/a>&nbsp;zur Verf\u00fcgung.<\/p>\n\n\n\n<p>Der Gr\u00fcndungsreport 2023\/2024 ist als Download-Datei auf der Website der IHK ver\u00f6ffentlicht:&nbsp;<a href=\"https:\/\/www.mittlerer-niederrhein.ihk.de\/30756\">www.mittlerer-niederrhein.ihk.de\/30756<\/a><\/p>\n\n\n\n<p>Quelle: <a href=\"https:\/\/mittlerer-niederrhein.ihk.de\/de\/oeffentlichkeitsarbeit\/pressemitteilungen\/2024\/gruendungsreport-2024-der-ihk-mittlerer-niederrhein.html\">IHK Mittlerer Niederrhein<\/a><\/p>\n\n\n<figure class=\"wp-block-post-featured-image\"><img loading=\"lazy\" decoding=\"async\" width=\"987\" height=\"392\" src=\"https:\/\/standort-niederrhein.de\/wp-content\/uploads\/2024\/10\/pm223_gruendungsreport_2024_krefeld-artikel2.jpg\" class=\"attachment-post-thumbnail size-post-thumbnail wp-post-image\" alt=\"\" style=\"object-fit:cover;\" srcset=\"https:\/\/standort-niederrhein.de\/wp-content\/uploads\/2024\/10\/pm223_gruendungsreport_2024_krefeld-artikel2.jpg 987w, https:\/\/standort-niederrhein.de\/wp-content\/uploads\/2024\/10\/pm223_gruendungsreport_2024_krefeld-artikel2-980x389.jpg 980w, https:\/\/standort-niederrhein.de\/wp-content\/uploads\/2024\/10\/pm223_gruendungsreport_2024_krefeld-artikel2-480x191.jpg 480w\" sizes=\"(min-width: 0px) and (max-width: 480px) 480px, (min-width: 481px) and (max-width: 980px) 980px, (min-width: 981px) 987px, 100vw\" \/><\/figure>\n\n\n<p>Sie stellten den Gr\u00fcndungsreport vor (v.l.): IHK-Hauptgesch\u00e4ftsf\u00fchrer J\u00fcrgen Steinmetz, Gr\u00fcnderin Tanja Th\u00e4sler und Existenzgr\u00fcndungsberaterin Stephanie Efertz.\u00a0| Foto: IHK Mittlerer Niederrhein<\/p>\n","protected":false},"excerpt":{"rendered":"<p>Mittlerer Niederrhein. F\u00fcr viele Menschen ist es ein ganz besonderes Ereignis in ihrem Leben, und dabei wird nichts dem Zufall \u00fcberlassen: die Hochzeit. Rund um die Ausrichtung des \u201esch\u00f6nsten Tags im Leben\u201c bieten sich vielf\u00e4ltige M\u00f6glichkeiten f\u00fcr verschiedene Dienstleister. Das hat auch die Krefelderin Tanja Th\u00e4sler erkannt. Sie hat sich als freie Traurednerin selbstst\u00e4ndig gemacht. [&hellip;]<\/p>\n","protected":false},"author":3,"featured_media":5004,"comment_status":"closed","ping_status":"closed","sticky":false,"template":"","format":"standard","meta":{"_et_pb_use_builder":"","_et_pb_old_content":"","_et_gb_content_width":"","footnotes":""},"categories":[1],"tags":[],"class_list":["post-5003","post","type-post","status-publish","format-standard","has-post-thumbnail","hentry","category-allgemein"],"_links":{"self":[{"href":"https:\/\/standort-niederrhein.de\/en\/wp-json\/wp\/v2\/posts\/5003","targetHints":{"allow":["GET"]}}],"collection":[{"href":"https:\/\/standort-niederrhein.de\/en\/wp-json\/wp\/v2\/posts"}],"about":[{"href":"https:\/\/standort-niederrhein.de\/en\/wp-json\/wp\/v2\/types\/post"}],"author":[{"embeddable":true,"href":"https:\/\/standort-niederrhein.de\/en\/wp-json\/wp\/v2\/users\/3"}],"replies":[{"embeddable":true,"href":"https:\/\/standort-niederrhein.de\/en\/wp-json\/wp\/v2\/comments?post=5003"}],"version-history":[{"count":1,"href":"https:\/\/standort-niederrhein.de\/en\/wp-json\/wp\/v2\/posts\/5003\/revisions"}],"predecessor-version":[{"id":5005,"href":"https:\/\/standort-niederrhein.de\/en\/wp-json\/wp\/v2\/posts\/5003\/revisions\/5005"}],"wp:featuredmedia":[{"embeddable":true,"href":"https:\/\/standort-niederrhein.de\/en\/wp-json\/wp\/v2\/media\/5004"}],"wp:attachment":[{"href":"https:\/\/standort-niederrhein.de\/en\/wp-json\/wp\/v2\/media?parent=5003"}],"wp:term":[{"taxonomy":"category","embeddable":true,"href":"https:\/\/standort-niederrhein.de\/en\/wp-json\/wp\/v2\/categories?post=5003"},{"taxonomy":"post_tag","embeddable":true,"href":"https:\/\/standort-niederrhein.de\/en\/wp-json\/wp\/v2\/tags?post=5003"}],"curies":[{"name":"wp","href":"https:\/\/api.w.org\/{rel}","templated":true}]}}