{"id":4993,"date":"2024-10-12T06:00:00","date_gmt":"2024-10-12T04:00:00","guid":{"rendered":"https:\/\/invest-in-niederrhein.de\/?p=4993"},"modified":"2024-10-08T13:57:09","modified_gmt":"2024-10-08T11:57:09","slug":"kreis-viersen-fuer-zwei-jahre-spitzenleistung-beim-einsatz-von-recyclingpapier-geehrt","status":"publish","type":"post","link":"https:\/\/standort-niederrhein.de\/en\/2024\/10\/12\/kreis-viersen-fuer-zwei-jahre-spitzenleistung-beim-einsatz-von-recyclingpapier-geehrt\/","title":{"rendered":"Kreis Viersen f\u00fcr zwei Jahre Spitzenleistung beim Einsatz von Recyclingpapier geehrt"},"content":{"rendered":"\n<p><strong>Kreis Viersen.<\/strong> Im Rahmen des Papieratlas 2024 erh\u00e4lt der Kreis Viersen f\u00fcr sein herausragendes Engagement bei der Verwendung von Recyclingpapier mit dem Blauen Engel eine W\u00fcrdigung als &#8220;Mehrfachsieger&#8221;. Seit zwei Jahren bringt der Kreis Viersen Bestleistungen im Papieratlas-Landkreiswettbewerb der Initiative Pro Recyclingpapier (IPR). In diesem Jahr beteiligten sich insgesamt 91 Landkreise mit einer durchschnittlichen Recyclingpapierquote von 85 Prozent.<\/p>\n\n\n\n<p>Der Kreis Viersen nutzt in der Verwaltung, den Schulen und der Hausdruckerei konsequent zu 100 Prozent Blauer-Engel-Papier und erreicht damit eine Gesamtrecyclingpapierquote von 100 Prozent. \u00dcber die zwei Jahre hinweg hat der Kreis Viersen durch die Verwendung von Recyclingpapier beeindruckende 2,9 Millionen Liter Wasser und 670.000 Kilowattstunden Energie eingespart. Diese Wassereinsparung entspricht dem t\u00e4glichen Bedarf von \u00fcber 24.000 Menschen. Die eingesparte Energie k\u00f6nnte den j\u00e4hrlichen Strombedarf von 192 Drei-Personen-Haushalten decken.<\/p>\n\n\n\n<p>Marc Gebauer, Sprecher der IPR, w\u00fcrdigt das Engagement: &#8220;Der Kreis Viersen ist seit zwei Jahren Vorreiter bei der Nutzung von Recyclingpapier mit dem Blauen Engel und erzielt damit kontinuierlich messbare \u00f6kologische Einspareffekte. Indem der Kreis Viersen seine nachhaltige Papierbeschaffung im Papieratlas transparent macht, regt er auch andere Kommunen zur Nachahmung an.&#8221;<\/p>\n\n\n\n<p>&#8220;Die konsequente Nutzung von Recyclingpapier in unserem Haus ist ein wichtiger Beitrag zum Klimaschutz, der sich mittlerweile ganz selbstverst\u00e4ndlich in unseren Arbeitsalltag integriert hat&#8221;, sagt Landrat Dr. Andreas Coenen.<\/p>\n\n\n\n<p>Der Papieratlas dokumentiert seit 2008 j\u00e4hrlich den Papierverbrauch und die Recyclingpapierquoten in deutschen St\u00e4dten, seit 2016 auch in Hochschulen und seit 2018 in Landkreisen. Kooperationspartner sind das Bundesumweltministerium, das Umweltbundesamt, der Deutsche St\u00e4dtetag, der Deutsche St\u00e4dte- und Gemeindebund, der Deutsche Landkreistag sowie der Deutsche Hochschulverband. In diesem Jahr erreicht der Papieratlas gesteigerte Recyclingpapierquoten und eine neue Rekordbeteiligung von 244 Kommunen und Hochschulen.<\/p>\n\n\n\n<p>Alle Ergebnisse stehen unter <a href=\"http:\/\/www.papieratlas.de\">www.papieratlas.de<\/a> zum Download zur Verf\u00fcgung.&nbsp;<\/p>\n\n\n\n<p>Quelle: <a href=\"http:\/\/www.kreis-viersen.de\">Kreis Viersen<\/a><\/p>\n","protected":false},"excerpt":{"rendered":"<p>Kreis Viersen. Im Rahmen des Papieratlas 2024 erh\u00e4lt der Kreis Viersen f\u00fcr sein herausragendes Engagement bei der Verwendung von Recyclingpapier mit dem Blauen Engel eine W\u00fcrdigung als &#8220;Mehrfachsieger&#8221;. Seit zwei Jahren bringt der Kreis Viersen Bestleistungen im Papieratlas-Landkreiswettbewerb der Initiative Pro Recyclingpapier (IPR). In diesem Jahr beteiligten sich insgesamt 91 Landkreise mit einer durchschnittlichen Recyclingpapierquote [&hellip;]<\/p>\n","protected":false},"author":3,"featured_media":0,"comment_status":"closed","ping_status":"closed","sticky":false,"template":"","format":"standard","meta":{"_et_pb_use_builder":"","_et_pb_old_content":"","_et_gb_content_width":"","footnotes":""},"categories":[1],"tags":[],"class_list":["post-4993","post","type-post","status-publish","format-standard","hentry","category-allgemein"],"_links":{"self":[{"href":"https:\/\/standort-niederrhein.de\/en\/wp-json\/wp\/v2\/posts\/4993","targetHints":{"allow":["GET"]}}],"collection":[{"href":"https:\/\/standort-niederrhein.de\/en\/wp-json\/wp\/v2\/posts"}],"about":[{"href":"https:\/\/standort-niederrhein.de\/en\/wp-json\/wp\/v2\/types\/post"}],"author":[{"embeddable":true,"href":"https:\/\/standort-niederrhein.de\/en\/wp-json\/wp\/v2\/users\/3"}],"replies":[{"embeddable":true,"href":"https:\/\/standort-niederrhein.de\/en\/wp-json\/wp\/v2\/comments?post=4993"}],"version-history":[{"count":1,"href":"https:\/\/standort-niederrhein.de\/en\/wp-json\/wp\/v2\/posts\/4993\/revisions"}],"predecessor-version":[{"id":4994,"href":"https:\/\/standort-niederrhein.de\/en\/wp-json\/wp\/v2\/posts\/4993\/revisions\/4994"}],"wp:attachment":[{"href":"https:\/\/standort-niederrhein.de\/en\/wp-json\/wp\/v2\/media?parent=4993"}],"wp:term":[{"taxonomy":"category","embeddable":true,"href":"https:\/\/standort-niederrhein.de\/en\/wp-json\/wp\/v2\/categories?post=4993"},{"taxonomy":"post_tag","embeddable":true,"href":"https:\/\/standort-niederrhein.de\/en\/wp-json\/wp\/v2\/tags?post=4993"}],"curies":[{"name":"wp","href":"https:\/\/api.w.org\/{rel}","templated":true}]}}