{"id":4990,"date":"2024-10-11T06:00:00","date_gmt":"2024-10-11T04:00:00","guid":{"rendered":"https:\/\/invest-in-niederrhein.de\/?p=4990"},"modified":"2024-10-08T10:56:10","modified_gmt":"2024-10-08T08:56:10","slug":"staedtisches-foerderprogramm-sorgt-fuer-viele-neue-geschaefte-in-krefeld","status":"publish","type":"post","link":"https:\/\/standort-niederrhein.de\/en\/2024\/10\/11\/staedtisches-foerderprogramm-sorgt-fuer-viele-neue-geschaefte-in-krefeld\/","title":{"rendered":"St\u00e4dtisches F\u00f6rderprogramm sorgt f\u00fcr viele neue Gesch\u00e4fte in Krefeld"},"content":{"rendered":"\n<p><strong>Krefeld.<\/strong> Das Programm \u201ePlatz f\u00fcr Deine Visionen\u201c zeigt in der Krefelder Innenstadt weiter Wirkung. Mehrere Ladenlokale sind inzwischen durch dieses F\u00f6rderprogramm erfolgreich vermietet worden oder er\u00f6ffnen in K\u00fcrze. Die Stadt Krefeld bringt mithilfe dieses Programms Existenzgr\u00fcnder und Selbstst\u00e4ndige, die sich in der Innenstadt niederlassen m\u00f6chten, mit Eigent\u00fcmern von Innenstadt-Immobilien zusammen. \u201ePlatz f\u00fcr Deine Visionen\u201c basiert auf dem \u201eSofortprogramm zur St\u00e4rkung unserer Innenst\u00e4dte und Zentren in Nordrhein Westfalen\u201c, das vom Land NRW aufgelegt wurde.<\/p>\n\n\n\n<p>Mithilfe des F\u00f6rderprogramms wird in K\u00fcrze der Krefelder Julian Mahlberg, Gesch\u00e4ftsf\u00fchrer von \u201eGockels Food\u201c, eine Gesch\u00e4ftsidee realisieren. Mitten in der Krefelder Innenstadt wird er k\u00fcnftig die Gockels Genussmanufaktur betreiben. Zur Schl\u00fcssel\u00fcbergabe traf er sich jetzt mit Christian D\u00f6rner, Eigent\u00fcmervertreter der Immobilie Rheinstra\u00dfe 112, sowie Christiane Gabbert von der st\u00e4dtischen Stabsstelle Innenstadtkoordination. In Julian Mahlbergs Gesch\u00e4ft wird es k\u00fcnftig handgemachte Gew\u00fcrze sowie weitere Feinkostprodukte geben, die von ihm nun auch in seinem ersten Gesch\u00e4ft in Krefeld vertrieben werden. Damit ist Mahlberg offiziell Untermieter der Stadt Krefeld, die das Ladenlokal wiederum im Rahmen des \u201eSofortprogramms zur St\u00e4rkung unserer Innenst\u00e4dte und Zentren in Nordrhein Westfalen\u201c von dem Eigent\u00fcmer anmietet. Die Er\u00f6ffnung ist im Verlaufe des Novembers geplant.<\/p>\n\n\n\n<p>\u00dcber das F\u00f6rderprogramm des Landes Nordrhein-Westfalen konnten seit Fr\u00fchjahr dieses Jahres gleich mehrere leerstehende Ladenlokale erfolgreich vermietet werden. Dazu geh\u00f6ren der Second-Hand- Laden \u201eSlickvintage\u201c an der Angerhausen Stra\u00dfe 17 sowie das Cafe K\u00f6nig an der Rheinstra\u00dfe 105. Noch in diesem Jahr werden voraussichtlich \u00fcber das F\u00f6rderprogramm weitere interessante Nutzungen die Innenstadt beleben: ein \u201eKR Concept Store\u201c mit angebundenem Caf\u00e9 an der Stephanstra\u00dfe 41, ein Gesch\u00e4ft f\u00fcr handgemachte Baby-Mode sowie eine Fotogalerie. Aktuell laufen noch weitere Bewerbungsverfahren. Es gibt aber auch noch ausreichende F\u00f6rdermittel, weitere Bewerbungen sind m\u00f6glich.<\/p>\n\n\n\n<p>\u00dcber \u201ePlatz f\u00fcr deine Visionen\u201c mietet die Stadt f\u00fcr maximal 24 Monate Ladenlokale zu verg\u00fcnstigten Mieten an und gibt diese an Interessenten mit spannenden Konzepten weiter. W\u00e4hrend Gr\u00fcnder und Selbstst\u00e4ndige \u00fcber die verg\u00fcnstigen Konditionen die Chance haben, ihre Ideen zu verwirklichen, in der Innenstadt auszuprobieren und Fu\u00df zu fassen, bietet sich Eigent\u00fcmern die M\u00f6glichkeit, ihre Ladenlokale durch eine m\u00f6gliche Anschlussnutzung dauerhaft zu vermieten und Leerstand fr\u00fchzeitig vorzubeugen.<\/p>\n\n\n\n<p>Bereits im vergangenen F\u00f6rderzeitraum sind auf diesem Weg dauerhafte Nutzungen entstanden. Die Sprachschule \u201eLearnSpace\u201c, die erstmalig auf der Breitestra\u00dfe eingezogen war, konnte beispielsweise inzwischen die zweite Dependance auf dem Ostwall er\u00f6ffnen. Das F\u00f6rderprogramm gab Inhaberin Samia Touati den letzten Anschub, ihr Sprachinstitut mit zus\u00e4tzlichem Nachhilfe-Angebot zu er\u00f6ffnen. Auch Ursula Blersch hat mit ihrer Modemanufaktur \u201eWeltgewandt\u201c auf der K\u00f6nigstra\u00dfe zuletzt einen Folgemietvertrag unterschrieben. Der Vermieter ist ihr nach Ablauf des zweij\u00e4hrigen F\u00f6rderprogramms mit der Miete entgegengekommen und erm\u00f6glicht ihr auf diesem Weg, die besondere Boutique am gleichen Standort weiterzuf\u00fchren.<\/p>\n\n\n\n<p>Eigent\u00fcmer mit leerstehenden Ladenlokalen oder anstehenden Leerst\u00e4nden sind eingeladen, sich bei der Stabsstelle Innenstadt zu melden. Voraussetzung zur Teilnahme an dem F\u00f6rderprogramm ist die Bereitschaft, das Ladenlokal zu einer im Vergleich zur letzten Netto-Kaltmiete um 30 Prozent reduzierten Miete an die Kommune weiter zu vermieten. Die Stadt als Mieter f\u00fcr zwei Jahre vermittelt geeignete Untermieter mit dem Ziel, dass nach der zweij\u00e4hrigen Laufzeit ein weiterf\u00fchrendes Mietverh\u00e4ltnis ohne die Stadt entsteht. Neben der Mietunterst\u00fctzung sind au\u00dferdem 50 Prozent der nachgewiesenen Umbaukosten des Eigent\u00fcmers f\u00f6rderf\u00e4hig.<\/p>\n\n\n\n<p>Selbstst\u00e4ndige und Existenzgr\u00fcnder, die sich mit einer Idee in der Innenstadt selbstst\u00e4ndig machen m\u00f6chten, k\u00f6nnen sich bei der Stabsstelle Innenstadt melden. Anschlie\u00dfend nimmt die Stabsstelle Innenstadt Kontakt auf und bespricht das weitere Vorgehen. Der Kontakt ist in der Stabsstelle Innenstadtkoordination \u00fcber Christiane Gabbert unter Telefon 0 21 51 \/ 86 10 57 sowie per E-Mail an innenstadt@krefeld.de m\u00f6glich. <\/p>\n\n\n\n<p>Quelle: <a href=\"http:\/\/www.krefeld.de\">Stadt Krefeld<\/a><\/p>\n\n\n<figure class=\"wp-block-post-featured-image\"><img loading=\"lazy\" decoding=\"async\" width=\"1200\" height=\"675\" src=\"https:\/\/standort-niederrhein.de\/wp-content\/uploads\/2024\/10\/gockels-ladenlokal-rheinstr-1200.jpg\" class=\"attachment-post-thumbnail size-post-thumbnail wp-post-image\" alt=\"\" style=\"object-fit:cover;\" srcset=\"https:\/\/standort-niederrhein.de\/wp-content\/uploads\/2024\/10\/gockels-ladenlokal-rheinstr-1200.jpg 1200w, https:\/\/standort-niederrhein.de\/wp-content\/uploads\/2024\/10\/gockels-ladenlokal-rheinstr-1200-980x551.jpg 980w, https:\/\/standort-niederrhein.de\/wp-content\/uploads\/2024\/10\/gockels-ladenlokal-rheinstr-1200-480x270.jpg 480w\" sizes=\"(min-width: 0px) and (max-width: 480px) 480px, (min-width: 481px) and (max-width: 980px) 980px, (min-width: 981px) 1200px, 100vw\" \/><\/figure>\n\n\n<p>Der Eigent\u00fcmervertreter des Ladenlokals Rheinstra\u00dfe 112, Christian D\u00f6rner (l.) und Innenstadtkoordinatorin Christiane Gabbert \u00fcbergeben den Ladenschl\u00fcssel an den neuen Mieter, Julian Mahlberg, der hier demn\u00e4chst mit seiner &#8220;Gockels Genussmanufaktur&#8221; einziehen will. | Foto: Stadt Krefeld, Presse und Kommunikation, A. Bischof<\/p>\n","protected":false},"excerpt":{"rendered":"<p>Krefeld. Das Programm \u201ePlatz f\u00fcr Deine Visionen\u201c zeigt in der Krefelder Innenstadt weiter Wirkung. Mehrere Ladenlokale sind inzwischen durch dieses F\u00f6rderprogramm erfolgreich vermietet worden oder er\u00f6ffnen in K\u00fcrze. Die Stadt Krefeld bringt mithilfe dieses Programms Existenzgr\u00fcnder und Selbstst\u00e4ndige, die sich in der Innenstadt niederlassen m\u00f6chten, mit Eigent\u00fcmern von Innenstadt-Immobilien zusammen. \u201ePlatz f\u00fcr Deine Visionen\u201c basiert [&hellip;]<\/p>\n","protected":false},"author":3,"featured_media":4991,"comment_status":"closed","ping_status":"closed","sticky":false,"template":"","format":"standard","meta":{"_et_pb_use_builder":"","_et_pb_old_content":"","_et_gb_content_width":"","footnotes":""},"categories":[1],"tags":[],"class_list":["post-4990","post","type-post","status-publish","format-standard","has-post-thumbnail","hentry","category-allgemein"],"_links":{"self":[{"href":"https:\/\/standort-niederrhein.de\/en\/wp-json\/wp\/v2\/posts\/4990","targetHints":{"allow":["GET"]}}],"collection":[{"href":"https:\/\/standort-niederrhein.de\/en\/wp-json\/wp\/v2\/posts"}],"about":[{"href":"https:\/\/standort-niederrhein.de\/en\/wp-json\/wp\/v2\/types\/post"}],"author":[{"embeddable":true,"href":"https:\/\/standort-niederrhein.de\/en\/wp-json\/wp\/v2\/users\/3"}],"replies":[{"embeddable":true,"href":"https:\/\/standort-niederrhein.de\/en\/wp-json\/wp\/v2\/comments?post=4990"}],"version-history":[{"count":1,"href":"https:\/\/standort-niederrhein.de\/en\/wp-json\/wp\/v2\/posts\/4990\/revisions"}],"predecessor-version":[{"id":4992,"href":"https:\/\/standort-niederrhein.de\/en\/wp-json\/wp\/v2\/posts\/4990\/revisions\/4992"}],"wp:featuredmedia":[{"embeddable":true,"href":"https:\/\/standort-niederrhein.de\/en\/wp-json\/wp\/v2\/media\/4991"}],"wp:attachment":[{"href":"https:\/\/standort-niederrhein.de\/en\/wp-json\/wp\/v2\/media?parent=4990"}],"wp:term":[{"taxonomy":"category","embeddable":true,"href":"https:\/\/standort-niederrhein.de\/en\/wp-json\/wp\/v2\/categories?post=4990"},{"taxonomy":"post_tag","embeddable":true,"href":"https:\/\/standort-niederrhein.de\/en\/wp-json\/wp\/v2\/tags?post=4990"}],"curies":[{"name":"wp","href":"https:\/\/api.w.org\/{rel}","templated":true}]}}