{"id":4982,"date":"2024-10-07T06:00:00","date_gmt":"2024-10-07T04:00:00","guid":{"rendered":"https:\/\/invest-in-niederrhein.de\/?p=4982"},"modified":"2024-10-07T13:25:59","modified_gmt":"2024-10-07T11:25:59","slug":"politik-beschliesst-verlagerung-der-vhs-in-ehemaligen-kaufhof","status":"publish","type":"post","link":"https:\/\/standort-niederrhein.de\/en\/2024\/10\/07\/politik-beschliesst-verlagerung-der-vhs-in-ehemaligen-kaufhof\/","title":{"rendered":"Politik beschlie\u00dft Verlagerung der VHS in ehemaligen Kaufhof"},"content":{"rendered":"\n<p><strong>Krefeld. <\/strong>Einstimmig hat die Politik in einer Sondersitzung des Hauptausschusses der Verlagerung der Volkshochschule (VHS) ins ehemalige Kaufhof-Geb\u00e4ude zugestimmt. Die Stadt soll mit dem privaten Projektentwickler, der die Immobilie zun\u00e4chst erwerben und dann bedarfsgerecht umbauen will, einen Mietvertrag \u00fcber 25 Jahre schlie\u00dfen. Die vermietete Fl\u00e4che von rund 6300 Quadratmetern soll nach der Sanierung bis sp\u00e4testens 2028 schl\u00fcsselfertig an die Stadt Krefeld \u00fcbergeben werden. Das aktuelle Hauptgeb\u00e4ude der VHS am Von-der-Leyen-Platz gilt als dringend sanierungsbed\u00fcrftig.<\/p>\n\n\n\n<p>Die Stadt Krefeld will mit der Volkshochschule als einem wichtigen Ankermieter des Objekts am Neumarkt ma\u00dfgeblich zur Belebung der Innenstadt beitragen. Im Januar dieses Jahres war der Kaufhof komplett leergezogen worden. Der k\u00fcnftige Eigent\u00fcmer plant nun neben dem Standort f\u00fcr die Volkshochschule eine Mischnutzung aus Handelsfl\u00e4chen, Gastronomie und Wohneinheiten. Ein Ratsbeschluss im Februar hatte die Verwaltung mit einem Verhandlungsmandat f\u00fcr die Verlagerung der Volkshochschule ausgestattet. Aus zwei Optionen war im August der Umzug ins ehemalige Kaufhof-Geb\u00e4ude favorisiert worden.<\/p>\n\n\n\n<p>Das vorl\u00e4ufige Nachnutzungskonzept sieht vor, dass die Volkshochschule k\u00fcnftig gr\u00f6\u00dftenteils das erste Obergeschoss beziehen soll. Die dortige Fl\u00e4che bietet ausreichend Platz f\u00fcr Seminar-, Fitness- und Verwaltungsr\u00e4ume. Im Erdgeschoss ist neben dem Eingangsbereich eine Lehrk\u00fcche f\u00fcr die besonders eintr\u00e4glichen Kochkurse der VHS geplant. Au\u00dferdem ist dort ein Konferenzraum vorgesehen, in dem k\u00fcnftig neben Seminaren auch repr\u00e4sentative Veranstaltungen stattfinden k\u00f6nnen. Vom zweiten bis ins vierte Obergeschoss plant der Projektentwickler Wohnraum mit dem Fokus auf Studenten, Auszubildende und Fachkr\u00e4fte. Mehrere Gastronomie- und Handelsfl\u00e4chen k\u00f6nnten im Erdgeschoss entstehen.<\/p>\n\n\n\n<p>Neu hinzu kommen au\u00dferdem zwei viereckige Lichth\u00f6fe, die sich bis ins erste Obergeschoss erstrecken und der Volkshochschule zwei begr\u00fcnte Atrien erm\u00f6glichen. J\u00e4hrlich besuchen knapp 23.000 Menschen die Kurse und Veranstaltungen der VHS, die \u00fcber 400 freiberufliche Dozierende und 40 festangestellte Mitarbeitende besch\u00e4ftigt.<\/p>\n\n\n\n<p>Quelle: <a href=\"http:\/\/www.krefeld.de\">Stadt Krefeld<\/a><\/p>\n","protected":false},"excerpt":{"rendered":"<p>Krefeld. Einstimmig hat die Politik in einer Sondersitzung des Hauptausschusses der Verlagerung der Volkshochschule (VHS) ins ehemalige Kaufhof-Geb\u00e4ude zugestimmt. Die Stadt soll mit dem privaten Projektentwickler, der die Immobilie zun\u00e4chst erwerben und dann bedarfsgerecht umbauen will, einen Mietvertrag \u00fcber 25 Jahre schlie\u00dfen. Die vermietete Fl\u00e4che von rund 6300 Quadratmetern soll nach der Sanierung bis sp\u00e4testens [&hellip;]<\/p>\n","protected":false},"author":3,"featured_media":0,"comment_status":"closed","ping_status":"closed","sticky":false,"template":"","format":"standard","meta":{"_et_pb_use_builder":"","_et_pb_old_content":"","_et_gb_content_width":"","footnotes":""},"categories":[1],"tags":[],"class_list":["post-4982","post","type-post","status-publish","format-standard","hentry","category-allgemein"],"_links":{"self":[{"href":"https:\/\/standort-niederrhein.de\/en\/wp-json\/wp\/v2\/posts\/4982","targetHints":{"allow":["GET"]}}],"collection":[{"href":"https:\/\/standort-niederrhein.de\/en\/wp-json\/wp\/v2\/posts"}],"about":[{"href":"https:\/\/standort-niederrhein.de\/en\/wp-json\/wp\/v2\/types\/post"}],"author":[{"embeddable":true,"href":"https:\/\/standort-niederrhein.de\/en\/wp-json\/wp\/v2\/users\/3"}],"replies":[{"embeddable":true,"href":"https:\/\/standort-niederrhein.de\/en\/wp-json\/wp\/v2\/comments?post=4982"}],"version-history":[{"count":1,"href":"https:\/\/standort-niederrhein.de\/en\/wp-json\/wp\/v2\/posts\/4982\/revisions"}],"predecessor-version":[{"id":4983,"href":"https:\/\/standort-niederrhein.de\/en\/wp-json\/wp\/v2\/posts\/4982\/revisions\/4983"}],"wp:attachment":[{"href":"https:\/\/standort-niederrhein.de\/en\/wp-json\/wp\/v2\/media?parent=4982"}],"wp:term":[{"taxonomy":"category","embeddable":true,"href":"https:\/\/standort-niederrhein.de\/en\/wp-json\/wp\/v2\/categories?post=4982"},{"taxonomy":"post_tag","embeddable":true,"href":"https:\/\/standort-niederrhein.de\/en\/wp-json\/wp\/v2\/tags?post=4982"}],"curies":[{"name":"wp","href":"https:\/\/api.w.org\/{rel}","templated":true}]}}