{"id":4968,"date":"2024-10-05T06:00:00","date_gmt":"2024-10-05T04:00:00","guid":{"rendered":"https:\/\/invest-in-niederrhein.de\/?p=4968"},"modified":"2024-10-01T10:42:45","modified_gmt":"2024-10-01T08:42:45","slug":"grosser-preis-des-mittelstands-landrat-gratuliert-gartenhof-kuesters-zum-erfolg","status":"publish","type":"post","link":"https:\/\/standort-niederrhein.de\/en\/2024\/10\/05\/grosser-preis-des-mittelstands-landrat-gratuliert-gartenhof-kuesters-zum-erfolg\/","title":{"rendered":"Gro\u00dfer Preis des Mittelstands: Landrat gratuliert Gartenhof K\u00fcsters zum Erfolg"},"content":{"rendered":"\n<p><strong>Rhein-Kreis Neuss.<\/strong> Die Gartenhof K\u00fcsters GmbH&nbsp;aus Neuss hat im Wettbewerb um den Gro\u00dfen Preis des Mittelstands der Oskar-Patzelt-Stiftung die Auszeichnung \u201eFinalist\u201c erhalten. Benjamin K\u00fcsters und Werner K\u00fcsters nahmen den Preis bei einer Gala unter dem Motto&nbsp;\u201eMit Zuversicht Richtung Zukunft\u201c in D\u00fcsseldorf entgegen. Zu den ersten Gratulanten geh\u00f6rte Landrat Hans-J\u00fcrgen Petrauschke, der mit seiner Ehefrau Andrea angereist war.<\/p>\n\n\n\n<p>\u201eIch gratuliere ganz herzlich zu dieser Auszeichnung, die Unternehmen in ihrer Gesamtheit bewertet und zugleich f\u00fcr ihre Rolle in der Gesellschaft pr\u00e4miert. Der Gartenhof K\u00fcsters geh\u00f6rt zu den Betrieben, deren Wirken \u00fcber die Grenzen des Rhein-Kreises Neuss Anerkennung finden, und das ist aller Ehren wert\u201c, so Petrauschke, der etwa an die gelungene Gestaltung des Au\u00dfengel\u00e4ndes des Kindergartens \u201eKinderhut\u201c in Neuss durch K\u00fcsters erinnerte.<\/p>\n\n\n\n<p>Auch in Nordrhein-Westfalen ehrte die Oskar-Patzelt-Stiftung ihre diesj\u00e4hrigen Preistr\u00e4ger und weitere Betriebe als Finalist, die eine fast ebenso gute Bewertung wie die Preistr\u00e4ger erhalten haben. Die Wirtschaftsf\u00f6rderung des Rhein-Kreises Neuss hatte neben der Gartenhof K\u00fcsters GmbH die Kiotera GmbH, die K\u00f6nigs Pflanzenenergie GmbH &amp; Co KG, die Corevas GmbH &amp; Co KG und die Gifas Electric GmbH nominiert.<\/p>\n\n\n\n<p>Die Oskar-Patzelt-Stiftung lobt seit 30 Jahren den Gro\u00dfen Preis des Mittelstands&nbsp;aus. Zum ihrem NRW-L\u00e4nderball waren \u00fcber 300 G\u00e4ste ins Maritim-Hotel in D\u00fcsseldorf gekommen. Die Vorst\u00e4nde Dr.&nbsp;Helfried Schmidt&nbsp;und&nbsp;Petra Tr\u00f6ger zeichneten&nbsp;20&nbsp;Unternehmen als&nbsp;\u201eFinalist\u201c und elf&nbsp;Unternehmen als&nbsp;\u201ePreistr\u00e4ger\u201c&nbsp;aus und verliehen eine \u201eGoldene Ehrennadel\u201c. Mit dabei war die IMB GmbH &amp; Co KG aus Grevenbroich um Dagmar Kuhnen, die die Servicestelle Mittlerer Niederrhein der Oskar-Patzelt-Stiftung betreut. Am 1. November \u2013 mit Ver\u00f6ffentlichung der neuen Ausschreibung \u2013 beginnt der bundesweite Wettbewerb um den&nbsp;Gro\u00dfen Preis des Mittelstands 2025.<\/p>\n\n\n\n<p>Quelle: <a href=\"http:\/\/www.rhein-kreis-neuss.de\">Rhein-Kreis Neuss<\/a><\/p>\n\n\n<figure class=\"wp-block-post-featured-image\"><img loading=\"lazy\" decoding=\"async\" width=\"960\" height=\"1280\" src=\"https:\/\/standort-niederrhein.de\/wp-content\/uploads\/2024\/10\/Foto4-1.jpg\" class=\"attachment-post-thumbnail size-post-thumbnail wp-post-image\" alt=\"\" style=\"object-fit:cover;\" srcset=\"https:\/\/standort-niederrhein.de\/wp-content\/uploads\/2024\/10\/Foto4-1.jpg 960w, https:\/\/standort-niederrhein.de\/wp-content\/uploads\/2024\/10\/Foto4-1-480x640.jpg 480w\" sizes=\"(min-width: 0px) and (max-width: 480px) 480px, (min-width: 481px) 960px, 100vw\" \/><\/figure>\n\n\n<p>Gro\u00dfer Preis des Mittelstands (v.l.): Landrat Hans-J\u00fcrgen Petrauschke, seine Ehefrau Andrea, Werner K\u00fcsters, Dagmar Kuhnen und Benjamin K\u00fcsters. | Foto: Rhein-Kreis Neuss<\/p>\n","protected":false},"excerpt":{"rendered":"<p>Rhein-Kreis Neuss. Die Gartenhof K\u00fcsters GmbH&nbsp;aus Neuss hat im Wettbewerb um den Gro\u00dfen Preis des Mittelstands der Oskar-Patzelt-Stiftung die Auszeichnung \u201eFinalist\u201c erhalten. Benjamin K\u00fcsters und Werner K\u00fcsters nahmen den Preis bei einer Gala unter dem Motto&nbsp;\u201eMit Zuversicht Richtung Zukunft\u201c in D\u00fcsseldorf entgegen. Zu den ersten Gratulanten geh\u00f6rte Landrat Hans-J\u00fcrgen Petrauschke, der mit seiner Ehefrau Andrea [&hellip;]<\/p>\n","protected":false},"author":3,"featured_media":4969,"comment_status":"closed","ping_status":"closed","sticky":false,"template":"","format":"standard","meta":{"_et_pb_use_builder":"","_et_pb_old_content":"","_et_gb_content_width":"","footnotes":""},"categories":[1],"tags":[],"class_list":["post-4968","post","type-post","status-publish","format-standard","has-post-thumbnail","hentry","category-allgemein"],"_links":{"self":[{"href":"https:\/\/standort-niederrhein.de\/en\/wp-json\/wp\/v2\/posts\/4968","targetHints":{"allow":["GET"]}}],"collection":[{"href":"https:\/\/standort-niederrhein.de\/en\/wp-json\/wp\/v2\/posts"}],"about":[{"href":"https:\/\/standort-niederrhein.de\/en\/wp-json\/wp\/v2\/types\/post"}],"author":[{"embeddable":true,"href":"https:\/\/standort-niederrhein.de\/en\/wp-json\/wp\/v2\/users\/3"}],"replies":[{"embeddable":true,"href":"https:\/\/standort-niederrhein.de\/en\/wp-json\/wp\/v2\/comments?post=4968"}],"version-history":[{"count":1,"href":"https:\/\/standort-niederrhein.de\/en\/wp-json\/wp\/v2\/posts\/4968\/revisions"}],"predecessor-version":[{"id":4970,"href":"https:\/\/standort-niederrhein.de\/en\/wp-json\/wp\/v2\/posts\/4968\/revisions\/4970"}],"wp:featuredmedia":[{"embeddable":true,"href":"https:\/\/standort-niederrhein.de\/en\/wp-json\/wp\/v2\/media\/4969"}],"wp:attachment":[{"href":"https:\/\/standort-niederrhein.de\/en\/wp-json\/wp\/v2\/media?parent=4968"}],"wp:term":[{"taxonomy":"category","embeddable":true,"href":"https:\/\/standort-niederrhein.de\/en\/wp-json\/wp\/v2\/categories?post=4968"},{"taxonomy":"post_tag","embeddable":true,"href":"https:\/\/standort-niederrhein.de\/en\/wp-json\/wp\/v2\/tags?post=4968"}],"curies":[{"name":"wp","href":"https:\/\/api.w.org\/{rel}","templated":true}]}}