{"id":4962,"date":"2024-10-03T06:00:00","date_gmt":"2024-10-03T04:00:00","guid":{"rendered":"https:\/\/invest-in-niederrhein.de\/?p=4962"},"modified":"2024-10-01T10:33:51","modified_gmt":"2024-10-01T08:33:51","slug":"nrw-finanzminister-optendrenk-zu-gast-am-mgl","status":"publish","type":"post","link":"https:\/\/standort-niederrhein.de\/en\/2024\/10\/03\/nrw-finanzminister-optendrenk-zu-gast-am-mgl\/","title":{"rendered":"NRW-Finanzminister Optendrenk zu Gast am MGL"},"content":{"rendered":"\n<p><strong>M\u00f6nchengladbach.<\/strong>\u00a0Der Flughafen M\u00f6nchengladbach empfing  Dr. Marcus Optendrenk, Minister der Finanzen des Landes Nordrhein-Westfalen, zu einem Besuch, bei dem er sich ein umfassendes Bild von den aktuellen Entwicklungen und Zukunftsperspektiven des Flughafens machen konnte. Begleitet wurde der Minister von einer Delegation um Regierungspr\u00e4sident Thomas Sch\u00fcrmann und die Landtagsabgeordneten Vanessa Odermatt und Jochen Klenner. Besichtigt wurde unter anderem der erste in Deutschland zugelassene 737-MAX-Full-Flight-Simulator bei der Flugschule RWL.<\/p>\n\n\n\n<p>Der Flughafen M\u00f6nchengladbach (MGL) ist ein bedeutender Wirtschafts- und Innovationsstandort in der Region. W\u00e4hrend seines Besuchs tauschte sich Minister Dr. Optendrenk mit der Gesch\u00e4ftsf\u00fchrung des Flughafens und Oberb\u00fcrgermeister Felix Heinrichs \u00fcber diverse Entwicklungsthemen aus. Dazu z\u00e4hlen insbesondere die Initiativen zur nachhaltigen Weiterentwicklung der Luftfahrt, wie beispielsweise der Ausbau klimaneutraler Mobilit\u00e4tskonzepte und die Rolle des MGL als Reallabor f\u00fcr zukunftsweisende Technologien.<\/p>\n\n\n\n<p>\u201eDer Flughafen M\u00f6nchengladbach bietet als Standort f\u00fcr die allgemeine Luftfahrt und als Innovationsflughafen ideale Voraussetzungen, um neue Technologien und Konzepte zur Weiterentwicklung der Luftfahrt praxisnah zu erproben\u201c, betonte MGL-Gesch\u00e4ftsf\u00fchrer Dr. Ulrich Sch\u00fcckhaus. \u201eInsbesondere die Zusammenarbeit mit regionalen und \u00fcberregionalen Partnern im Rahmen der Transformation der Luftfahrtbranche ist bedeutend.\u201c<\/p>\n\n\n\n<p>W\u00e4hrend des Besuchs wurden die geplanten Infrastrukturprojekte \u201eAviation Campus\u201c (zur zentralen Aus- und Weiterbildung von Fachkr\u00e4ften) und \u201eErschlie\u00dfung der Trabrennbahn\u201c vorgestellt. Ersteres soll zuk\u00fcnftig den schon jetzt etablierten Ausbildungsstandort weiter st\u00e4rken und verschiedene Ausbildungskonzepte der Luftfahrt am Flughafen zentralisieren. Die Erschlie\u00dfung und Bebauung der Trabrennbahn k\u00f6nnte zudem mittelfristig bis zu 1000 neue Arbeitspl\u00e4tze schaffen und ma\u00dfgeblich zur St\u00e4rkung des Standortes dienen. Eine erfolgreiche Umsetzung dieser Projekte erfordert die enge Zusammenarbeit mit politischen Entscheidungstr\u00e4gern, um die gemeinsamen Ziele strukturiert und gezielt umzusetzen.<\/p>\n\n\n\n<p>Der Minister stattete auch zwei f\u00fcr den Flughafen bedeutenden Unternehmen einen Besuch ab: Rheinland Air Service (RAS), dem gr\u00f6\u00dften Wartungs- und Instandhaltungsunternehmen am MGL, und RWL German Flight Academy, eine der gr\u00f6\u00dften privaten Flugschulen Deutschlands. Dort wurde unter anderem der Fullflight-Simulator 737 MAX besichtigt. Er hat vergangene Woche seine Qualifikation erhalten und ist somit als erster seiner Art in Deutschland zugelassen. MGL-Gesch\u00e4ftsf\u00fchrer Andreas Ungar unterstrich die Bedeutung des Flughafens als Innovations- und Ausbildungszentrum: \u201eMit den neuen Projekten und dem kontinuierlichen Ausbau der Infrastruktur k\u00f6nnen wir den Flughafen M\u00f6nchengladbach als Innovations-, Ausbildungs- und Wirtschaftszentrum nachhaltig st\u00e4rken.\u201c<\/p>\n\n\n\n<p><strong>Mehr als ein Flughafen<\/strong><br>Mit j\u00e4hrlich knapp 50.000 Flugbewegungen z\u00e4hlt der MGL zu den bedeutendsten Flugh\u00e4fen der Allgemeinen Luftfahrt in Deutschland. Gesch\u00e4ftsflieger sch\u00e4tzen die zentrale Lage, die wetterunabh\u00e4ngige Erreichbarkeit und die schnelle Abfertigung. Flugschulen bieten die Ausbildung zur Privatpiloten- bis zu Verkehrspilotenlizenz an, w\u00e4hrend Regionalflugzeuge und Business-Jets aus aller Welt zur Wartung nach M\u00f6nchengladbach kommen. Das leistungsf\u00e4hige Luftfahrtcluster am MGL entwickelt sich fortw\u00e4hrend weiter. Innovative Projekte und qualitativ hochwertige Ansiedelungen zeugen von der Attraktivit\u00e4t des Standortes und der konsequenten strategischen Entwicklung hin zu einem zukunftsf\u00e4higen Wirtschaftsstandort.\u00a0<\/p>\n\n\n\n<p>Quelle: WFMG\/ EWMG\/ Flughafen M\u00f6nchengladbach<\/p>\n\n\n<figure class=\"wp-block-post-featured-image\"><img loading=\"lazy\" decoding=\"async\" width=\"2560\" height=\"1441\" src=\"https:\/\/standort-niederrhein.de\/wp-content\/uploads\/2024\/10\/Pressemitteilung-MGL_Ministerbesuch-scaled.jpeg\" class=\"attachment-post-thumbnail size-post-thumbnail wp-post-image\" alt=\"\" style=\"object-fit:cover;\" srcset=\"https:\/\/standort-niederrhein.de\/wp-content\/uploads\/2024\/10\/Pressemitteilung-MGL_Ministerbesuch-scaled.jpeg 2560w, https:\/\/standort-niederrhein.de\/wp-content\/uploads\/2024\/10\/Pressemitteilung-MGL_Ministerbesuch-1280x721.jpeg 1280w, https:\/\/standort-niederrhein.de\/wp-content\/uploads\/2024\/10\/Pressemitteilung-MGL_Ministerbesuch-980x552.jpeg 980w, https:\/\/standort-niederrhein.de\/wp-content\/uploads\/2024\/10\/Pressemitteilung-MGL_Ministerbesuch-480x270.jpeg 480w\" sizes=\"(min-width: 0px) and (max-width: 480px) 480px, (min-width: 481px) and (max-width: 980px) 980px, (min-width: 981px) and (max-width: 1280px) 1280px, (min-width: 1281px) 2560px, 100vw\" \/><\/figure>\n\n\n<p>Delegationsbesuch um Finanzminister Dr. Marcus Optendrenk (4.v.r), Regierungspr\u00e4sident Thomas Sch\u00fcrmann (4.v.l.) und die M\u00f6nchengladbacher CDU-Landtagsabgeordneten Jochen Klenner (l.) und Vanessa Odermatt am Flughafen. | Foto: Flughafen M\u00f6nchengladbach<\/p>\n","protected":false},"excerpt":{"rendered":"<p>M\u00f6nchengladbach.\u00a0Der Flughafen M\u00f6nchengladbach empfing Dr. Marcus Optendrenk, Minister der Finanzen des Landes Nordrhein-Westfalen, zu einem Besuch, bei dem er sich ein umfassendes Bild von den aktuellen Entwicklungen und Zukunftsperspektiven des Flughafens machen konnte. Begleitet wurde der Minister von einer Delegation um Regierungspr\u00e4sident Thomas Sch\u00fcrmann und die Landtagsabgeordneten Vanessa Odermatt und Jochen Klenner. Besichtigt wurde unter [&hellip;]<\/p>\n","protected":false},"author":3,"featured_media":4963,"comment_status":"closed","ping_status":"closed","sticky":false,"template":"","format":"standard","meta":{"_et_pb_use_builder":"","_et_pb_old_content":"","_et_gb_content_width":"","footnotes":""},"categories":[1],"tags":[],"class_list":["post-4962","post","type-post","status-publish","format-standard","has-post-thumbnail","hentry","category-allgemein"],"_links":{"self":[{"href":"https:\/\/standort-niederrhein.de\/en\/wp-json\/wp\/v2\/posts\/4962","targetHints":{"allow":["GET"]}}],"collection":[{"href":"https:\/\/standort-niederrhein.de\/en\/wp-json\/wp\/v2\/posts"}],"about":[{"href":"https:\/\/standort-niederrhein.de\/en\/wp-json\/wp\/v2\/types\/post"}],"author":[{"embeddable":true,"href":"https:\/\/standort-niederrhein.de\/en\/wp-json\/wp\/v2\/users\/3"}],"replies":[{"embeddable":true,"href":"https:\/\/standort-niederrhein.de\/en\/wp-json\/wp\/v2\/comments?post=4962"}],"version-history":[{"count":1,"href":"https:\/\/standort-niederrhein.de\/en\/wp-json\/wp\/v2\/posts\/4962\/revisions"}],"predecessor-version":[{"id":4964,"href":"https:\/\/standort-niederrhein.de\/en\/wp-json\/wp\/v2\/posts\/4962\/revisions\/4964"}],"wp:featuredmedia":[{"embeddable":true,"href":"https:\/\/standort-niederrhein.de\/en\/wp-json\/wp\/v2\/media\/4963"}],"wp:attachment":[{"href":"https:\/\/standort-niederrhein.de\/en\/wp-json\/wp\/v2\/media?parent=4962"}],"wp:term":[{"taxonomy":"category","embeddable":true,"href":"https:\/\/standort-niederrhein.de\/en\/wp-json\/wp\/v2\/categories?post=4962"},{"taxonomy":"post_tag","embeddable":true,"href":"https:\/\/standort-niederrhein.de\/en\/wp-json\/wp\/v2\/tags?post=4962"}],"curies":[{"name":"wp","href":"https:\/\/api.w.org\/{rel}","templated":true}]}}