{"id":4960,"date":"2024-10-02T06:00:00","date_gmt":"2024-10-02T04:00:00","guid":{"rendered":"https:\/\/invest-in-niederrhein.de\/?p=4960"},"modified":"2024-09-30T13:15:25","modified_gmt":"2024-09-30T11:15:25","slug":"erste-verwaltungseinheiten-ziehen-in-den-nordpark","status":"publish","type":"post","link":"https:\/\/standort-niederrhein.de\/en\/2024\/10\/02\/erste-verwaltungseinheiten-ziehen-in-den-nordpark\/","title":{"rendered":"Erste Verwaltungseinheiten ziehen in den Nordpark"},"content":{"rendered":"\n<p><strong>M\u00f6nchengladbach.<\/strong> Erste Organisationseinheiten der Stadtverwaltung ziehen in die von der Santander Bank angemieteten Interimsfl\u00e4chen im Nordpark. Mehr als 150 Besch\u00e4ftigte verlegen in diesen Tagen ihren Arbeitsplatz von ihrem bisherigen Dienstsitz an der Wilhelm-Strau\u00df Stra\u00dfe 50-52 an die Adresse Madrider Stra\u00dfe 1. Damit ist der erste von insgesamt drei Umzugsabschnitten eingel\u00e4utet, mit dem die Stadt den Weg f\u00fcr die Zentralisierung der Verwaltung in einem zuk\u00fcnftigen Neuen Verwaltungsgeb\u00e4ude Rheydt freimacht.<\/p>\n\n\n\n<p>Konkret sind es die Bereiche Organisation und IT und das Personalmanagement, die derzeit in einer ersten Tranche in den Nordpark umziehen. Bereits einige Tage fr\u00fcher war das Team Datenmanagement und Statistik eingezogen. Im Dezember sollen K\u00e4mmerer Michael Heck mitsamt der K\u00e4mmerei und dem Beteiligungsmanagement folgen. Sie arbeiten derzeit in der Sandradstra\u00dfe 3, Ecke Aachener Stra\u00dfe. Den Mietvertrag f\u00fcr dieses Geb\u00e4ude hat die Stadt zu Anfang 2025 gek\u00fcndigt. Die dritte Umzugstranche ab April 2025 soll vorrangig dazu genutzt werden, das Bauteil A f\u00fcr das Projekt Neues Verwaltungsgeb\u00e4ude Rheydt freizuziehen. Der Bauteil A umfasst den Bereich rund um das Historische Rathaus Rheydt zwischen Limitenstra\u00dfe, Stresemannstra\u00dfe und der Gasse Am Neumarkt. Weitere Einheiten aus dem Bauteil A k\u00f6nnten k\u00fcnftig in die das nun freigezogene Dienstgeb\u00e4ude an der Wilhelm-Strau\u00df-Stra\u00dfe ausweichen.<\/p>\n\n\n\n<p>In den vergangenen Monaten waren die angemieteten R\u00e4umlichkeiten unter anderem an das Vitusnetz der Stadt angeschlossen und entsprechend den Anforderungen der Verwaltung an eine offene, moderne und flexible Arbeitsumgebung eingerichtet worden. Den Umzug in den Nordpark vollziehen nur Organisationseinheiten, die wenig oder gar keinen Publikumsverkehr haben. Publikumsintensive Bereiche der Verwaltung bleiben auch w\u00e4hrend der Bauphase f\u00fcr ein Neues Verwaltungsgeb\u00e4ude Rheydt in zentraler Lage in der Stadt erhalten. Zudem sind bereits 257 Dienstleistungen aus dem Onlinezugangsgesetz \u00fcber das Serviceportal der Stadt digital nutzbar. (<a href=\"https:\/\/service.moenchengladbach.de\">https:\/\/service.moenchengladbach.de<\/a>)<\/p>\n\n\n\n<p>&#8220;W\u00e4hrend wir einerseits die Planungen f\u00fcr das Neue Verwaltungsgeb\u00e4ude mit Hochdruck voranbringen, gehen wir mit dem Umzug in den Nordpark schon heute erste wichtige Schritte in Richtung Zukunft. Wir k\u00f6nnen so ein altes und sanierungsbed\u00fcrftiges Geb\u00e4ude abmieten, Platz f\u00fcr den Freizug von Bauteil A schaffen und vor allem zahlreichen Besch\u00e4ftigten schon heute eine moderne Arbeitsumgebung bieten&#8221;, sagt Oberb\u00fcrgermeister Heinrichs.<\/p>\n\n\n\n<p>Quelle: <a href=\"http:\/\/www.moenchengladbach.de\">Stadt M\u00f6nchengladbach<\/a><\/p>\n","protected":false},"excerpt":{"rendered":"<p>M\u00f6nchengladbach. Erste Organisationseinheiten der Stadtverwaltung ziehen in die von der Santander Bank angemieteten Interimsfl\u00e4chen im Nordpark. Mehr als 150 Besch\u00e4ftigte verlegen in diesen Tagen ihren Arbeitsplatz von ihrem bisherigen Dienstsitz an der Wilhelm-Strau\u00df Stra\u00dfe 50-52 an die Adresse Madrider Stra\u00dfe 1. Damit ist der erste von insgesamt drei Umzugsabschnitten eingel\u00e4utet, mit dem die Stadt den [&hellip;]<\/p>\n","protected":false},"author":3,"featured_media":0,"comment_status":"closed","ping_status":"closed","sticky":false,"template":"","format":"standard","meta":{"_et_pb_use_builder":"","_et_pb_old_content":"","_et_gb_content_width":"","footnotes":""},"categories":[1],"tags":[],"class_list":["post-4960","post","type-post","status-publish","format-standard","hentry","category-allgemein"],"_links":{"self":[{"href":"https:\/\/standort-niederrhein.de\/en\/wp-json\/wp\/v2\/posts\/4960","targetHints":{"allow":["GET"]}}],"collection":[{"href":"https:\/\/standort-niederrhein.de\/en\/wp-json\/wp\/v2\/posts"}],"about":[{"href":"https:\/\/standort-niederrhein.de\/en\/wp-json\/wp\/v2\/types\/post"}],"author":[{"embeddable":true,"href":"https:\/\/standort-niederrhein.de\/en\/wp-json\/wp\/v2\/users\/3"}],"replies":[{"embeddable":true,"href":"https:\/\/standort-niederrhein.de\/en\/wp-json\/wp\/v2\/comments?post=4960"}],"version-history":[{"count":1,"href":"https:\/\/standort-niederrhein.de\/en\/wp-json\/wp\/v2\/posts\/4960\/revisions"}],"predecessor-version":[{"id":4961,"href":"https:\/\/standort-niederrhein.de\/en\/wp-json\/wp\/v2\/posts\/4960\/revisions\/4961"}],"wp:attachment":[{"href":"https:\/\/standort-niederrhein.de\/en\/wp-json\/wp\/v2\/media?parent=4960"}],"wp:term":[{"taxonomy":"category","embeddable":true,"href":"https:\/\/standort-niederrhein.de\/en\/wp-json\/wp\/v2\/categories?post=4960"},{"taxonomy":"post_tag","embeddable":true,"href":"https:\/\/standort-niederrhein.de\/en\/wp-json\/wp\/v2\/tags?post=4960"}],"curies":[{"name":"wp","href":"https:\/\/api.w.org\/{rel}","templated":true}]}}