{"id":4953,"date":"2024-09-29T07:00:00","date_gmt":"2024-09-29T05:00:00","guid":{"rendered":"https:\/\/invest-in-niederrhein.de\/?p=4953"},"modified":"2024-09-30T09:32:05","modified_gmt":"2024-09-30T07:32:05","slug":"eroeffnung-des-neuen-forums-kreis-viersen","status":"publish","type":"post","link":"https:\/\/standort-niederrhein.de\/en\/2024\/09\/29\/eroeffnung-des-neuen-forums-kreis-viersen\/","title":{"rendered":"Er\u00f6ffnung des neuen Forums Kreis Viersen"},"content":{"rendered":"\n<p><strong>Kreis Viersen.<\/strong> Landrat Dr. Andreas Coenen hat im Rahmen einer Kreistagssitzung das neue Forum Kreis Viersen offiziell er\u00f6ffnet.<\/p>\n\n\n\n<p>Das Forum des Kreises Viersen am Rathausmarkt 2 ist von M\u00e4rz 2023 bis Ende August 2024 umgebaut worden. In dieser Zeit haben die meisten Fachaussch\u00fcsse und auch der Kreistag in externen R\u00e4umlichkeiten getagt. Nun k\u00f6nnen alle Aussch\u00fcsse wieder in gewohnter Umgebung stattfinden.<\/p>\n\n\n\n<p>&#8220;Ich freue mich, dass wir das Forum mit der Kreistagssitzung offiziell er\u00f6ffnen konnten, da der Umbau durch einen Kreistagsbeschluss erm\u00f6glicht wurde. Das alte Forum erstrahlt in neuem Glanz, da viele Elemente erhalten geblieben und durch neue, wiederverwertbare Materialien erg\u00e4nzt wurden&#8221;, so Landrat Dr. Andreas Coenen.<\/p>\n\n\n\n<p>Erneuert wurden etwa technische Elemente von der Beleuchtung bis hin zur Medientechnik. &#8220;Bei den Umbauma\u00dfnahmen war es uns besonders wichtig, die vorhandenen Ressourcen zu nutzen und bestehende Elemente aufzuarbeiten, wie etwa den Klinker und die T\u00fcren&#8221;, berichtet Coenen. Viele Materialien sind vollst\u00e4ndig oder zu gro\u00dfen Teilen recycelbar und frei von Schadstoffen, wie beispielsweise der Teppichboden und die Akustikplatten.<\/p>\n\n\n\n<p>Das zuvor festgesetzte Budget von 6,2 Millionen Euro f\u00fcr die Umbauma\u00dfnahmen ist eingehalten worden.<\/p>\n\n\n\n<p>Quelle: <a href=\"http:\/\/www.kreis-viersen.de\">Kreis Viersen<\/a><\/p>\n\n\n<figure class=\"wp-block-post-featured-image\"><img loading=\"lazy\" decoding=\"async\" width=\"2362\" height=\"1574\" src=\"https:\/\/standort-niederrhein.de\/wp-content\/uploads\/2024\/09\/286675P.jpg\" class=\"attachment-post-thumbnail size-post-thumbnail wp-post-image\" alt=\"\" style=\"object-fit:cover;\" srcset=\"https:\/\/standort-niederrhein.de\/wp-content\/uploads\/2024\/09\/286675P.jpg 2362w, https:\/\/standort-niederrhein.de\/wp-content\/uploads\/2024\/09\/286675P-1280x853.jpg 1280w, https:\/\/standort-niederrhein.de\/wp-content\/uploads\/2024\/09\/286675P-980x653.jpg 980w, https:\/\/standort-niederrhein.de\/wp-content\/uploads\/2024\/09\/286675P-480x320.jpg 480w\" sizes=\"(min-width: 0px) and (max-width: 480px) 480px, (min-width: 481px) and (max-width: 980px) 980px, (min-width: 981px) and (max-width: 1280px) 1280px, (min-width: 1281px) 2362px, 100vw\" \/><\/figure>\n\n\n<p>Der Sitzungssaal im neuen Forum des Kreishauses. | Foto: Benito Barajas<\/p>\n","protected":false},"excerpt":{"rendered":"<p>Kreis Viersen. Landrat Dr. Andreas Coenen hat im Rahmen einer Kreistagssitzung das neue Forum Kreis Viersen offiziell er\u00f6ffnet. Das Forum des Kreises Viersen am Rathausmarkt 2 ist von M\u00e4rz 2023 bis Ende August 2024 umgebaut worden. In dieser Zeit haben die meisten Fachaussch\u00fcsse und auch der Kreistag in externen R\u00e4umlichkeiten getagt. Nun k\u00f6nnen alle Aussch\u00fcsse [&hellip;]<\/p>\n","protected":false},"author":3,"featured_media":4955,"comment_status":"closed","ping_status":"closed","sticky":false,"template":"","format":"standard","meta":{"_et_pb_use_builder":"","_et_pb_old_content":"","_et_gb_content_width":"","footnotes":""},"categories":[1],"tags":[],"class_list":["post-4953","post","type-post","status-publish","format-standard","has-post-thumbnail","hentry","category-allgemein"],"_links":{"self":[{"href":"https:\/\/standort-niederrhein.de\/en\/wp-json\/wp\/v2\/posts\/4953","targetHints":{"allow":["GET"]}}],"collection":[{"href":"https:\/\/standort-niederrhein.de\/en\/wp-json\/wp\/v2\/posts"}],"about":[{"href":"https:\/\/standort-niederrhein.de\/en\/wp-json\/wp\/v2\/types\/post"}],"author":[{"embeddable":true,"href":"https:\/\/standort-niederrhein.de\/en\/wp-json\/wp\/v2\/users\/3"}],"replies":[{"embeddable":true,"href":"https:\/\/standort-niederrhein.de\/en\/wp-json\/wp\/v2\/comments?post=4953"}],"version-history":[{"count":1,"href":"https:\/\/standort-niederrhein.de\/en\/wp-json\/wp\/v2\/posts\/4953\/revisions"}],"predecessor-version":[{"id":4956,"href":"https:\/\/standort-niederrhein.de\/en\/wp-json\/wp\/v2\/posts\/4953\/revisions\/4956"}],"wp:featuredmedia":[{"embeddable":true,"href":"https:\/\/standort-niederrhein.de\/en\/wp-json\/wp\/v2\/media\/4955"}],"wp:attachment":[{"href":"https:\/\/standort-niederrhein.de\/en\/wp-json\/wp\/v2\/media?parent=4953"}],"wp:term":[{"taxonomy":"category","embeddable":true,"href":"https:\/\/standort-niederrhein.de\/en\/wp-json\/wp\/v2\/categories?post=4953"},{"taxonomy":"post_tag","embeddable":true,"href":"https:\/\/standort-niederrhein.de\/en\/wp-json\/wp\/v2\/tags?post=4953"}],"curies":[{"name":"wp","href":"https:\/\/api.w.org\/{rel}","templated":true}]}}