{"id":4938,"date":"2024-09-26T07:00:00","date_gmt":"2024-09-26T05:00:00","guid":{"rendered":"https:\/\/invest-in-niederrhein.de\/?p=4938"},"modified":"2024-09-25T18:09:34","modified_gmt":"2024-09-25T16:09:34","slug":"besucherrekord-beim-recruiting-day-der-stadt-krefeld","status":"publish","type":"post","link":"https:\/\/standort-niederrhein.de\/en\/2024\/09\/26\/besucherrekord-beim-recruiting-day-der-stadt-krefeld\/","title":{"rendered":"Besucherrekord beim Recruiting Day der Stadt Krefeld"},"content":{"rendered":"\n<p><strong>Krefeld. <\/strong>150 Interessierte hatten sich bereits im Vorfeld f\u00fcr den Recruiting Day der Stadt Krefeld angemeldet \u2013 ein Besucherrekord f\u00fcr die dritte Runde des Formats. An diesem Tag hatten Berufserfahrene und Quereinsteiger wie auch Sch\u00fcler, Studierende und Absolventen die Gelegenheit, sich an Beratungsst\u00e4nden im Foyer des Krefelder Rathauses sowie bei Impulsvortr\u00e4gen in der EMA-Halle ausf\u00fchrlich \u00fcber die vielf\u00e4ltigen Einstiegsm\u00f6glichkeiten bei der Stadtverwaltung zu informieren. Mitarbeitende aus dem Ausbildungsteam und dem Recruiting standen w\u00e4hrend der Veranstaltung zur Verf\u00fcgung, um Fragen zu beantworten. Dar\u00fcber hatten die Besucherinnen und Besucher die Gelegenheit, pers\u00f6nliche Beratungsgespr\u00e4che zu f\u00fchren und Bewerbungsunterlagen direkt einzureichen. Erstmals waren auch die Feuerwehr sowie der Kommunale Ordnungsdienst (KOD) mit Einsatzfahrzeugen auf dem Von-der-Leyen-Platz mit dabei, um \u00fcber die m\u00f6glichen Berufseinstiege in ihren Bereichen zu informieren.<\/p>\n\n\n\n<p>Dezernentin Cigdem Bern \u00e4u\u00dfert sich zufrieden \u00fcber die gelungene Veranstaltung: \u201eWir freuen uns \u00fcber das zunehmende Interesse an den Berufs- und Ausbildungsm\u00f6glichkeiten der Stadtverwaltung. Der Recruiting Day ist Teil unserer Personalpolitik, um dem Fachkr\u00e4fte-Bedarf Rechnung zu tragen. Er gibt uns die Gelegenheit, zweimal im Jahr einer gro\u00dfen Zahl an Interessierten die vielf\u00e4ltigen Berufsfelder der Stadt mit ihren aussichtsreichen Perspektiven ausf\u00fchrlich vorzustellen.\u201c Ausbildungsleiterin Sabrina Buttler erhielt positives Feedback ihrer Mitarbeitenden, sowie der Kolleginnen und Kollegen der Feuerwehr und des KOD: \u201eDie Qualit\u00e4t der Bewerbungen und Gespr\u00e4che war sehr gut, die Ausbildenden haben durchgehend Beratungsgespr\u00e4che gef\u00fchrt,\u201c berichtet sie. \u201eDar\u00fcber hinaus waren vor allem die Themen Praktikum und Quereinstieg beliebt\u201c. Die Termine 14. M\u00e4rz und 26. September sind bereits f\u00fcr die Recruiting Days 2025 vorgesehen.<\/p>\n\n\n\n<p>Interessierte finden weitere Informationen und alle aktuellen Ausschreibungen unter www.krefeld.de\/karriere. Mit rund 4.000 Mitarbeitenden h\u00e4lt die Stadtverwaltung ein weit gef\u00e4chertes Angebot von 35 verschiedenen Ausbildungsberufen und Studieng\u00e4ngen vor. Dazu geh\u00f6ren die klassischen Verwaltungsberufe als duales Studium wie auch Ausbildungen als Brandmeister\/Brandmeisterin, G\u00e4rtner\/G\u00e4rtnerin, Erzieher\/Erzieherin oder Fachinformatiker\/Fachinformatikerin. Informationen zum Ausbildungsangebot der Stadt Krefeld gibt es unter www.krefeld.de\/ausbildung.<\/p>\n\n\n\n<p>Quelle: <a href=\"http:\/\/www.krefeld.de\">Stadt Krefeld<\/a><\/p>\n\n\n<figure class=\"wp-block-post-featured-image\"><img loading=\"lazy\" decoding=\"async\" width=\"2560\" height=\"1966\" src=\"https:\/\/standort-niederrhein.de\/wp-content\/uploads\/2024\/09\/Stadt-KR-Recruiting-Day-Rathaus-_02-scaled.jpg\" class=\"attachment-post-thumbnail size-post-thumbnail wp-post-image\" alt=\"\" style=\"object-fit:cover;\" srcset=\"https:\/\/standort-niederrhein.de\/wp-content\/uploads\/2024\/09\/Stadt-KR-Recruiting-Day-Rathaus-_02-scaled.jpg 2560w, https:\/\/standort-niederrhein.de\/wp-content\/uploads\/2024\/09\/Stadt-KR-Recruiting-Day-Rathaus-_02-1280x983.jpg 1280w, https:\/\/standort-niederrhein.de\/wp-content\/uploads\/2024\/09\/Stadt-KR-Recruiting-Day-Rathaus-_02-980x753.jpg 980w, https:\/\/standort-niederrhein.de\/wp-content\/uploads\/2024\/09\/Stadt-KR-Recruiting-Day-Rathaus-_02-480x369.jpg 480w\" sizes=\"(min-width: 0px) and (max-width: 480px) 480px, (min-width: 481px) and (max-width: 980px) 980px, (min-width: 981px) and (max-width: 1280px) 1280px, (min-width: 1281px) 2560px, 100vw\" \/><\/figure>\n\n\n<p>Marcel Thau und Andrea Aventaggiato vom Recruiting, Ausbildungsleiterin Sabrina Buttler und Frauke Jansen, Leiterin des Fachbereichs Verwaltungssteuerung und -service (v.l.), begleiteten den dritten Recruiting Day der Stadt. | Foto: Stadt Krefeld, Presse und Kommunikation, A. Bischof<\/p>\n","protected":false},"excerpt":{"rendered":"<p>Krefeld. 150 Interessierte hatten sich bereits im Vorfeld f\u00fcr den Recruiting Day der Stadt Krefeld angemeldet \u2013 ein Besucherrekord f\u00fcr die dritte Runde des Formats. An diesem Tag hatten Berufserfahrene und Quereinsteiger wie auch Sch\u00fcler, Studierende und Absolventen die Gelegenheit, sich an Beratungsst\u00e4nden im Foyer des Krefelder Rathauses sowie bei Impulsvortr\u00e4gen in der EMA-Halle ausf\u00fchrlich [&hellip;]<\/p>\n","protected":false},"author":3,"featured_media":4941,"comment_status":"closed","ping_status":"closed","sticky":false,"template":"","format":"standard","meta":{"_et_pb_use_builder":"","_et_pb_old_content":"","_et_gb_content_width":"","footnotes":""},"categories":[1],"tags":[],"class_list":["post-4938","post","type-post","status-publish","format-standard","has-post-thumbnail","hentry","category-allgemein"],"_links":{"self":[{"href":"https:\/\/standort-niederrhein.de\/en\/wp-json\/wp\/v2\/posts\/4938","targetHints":{"allow":["GET"]}}],"collection":[{"href":"https:\/\/standort-niederrhein.de\/en\/wp-json\/wp\/v2\/posts"}],"about":[{"href":"https:\/\/standort-niederrhein.de\/en\/wp-json\/wp\/v2\/types\/post"}],"author":[{"embeddable":true,"href":"https:\/\/standort-niederrhein.de\/en\/wp-json\/wp\/v2\/users\/3"}],"replies":[{"embeddable":true,"href":"https:\/\/standort-niederrhein.de\/en\/wp-json\/wp\/v2\/comments?post=4938"}],"version-history":[{"count":2,"href":"https:\/\/standort-niederrhein.de\/en\/wp-json\/wp\/v2\/posts\/4938\/revisions"}],"predecessor-version":[{"id":4943,"href":"https:\/\/standort-niederrhein.de\/en\/wp-json\/wp\/v2\/posts\/4938\/revisions\/4943"}],"wp:featuredmedia":[{"embeddable":true,"href":"https:\/\/standort-niederrhein.de\/en\/wp-json\/wp\/v2\/media\/4941"}],"wp:attachment":[{"href":"https:\/\/standort-niederrhein.de\/en\/wp-json\/wp\/v2\/media?parent=4938"}],"wp:term":[{"taxonomy":"category","embeddable":true,"href":"https:\/\/standort-niederrhein.de\/en\/wp-json\/wp\/v2\/categories?post=4938"},{"taxonomy":"post_tag","embeddable":true,"href":"https:\/\/standort-niederrhein.de\/en\/wp-json\/wp\/v2\/tags?post=4938"}],"curies":[{"name":"wp","href":"https:\/\/api.w.org\/{rel}","templated":true}]}}