{"id":4936,"date":"2024-09-23T07:00:00","date_gmt":"2024-09-23T05:00:00","guid":{"rendered":"https:\/\/invest-in-niederrhein.de\/?p=4936"},"modified":"2024-09-25T13:58:28","modified_gmt":"2024-09-25T11:58:28","slug":"koennenlernen-startet-in-die-naechste-runde","status":"publish","type":"post","link":"https:\/\/standort-niederrhein.de\/en\/2024\/09\/23\/koennenlernen-startet-in-die-naechste-runde\/","title":{"rendered":"#k\u00f6nnenlernen startet in die n\u00e4chste Runde"},"content":{"rendered":"\n<p><strong>Mittlerer Niederrhein.<\/strong> Kaum haben diesen Herbst mehrere Hunderttausend Azubis ihre Ausbildung begonnen, startet bereits die Bewerbungsphase f\u00fcr die n\u00e4chste Generation. Die Industrie- und Handelskammern (IHKs) und die DIHK begleiten diesen wichtigen Zeitpunkt der Mitglieds-Unternehmen erneut mit einer gro\u00df angelegten, bundesweiten Werbekampagne, an der sich auch die IHK Mittlerer Niederrhein beteiligt. Mit starken Botschaften wie \u201eWir demonstrieren jeden Tag. Unsere St\u00e4rken.\u201c, \u201eWorin wir richtig gut sind? Im Immerbesserwerden.\u201c und \u201eUnser Berufsziel: Mehr Sein als Schein.\u201c machen die IHKs erneut auf die Vorteile der dualen Ausbildung aufmerksam. \u201eDie Botschaften zielen darauf ab, junge Menschen und deren Familien f\u00fcr einen der zahlreichen offenen Ausbildungspl\u00e4tze und eine damit verbundene berufliche Zukunft zu begeistern\u201c, sagt IHK-Hauptgesch\u00e4ftsf\u00fchrer J\u00fcrgen Steinmetz.<\/p>\n\n\n\n<p>Im Mittelpunkt der diesj\u00e4hrigen Kampagne steht eine Kombination aus traditioneller Au\u00dfenwerbung und digitalen Formaten. Gro\u00dfplakate werden diesmal vielerorts um digitale Screens in Bahnh\u00f6fen oder Einkaufszentren erg\u00e4nzt \u2013 so wie am Hauptbahnhof in Krefeld und an der Further Stra\u00dfe in Neuss. Ein weiteres Highlight der diesj\u00e4hrigen Kampagne ist der Einsatz von B\u00e4ckert\u00fcten als Werbemedium. Mit dem Claim \u201eEigene Br\u00f6tchen verdienen. In einem von 250 Ausbildungsberufen.\u201c Soll das Bewusstsein f\u00fcr die duale Ausbildung gest\u00e4rkt werden. \u201eDie B\u00e4ckert\u00fcten werden deutschlandweit millionenfach in die H\u00e4nde potenzieller Azubis und ihrer Familien gegeben \u2013 direkt im Alltag, wo die Menschen zu Hause sind\u201c, sagt IHK-Gesch\u00e4ftsf\u00fchrerin Daniela Perner. Auch in Krefeld, M\u00f6nchengladbach und Neuss beteiligen sich insgesamt 42 B\u00e4ckereien und Filialen. Begleitet wird diese gro\u00dfangelegte Au\u00dfenwerbung durch einen digitalen Flight auf jugendrelevanten Social-Media-Kan\u00e4len, um das \u201eLebensgef\u00fchl Ausbildung\u201c direkt in die Lebenswelten junger Menschen zu tragen.<\/p>\n\n\n\n<p>Seit dem Kampagnenstart im M\u00e4rz 2023 begeistern bisher 20 echte Auszubildende Tausende von Followerinnen und Followern. Die Clips auf dem TikTok-Kanal \u201edie.Azubis\u201c haben bereits mehrere hundert Millionen Views gesammelt. Mit mehr als 50.000 Abonnenten ist die Kampagne ein voller Erfolg und motiviert die Fachkr\u00e4fte von morgen, sich auf das Abenteuer Ausbildung einzulassen.<\/p>\n\n\n\n<p>Zus\u00e4tzlich zur Au\u00dfenwerbung und den Social-Media-Aktivit\u00e4ten setzen die IHKs weiterhin auf regionale Aktionen wie Beratungsangebote und Azubi-Messen. Unternehmen sind dabei wichtige Partner, um das positive \u201eLebensgef\u00fchl Ausbildung\u201c zu verbreiten. Steinmetz: \u201eMit der Kampagne ,Ausbildung macht mehr aus uns\u2018 wollen wir nicht nur ein neues Bewusstsein f\u00fcr die Bedeutung der Ausbildung schaffen, sondern auch aktiv dazu beitragen, junge Menschen und Betriebe zusammenzubringen.\u201c<\/p>\n\n\n\n<p>In Krefeld sind die B\u00e4ckerei Hosselmann und elf Filialen der B\u00e4ckerei Sommer dabei.<\/p>\n\n\n\n<p>In M\u00f6nchengladbach machen mit: Boos, Mattheisen, Bizim Firin \u2013 Unsere B\u00e4ckerei, Brotk\u00f6rbchen, Adria, Nazar Firini, Back Fresh, Mr. Baker, \u00d6z Gazianep Baklavalari &amp; B\u00e4ckerei, Baguetterie am K\u00e4mpchen, Konditorei Bertrand, Willi Beines, Viktoria Caf\u00e9 Patisserie, Olympia Grill, Caf\u00e9 Freude x Windberger sowie das Caf\u00e9 Rose.<\/p>\n\n\n\n<p>In Neuss beteiligen sich folgende B\u00e4ckereien: \u201eKarl\u201c GmbH, Mattheisen, B\u00e4ckerei und Konditorei Gummers, Caf\u00e9 Hasenberg, Eigenart, Caf\u00e9 Tinki, Klatschcaf\u00e9, Kleine B\u00e4ckerei, Konditorei Wegel sowie die B\u00e4ckerei Brotkorb Tockloth in Neuss.<\/p>\n\n\n\n<p>Quelle: <a href=\"https:\/\/mittlerer-niederrhein.ihk.de\/de\/oeffentlichkeitsarbeit\/pressemitteilungen\/2024\/-koennenlernen-startet-in-die-naechste-runde.html\">IHK Mittlerer Niederrhein<\/a><\/p>\n","protected":false},"excerpt":{"rendered":"<p>Mittlerer Niederrhein. Kaum haben diesen Herbst mehrere Hunderttausend Azubis ihre Ausbildung begonnen, startet bereits die Bewerbungsphase f\u00fcr die n\u00e4chste Generation. Die Industrie- und Handelskammern (IHKs) und die DIHK begleiten diesen wichtigen Zeitpunkt der Mitglieds-Unternehmen erneut mit einer gro\u00df angelegten, bundesweiten Werbekampagne, an der sich auch die IHK Mittlerer Niederrhein beteiligt. Mit starken Botschaften wie \u201eWir [&hellip;]<\/p>\n","protected":false},"author":3,"featured_media":0,"comment_status":"closed","ping_status":"closed","sticky":false,"template":"","format":"standard","meta":{"_et_pb_use_builder":"","_et_pb_old_content":"","_et_gb_content_width":"","footnotes":""},"categories":[1],"tags":[],"class_list":["post-4936","post","type-post","status-publish","format-standard","hentry","category-allgemein"],"_links":{"self":[{"href":"https:\/\/standort-niederrhein.de\/en\/wp-json\/wp\/v2\/posts\/4936","targetHints":{"allow":["GET"]}}],"collection":[{"href":"https:\/\/standort-niederrhein.de\/en\/wp-json\/wp\/v2\/posts"}],"about":[{"href":"https:\/\/standort-niederrhein.de\/en\/wp-json\/wp\/v2\/types\/post"}],"author":[{"embeddable":true,"href":"https:\/\/standort-niederrhein.de\/en\/wp-json\/wp\/v2\/users\/3"}],"replies":[{"embeddable":true,"href":"https:\/\/standort-niederrhein.de\/en\/wp-json\/wp\/v2\/comments?post=4936"}],"version-history":[{"count":1,"href":"https:\/\/standort-niederrhein.de\/en\/wp-json\/wp\/v2\/posts\/4936\/revisions"}],"predecessor-version":[{"id":4937,"href":"https:\/\/standort-niederrhein.de\/en\/wp-json\/wp\/v2\/posts\/4936\/revisions\/4937"}],"wp:attachment":[{"href":"https:\/\/standort-niederrhein.de\/en\/wp-json\/wp\/v2\/media?parent=4936"}],"wp:term":[{"taxonomy":"category","embeddable":true,"href":"https:\/\/standort-niederrhein.de\/en\/wp-json\/wp\/v2\/categories?post=4936"},{"taxonomy":"post_tag","embeddable":true,"href":"https:\/\/standort-niederrhein.de\/en\/wp-json\/wp\/v2\/tags?post=4936"}],"curies":[{"name":"wp","href":"https:\/\/api.w.org\/{rel}","templated":true}]}}