{"id":4934,"date":"2024-09-22T07:00:00","date_gmt":"2024-09-22T05:00:00","guid":{"rendered":"https:\/\/invest-in-niederrhein.de\/?p=4934"},"modified":"2024-09-25T13:52:45","modified_gmt":"2024-09-25T11:52:45","slug":"315-000-euro-zur-staerkung-der-laendlichen-raeume-ministerin-gorissen-ueberreicht-foerderbescheide-im-kreis-kleve","status":"publish","type":"post","link":"https:\/\/standort-niederrhein.de\/en\/2024\/09\/22\/315-000-euro-zur-staerkung-der-laendlichen-raeume-ministerin-gorissen-ueberreicht-foerderbescheide-im-kreis-kleve\/","title":{"rendered":"315.000 Euro zur St\u00e4rkung der l\u00e4ndlichen R\u00e4ume: Ministerin Gori\u00dfen \u00fcberreicht F\u00f6rderbescheide im Kreis Kleve"},"content":{"rendered":"\n<p><strong>NRW\/ Kreis Kleve.<\/strong> Die l\u00e4ndlichen Regionen Nordrhein-Westfalens erstrecken sich \u00fcber zwei Drittel der Landesfl\u00e4che. Die l\u00e4ndlichen R\u00e4ume sind Wohnort und Lebensmittelpunkt vieler Menschen und vermitteln ihnen ein Gef\u00fchl der Heimat. Die Landesregierung setzt sich daher f\u00fcr starke und lebendige D\u00f6rfer, Kommunen und dortige Einrichtungen ein. In diesem Rahmen hat Landwirtschaftsministerin Silke Gori\u00dfen am Montag, 16.\u00a0September, vier F\u00f6rderbescheide in H\u00f6he von insgesamt 315.000 Euro in Weeze, Goch und Kalkar \u00fcberreicht.<\/p>\n\n\n\n<p>Ministerin Silke Gori\u00dfen: \u201eDie l\u00e4ndlichen R\u00e4ume in Nordrhein-Westfalen sind ein Wohn- und Lebensmittelpunkt vieler Menschen und die Landesregierung investiert in die Zukunftsf\u00e4higkeit unserer D\u00f6rfer, damit sie weiterhin lebenswert und attraktiv bleiben \u2013 so auch im Kreis Kleve. In Wemb wird mit Unterst\u00fctzung des Landes eine Aussichtsplattform errichtet und so entsteht dort ein weiteres, sch\u00f6nes Ausflugsziel in der Region. In Hassum wird das Dach des Dorfgemeinschaftshauses saniert und energetisch auf den neuesten Stand gebracht.\u201c Die Ministerin weiter: \u201eEs freut mich ebenfalls, dass mit Hilfe der Landesf\u00f6rderung im linksrheinischen Kalkar ein neuer, moderner Bolzplatz errichtet wird und in Niederm\u00f6rmter ein neuer Spielplatz entsteht \u2013 ein gr\u00fcnes Herzst\u00fcck, das nicht nur Kinder, sondern auch Eltern und Gro\u00dfeltern anziehen wird. Wir schaffen damit mehr Lebensqualit\u00e4t f\u00fcr die Menschen vor Ort.\u201c&nbsp;<\/p>\n\n\n\n<h4 class=\"wp-block-heading\"><strong>Errichtung einer Aussichtsplattform in Wemb<\/strong><\/h4>\n\n\n\n<p>Der erste F\u00f6rderbescheid in H\u00f6he von rund 15.000 Euro geht an den Verein \u201eWir f\u00fcr Wemb e.V.\u201c. Ziel der Ma\u00dfnahme ist die Errichtung einer Aussichtsplattform an der h\u00f6chsten Stelle von Weeze in Wemb.<\/p>\n\n\n\n<p>\u201eEs ist eine gro\u00dfe Freude zu sehen, wie das Engagement des Vereins \u201aWir f\u00fcr Wemb\u2018 durch den F\u00f6rderbescheid von Ministerin Silke Gori\u00dfen&nbsp;gew\u00fcrdigt wird\u201c, so Georg Koenen, B\u00fcrgermeister der Gemeinde&nbsp;<a href=\"https:\/\/rp-online.de\/thema\/weeze\/\" target=\"_blank\" rel=\"noreferrer noopener\">Weeze<\/a>.&nbsp;\u201eDieses Projekt am h\u00f6chsten Punkt in Wemb wird nicht nur unsere Gemeinde bereichern, sondern auch das Zusammengeh\u00f6rigkeitsgef\u00fchl st\u00e4rken. Ich bin gespannt auf die positiven Impulse, die daraus entstehen werden.\u201c<\/p>\n\n\n\n<p>Ute Kaiser, Vorstandsmitglied \u201eWir f\u00fcr Wemb e.V.\u201c: \u201eAls sich der Verein \u201aWir f\u00fcr Wemb e.V.\u2018 im Jahr 2018 gegr\u00fcndet hat, war eines unserer Ziele, unser Dorf Wemb in eine gute und lebenswerte Zukunft zu f\u00fchren. Die geplante Aussichtsplattform ist ein weiterer Baustein in unserer Zielsetzung. Hiervon werden die Wember, Besucher und touristischen Radfahrer und Wanderer profitieren. Gleichzeitig erf\u00e4hrt Wemb eine Aufwertung, insbesondere durch die Sitzm\u00f6glichkeiten, die zu einer kleinen Rast einladen und die erkl\u00e4renden mehrsprachigen Info-Tafeln. Darauf wird das Thema \u201evon der Industrie zur Natur\u201c \u2013 Auskiesung und Renaturierung der Fl\u00e4chen und darin angesiedelte Flora und Fauna \u2013 dargestellt. Durch die Bewilligung der F\u00f6rderung und die Umsetzung des Bauprojekts wird der h\u00f6chste Punkt von Weeze in Wemb als Landmarke in die analoge und digitale Kartografie aufgenommen und wird so ein grenz\u00fcberschreitendes Ausflugsziel f\u00fcr Wanderer und Radfahrer in den Regionen Niederrhein und Limburg.\u201c<\/p>\n\n\n\n<h4 class=\"wp-block-heading\"><strong>Erneuerung des Dachs eines Dorfgemeinschaftshauses in Hassum<\/strong><\/h4>\n\n\n\n<p>Die St. Willibrord-Sch\u00fctzenbruderschaft Hassum e.V. hat einen F\u00f6rderbescheid in H\u00f6he von rund 49.000 Euro f\u00fcr die Dachsanierung des Dorfgemeinschaftshauses Hassum erhalten. Stephan Luyven, Vorstand der St. Willibrord-Sch\u00fctzenbruderschaft Hassum e.V.: \u201eDurch die F\u00f6rderung des Landes aus dem Programm Struktur- und Dorfentwicklung\u2018 kann die das Dorfhaus Hassum zukunftsf\u00e4hig gemacht werden. Mit der Erneuerung der Dachhaut ist nicht nur eine bauliche Verbesserung verbunden, sondern auch eine erhebliche Energieeinsparung durch weitere D\u00e4mmungen.\u201c&nbsp;<\/p>\n\n\n\n<h4 class=\"wp-block-heading\"><strong>Neugestaltung eines Spielplatzes und neuer Bolzplatz in Kalkar<\/strong><\/h4>\n\n\n\n<p>Zwei F\u00f6rderbescheide \u00fcber rund 251.000 Euro sind an die Stadt Kalkar gegangen. Knapp 153.000 Euro werden f\u00fcr einen Bolzplatz, neudeutsch \u201eSportcage\u201c, beigesteuert. Des Weiteren wird im Ortsteil Niederm\u00f6rmter mit knapp 98.000 Euro der Spielplatz Kirchenacker umgestaltet.<\/p>\n\n\n\n<p>Dr. Britta Schulz, B\u00fcrgermeisterin der Stadt Kalkar: \u201eGerade aus der Umsetzung von Infrastrukturprojekten sind F\u00f6rdermittel nicht mehr wegzudenken, weil sie eben einen Teil der Finanzierung \u00fcbernehmen. Insofern freuen wir uns sehr, dass wir diese Mittel f\u00fcr die Umsetzung des Spielplatzes und des Bewegungsraums erhalten.\u201c<\/p>\n\n\n\n<h4 class=\"wp-block-heading\"><strong>\u00dcber 26 Millionen Euro F\u00f6rdermittel zur l\u00e4ndlichen Entwicklung<\/strong><\/h4>\n\n\n\n<p>Dank der \u00fcber 26 Millionen Euro F\u00f6rdermittel von Bund und Land f\u00fcr 239 Projekte werden Gesamtinvestitionen in H\u00f6he von knapp 61 Millionen Euro angesto\u00dfen. Diese sollen die soziale und wirtschaftliche Infrastruktur in den D\u00f6rfern Nordrhein-Westfalens verbessern. Die Vielfalt der F\u00f6rderma\u00dfnahmen spiegelt insgesamt auch Entwicklungspotentiale und Bedarfe der l\u00e4ndlichen R\u00e4ume wider. So nehmen die F\u00f6rderung von d\u00f6rflichen Infrastrukturen sowie Projekte der Daseinsvorsorge weiterhin einen wichtigen Platz auf der Liste der Ma\u00dfnahmen ein. Mindestens 90 Prozent der F\u00f6rdersumme wird f\u00fcr Projekte aufgewendet, die der Dorfgemeinschaft und dem gesellschaftlichen Zusammenleben zu Gute kommt.<\/p>\n\n\n\n<p>Quelle: <a href=\"https:\/\/www.land.nrw\/pressemitteilung\/315000-euro-zur-staerkung-der-laendlichen-raeume-ministerin-gorissen-ueberreicht\">Land NRW<\/a><\/p>\n","protected":false},"excerpt":{"rendered":"<p>NRW\/ Kreis Kleve. Die l\u00e4ndlichen Regionen Nordrhein-Westfalens erstrecken sich \u00fcber zwei Drittel der Landesfl\u00e4che. Die l\u00e4ndlichen R\u00e4ume sind Wohnort und Lebensmittelpunkt vieler Menschen und vermitteln ihnen ein Gef\u00fchl der Heimat. Die Landesregierung setzt sich daher f\u00fcr starke und lebendige D\u00f6rfer, Kommunen und dortige Einrichtungen ein. In diesem Rahmen hat Landwirtschaftsministerin Silke Gori\u00dfen am Montag, 16.\u00a0September, [&hellip;]<\/p>\n","protected":false},"author":3,"featured_media":0,"comment_status":"closed","ping_status":"closed","sticky":false,"template":"","format":"standard","meta":{"_et_pb_use_builder":"","_et_pb_old_content":"","_et_gb_content_width":"","footnotes":""},"categories":[1],"tags":[],"class_list":["post-4934","post","type-post","status-publish","format-standard","hentry","category-allgemein"],"_links":{"self":[{"href":"https:\/\/standort-niederrhein.de\/en\/wp-json\/wp\/v2\/posts\/4934","targetHints":{"allow":["GET"]}}],"collection":[{"href":"https:\/\/standort-niederrhein.de\/en\/wp-json\/wp\/v2\/posts"}],"about":[{"href":"https:\/\/standort-niederrhein.de\/en\/wp-json\/wp\/v2\/types\/post"}],"author":[{"embeddable":true,"href":"https:\/\/standort-niederrhein.de\/en\/wp-json\/wp\/v2\/users\/3"}],"replies":[{"embeddable":true,"href":"https:\/\/standort-niederrhein.de\/en\/wp-json\/wp\/v2\/comments?post=4934"}],"version-history":[{"count":1,"href":"https:\/\/standort-niederrhein.de\/en\/wp-json\/wp\/v2\/posts\/4934\/revisions"}],"predecessor-version":[{"id":4935,"href":"https:\/\/standort-niederrhein.de\/en\/wp-json\/wp\/v2\/posts\/4934\/revisions\/4935"}],"wp:attachment":[{"href":"https:\/\/standort-niederrhein.de\/en\/wp-json\/wp\/v2\/media?parent=4934"}],"wp:term":[{"taxonomy":"category","embeddable":true,"href":"https:\/\/standort-niederrhein.de\/en\/wp-json\/wp\/v2\/categories?post=4934"},{"taxonomy":"post_tag","embeddable":true,"href":"https:\/\/standort-niederrhein.de\/en\/wp-json\/wp\/v2\/tags?post=4934"}],"curies":[{"name":"wp","href":"https:\/\/api.w.org\/{rel}","templated":true}]}}