{"id":4929,"date":"2024-09-28T06:00:00","date_gmt":"2024-09-28T04:00:00","guid":{"rendered":"https:\/\/invest-in-niederrhein.de\/?p=4929"},"modified":"2024-09-24T11:39:03","modified_gmt":"2024-09-24T09:39:03","slug":"stadt-stellt-quartiersmanagement-auf-neue-beine","status":"publish","type":"post","link":"https:\/\/standort-niederrhein.de\/en\/2024\/09\/28\/stadt-stellt-quartiersmanagement-auf-neue-beine\/","title":{"rendered":"Stadt stellt Quartiersmanagement auf neue Beine"},"content":{"rendered":"\n<p><strong>M\u00f6nchengladbach.<\/strong> Die Verwaltung m\u00f6chte die Stadtteilarbeit in Rheydt und weiteren Quartieren st\u00e4rken und verstetigen. Daf\u00fcr soll das Quartiersmanagement, das bislang extern vergeben ist, ab 2025 aus der Verwaltung selbst betrieben werden. In der Stabsstelle Stadtteilkoordination sind f\u00fcr diese Aufgabe im Stellenplan 2025 zwei zus\u00e4tzliche Stellen vorgesehen. Die Pl\u00e4ne zur Kommunalisierung des bisherigen Quartiersmanagements Rheydt durchlaufen derzeit die politischen Gremien. Eine Entscheidung f\u00e4llt am 10. Oktober der Rat.<\/p>\n\n\n\n<p>Die Stadtteilkoordination und das Quartiersmanagement weisen schon heute gro\u00dfe Schnittmengen in ihrer Arbeit auf. Durch die geplanten Ver\u00e4nderungen sollen Doppelstrukturen abgebaut und die Arbeit mit den Akteuren, Initiativen und B\u00fcrgerinnen und B\u00fcrgern im Quartier auf effizientere Beine gestellt werden. Zugleich wird sie als dauerhafte Aufgabe in der Verwaltung verankert. Auch Synergieeffekte zwischen der Arbeit der Sozialplanung und der Stadtteilkoordination sollen gehoben werden. Geplant ist, dass die Stabsstelle Sozialplanung um die Stadtteilkoordination erg\u00e4nzt wird. So wird die Entwicklung der Quartiere und Nachbarschaften ganzheitlich betrachtet und die Aufgaben der Planung, Konzeptionierung, F\u00f6rderung und Vor-Ort-Arbeit k\u00f6nnen verbunden werden.<\/p>\n\n\n\n<p>F\u00fcr Oberb\u00fcrgermeister Felix Heinrichs hat das Aufgabenfeld des Quartiersmanagements in einer b\u00fcrgernahen Verwaltung eine gro\u00dfe Bedeutung: &#8220;Die wichtige Netzwerk- und Beteiligungsarbeit an der Schnittstelle zwischen B\u00fcrgerschaft und Verwaltung ist f\u00fcr uns nicht mehr wegzudenken. Deswegen richten wir diesen Aufgabenbereich jetzt neu aus und schaffen die Voraussetzungen f\u00fcr viele weitere erfolgreiche Jahre Quartiersarbeit. Dem bisher verantwortlichen Team Stadtentwicklung und den engagierten Quartiersmanagerinnen und Quartiersmanagern vom SKM Rheydt m\u00f6chte ich an dieser Stelle ganz herzlich f\u00fcr ihren leidenschaftlichen Einsatz und die gute Arbeit der vergangenen Jahre danken!&#8221;<\/p>\n\n\n\n<p>Von der Baustellenbegleitung zur Daueraufgabe Die Funktion des Quartiersmanagements kam in Rheydt im Zuge des St\u00e4dtebauf\u00f6rderprogramms Soziale Stadt Rheydt auf. In Gladbach und Westend, wo die &#8220;Soziale Stadt&#8221; noch bis 2027 l\u00e4uft, arbeitet das Quartiersmanagement auch weiterhin mit Fokus auf der Beteiligung bei Bauprojekten und wird mit dem Geld aus der St\u00e4dtebauf\u00f6rderung bezahlt. In Rheydt hingegen wird das Quartiersmanagement bereits seit 2022 aus st\u00e4dtischen Eigenmitteln finanziert. Der aktuelle Auftrag an das SKM Rheydt l\u00e4uft Ende 2024 aus.<\/p>\n\n\n\n<p>Die Stadtteilkoordination wurde 2017 zun\u00e4chst mit dem Fokus auf die Gladbacher Altstadt eingerichtet. Sp\u00e4ter verlagerte sich ein Schwerpunkt der Arbeit auf das Zentrum von Rheydt. Seit 2022 z\u00e4hlt es zu den Aufgaben der Stadtteilkoordinatoren Marius M\u00fcller und Anka Stelter, den Rheydter Wochenmarkt weiterzuentwickeln und zu bespielen. Aber auch vermehrte Anfragen f\u00fcr die Unterst\u00fctzung b\u00fcrgerschaftlicher Projekte erreichen die Stabsstelle, auch aus Stadtteilen au\u00dferhalb der bisherigen Einsatzgebiete und aus der Verwaltung selbst.<\/p>\n\n\n\n<p>Aufgabenschwerpunkte einer erweiterten Stabsstelle Stadtteilkoordination in Rheydt und auch in anderen Stadtteilen sollen darin liegen, Begegnungsorte, -anl\u00e4sse und -m\u00f6glichkeiten zu schaffen und das Gemeinwesen im Quartier zu st\u00e4rken. Mit Akteuren, Bewohnerinnen und Bewohnern pflegt die Stadtteilkoordination Netzwerke und ber\u00e4t zum Aufbau von Strukturen zur Selbstorganisation. Auch soziokulturelle Projekte und Stadtteilkonferenzen werden initiiert oder unterst\u00fctzt.<\/p>\n\n\n\n<p>Quelle: <a href=\"http:\/\/www.moenchengladbach.de\">Stadt M\u00f6nchengladbach<\/a><\/p>\n","protected":false},"excerpt":{"rendered":"<p>M\u00f6nchengladbach. Die Verwaltung m\u00f6chte die Stadtteilarbeit in Rheydt und weiteren Quartieren st\u00e4rken und verstetigen. Daf\u00fcr soll das Quartiersmanagement, das bislang extern vergeben ist, ab 2025 aus der Verwaltung selbst betrieben werden. In der Stabsstelle Stadtteilkoordination sind f\u00fcr diese Aufgabe im Stellenplan 2025 zwei zus\u00e4tzliche Stellen vorgesehen. Die Pl\u00e4ne zur Kommunalisierung des bisherigen Quartiersmanagements Rheydt durchlaufen [&hellip;]<\/p>\n","protected":false},"author":3,"featured_media":0,"comment_status":"closed","ping_status":"closed","sticky":false,"template":"","format":"standard","meta":{"_et_pb_use_builder":"","_et_pb_old_content":"","_et_gb_content_width":"","footnotes":""},"categories":[1],"tags":[],"class_list":["post-4929","post","type-post","status-publish","format-standard","hentry","category-allgemein"],"_links":{"self":[{"href":"https:\/\/standort-niederrhein.de\/en\/wp-json\/wp\/v2\/posts\/4929","targetHints":{"allow":["GET"]}}],"collection":[{"href":"https:\/\/standort-niederrhein.de\/en\/wp-json\/wp\/v2\/posts"}],"about":[{"href":"https:\/\/standort-niederrhein.de\/en\/wp-json\/wp\/v2\/types\/post"}],"author":[{"embeddable":true,"href":"https:\/\/standort-niederrhein.de\/en\/wp-json\/wp\/v2\/users\/3"}],"replies":[{"embeddable":true,"href":"https:\/\/standort-niederrhein.de\/en\/wp-json\/wp\/v2\/comments?post=4929"}],"version-history":[{"count":1,"href":"https:\/\/standort-niederrhein.de\/en\/wp-json\/wp\/v2\/posts\/4929\/revisions"}],"predecessor-version":[{"id":4930,"href":"https:\/\/standort-niederrhein.de\/en\/wp-json\/wp\/v2\/posts\/4929\/revisions\/4930"}],"wp:attachment":[{"href":"https:\/\/standort-niederrhein.de\/en\/wp-json\/wp\/v2\/media?parent=4929"}],"wp:term":[{"taxonomy":"category","embeddable":true,"href":"https:\/\/standort-niederrhein.de\/en\/wp-json\/wp\/v2\/categories?post=4929"},{"taxonomy":"post_tag","embeddable":true,"href":"https:\/\/standort-niederrhein.de\/en\/wp-json\/wp\/v2\/tags?post=4929"}],"curies":[{"name":"wp","href":"https:\/\/api.w.org\/{rel}","templated":true}]}}